{"id":10026,"date":"2024-05-30T13:29:50","date_gmt":"2024-05-30T16:29:50","guid":{"rendered":"https:\/\/www.sportchaco.com.ar\/?p=10026"},"modified":"2024-05-30T13:29:50","modified_gmt":"2024-05-30T16:29:50","slug":"el-brenense-matias-pikaluk-en-el-plantel-de-argentina-para-la-americup-u18-masculina","status":"publish","type":"post","link":"https:\/\/www.sportchaco.com.ar\/?p=10026","title":{"rendered":"El bre\u00f1ense Mat\u00edas Pikaluk en el plantel de Argentina para la AmeriCup U18 masculina"},"content":{"rendered":"<figure><img decoding=\"async\" class=\"imgDetalle\" src=\"https:\/\/canalsomosuno.tv\/uploads\/images\/noticias\/6657987eeb402099702557.png\" alt=\"img-El bre\u00f1ense Mat\u00edas Pikaluk en el plantel de Argentina para la AmeriCup U18 masculina\" \/><\/figure>\n<div>\n<div class=\"enlaceRedes justify-content-start align-items-start text-start\">\n<p>&nbsp;<\/p>\n<\/div>\n<h2><\/h2>\n<div><\/div>\n<p>A cinco d\u00edas del comienzo de la AmeriCup U18 masculina, el cuerpo t\u00e9cnico que encabeza Mauro Polla defini\u00f3 este mi\u00e9rcoles a los 12 jugadores que representar\u00e1n al pa\u00eds en la cita continental que se desarrollar\u00e1 del 3 al 9 de junio en las instalaciones del club Obras Sanitarias en Buenos Aires. Entre los 12, quedo el bre\u00f1ense Mat\u00edas Pikaluk (actualmente en Quimsa de Santiago del Estero), hijo del recordado Luis, fallecido tiempo atr\u00e1s, y que integrara los planteles de Social Las Bre\u00f1as y Espa\u00f1ola, entre otros clubes. El certamen otorga cuatro plazas para la Copa del Mundo U19 del a\u00f1o pr\u00f3ximo y se podr\u00e1 ver exclusivamente a trav\u00e9s de Basquet Pass.<\/p>\n<p>La n\u00f3mina est\u00e1 compuesta por ocho de los 12 campeones sudamericanos que se consagraron el a\u00f1o pasado en Valledupar, Colombia, incluyendo el MVP Felipe Minzer y a Facundo Sucatzky, elegido en el quinteto ideal del torneo. El plantel tiene una estatura promedio de 1,98m y presenta siete jugadores que militan en el exterior, tres de ellos clase 2007, es decir, que dan un a\u00f1o de ventaja con respecto al resto de la competencia. Los cuatro desafectados con respecto a la lista original fueron Octavio Donzino, Fabricio D\u00edaz, Viktor Bender y el\u00a0<strong>oriundo de Corzuela, Jorge D\u00edaz Gim\u00e9nez.<\/strong><\/p>\n<p>En la cita internacional, Argentina integrar\u00e1 el Grupo B junto a Estados Unidos, Belice y Brasil. Luego de una fase de grupos de tres partidos, todos los equipos clasificar\u00e1n a los cuartos de final donde comenzar\u00e1 la fase de eliminaci\u00f3n y se definir\u00e1 el boleto al Mundial U19.<\/p>\n<p><strong>SELECCI\u00d3N ARGENTINA U18 MASCULINA &#8211; AmeriCup de Buenos Aires<\/strong><\/p>\n<p>#0 Alonso Easterling | Ala-Pivote | 2,10 | 2006 | Peninsula Cathilic High School (EEUU)<\/p>\n<p>#1 Tyler Kropp | Pivote | 2,04 | 2007 | All Ohio Red EYBL (EEUU)<\/p>\n<p>#6 Thiago Sucatzky | Base | 1,80 | 2006 | Divine Savior Academy (EEUU)<\/p>\n<p>#7 Tom\u00e1s Fern\u00e1ndez Lang | Alero | 1,99 | 2006 | Derthona Basketball (ITA)<\/p>\n<p><strong>#9 Mat\u00edas Pikaluk | Escolta | 1,91 | 2006 | Quimsa<\/strong><\/p>\n<p>#11 Felipe Minzer | Escolta | 2,01 | 2007 | Casademont Zaragoza (ESP)<\/p>\n<p>#12 Bruno Far\u00edas | Base | 1,81 | 2006 | Derthona Basketball (ITA)<\/p>\n<p>#13 Albano Costa | Base | 1,94 | 2006 | 9 de Julio de Bah\u00eda Blanca<\/p>\n<p>#14 Patricio Cogliati | Ala-Pivote | 2,06 | 2006 | Quimsa<\/p>\n<p>#15 Nichol\u00e1s Petri | Pivote | 2,11 | 2006 | Obras Sanitarias<\/p>\n<p>#18 Joaqu\u00edn Folmer Gassmann | Alero | 1,94 | 2006 | San Mart\u00edn de Corrientes<\/p>\n<p>#22 Iv\u00e1n Prato | Ala-Pivote | 2,10 | 2007 | Pallacanestro Varese (ITA)<\/p>\n<p>STAFF<\/p>\n<p>Entrenador Principal: Mauro Polla<\/p>\n<p>Asistente: Mariano Marcos<\/p>\n<p>Asistente: Mauricio Sant\u00e1ngelo<\/p>\n<p>Asistente: Guido Lombardi<\/p>\n<p>Entrenador Invitado: Nicol\u00e1s Boeri<\/p>\n<p>Preparador F\u00edsico: Lucas \u00c1lvarez Duran<\/p>\n<p>Kinesi\u00f3logo: Gabriel Sarfati<\/p>\n<p>M\u00e9dico: Gustavo Sarfati<\/p>\n<p>Utilero: Fernando Kifel<\/p>\n<p>Team Manager: Karina Rodr\u00edguez<\/p>\n<p>FIXTURE:<\/p>\n<p>Lunes 03\/06 &#8211; 20.10hs &#8211; Argentina vs Estados Unidos<\/p>\n<p>Martes 04\/06 &#8211; 20.10hs &#8211; Brasil vs Argentina<\/p>\n<p>Mi\u00e9rcoles 05\/06 &#8211; 20.10hs &#8211; Argentina vs Belice<\/p>\n<p>ENTRADAS:<\/p>\n<p>TuEntrada.com<\/p>\n<p><em>FOTO: Mat\u00edas Pikaluk al lado del entrenador principal: Mauro Polla<\/em><\/p>\n<\/div>\n<p><img loading=\"lazy\" decoding=\"async\" class=\"alignnone size-medium wp-image-9818 aligncenter\" src=\"https:\/\/www.sportchaco.com.ar\/wp-content\/uploads\/2024\/05\/gobierno-paisaje-300x116.png\" alt=\"\" width=\"300\" height=\"116\" srcset=\"https:\/\/www.sportchaco.com.ar\/wp-content\/uploads\/2024\/05\/gobierno-paisaje-300x116.png 300w, https:\/\/www.sportchaco.com.ar\/wp-content\/uploads\/2024\/05\/gobierno-paisaje-768x297.png 768w, https:\/\/www.sportchaco.com.ar\/wp-content\/uploads\/2024\/05\/gobierno-paisaje.png 800w\" sizes=\"auto, (max-width: 300px) 100vw, 300px\" \/><\/p>\n","protected":false},"excerpt":{"rendered":"<p>&nbsp; A cinco d\u00edas del comienzo de la AmeriCup U18 masculina, el cuerpo t\u00e9cnico que encabeza Mauro Polla defini\u00f3 este mi\u00e9rcoles a los 12 jugadores que representar\u00e1n al pa\u00eds en la cita continental que se desarrollar\u00e1 del 3 al 9 de junio en las instalaciones del club Obras Sanitarias en Buenos Aires. Entre los 12, &hellip;<\/p>\n","protected":false},"author":2,"featured_media":10027,"comment_status":"open","ping_status":"open","sticky":false,"template":"","format":"standard","meta":{"footnotes":""},"categories":[3],"tags":[],"class_list":["post-10026","post","type-post","status-publish","format-standard","has-post-thumbnail","hentry","category-basquetbol"],"_links":{"self":[{"href":"https:\/\/www.sportchaco.com.ar\/index.php?rest_route=\/wp\/v2\/posts\/10026","targetHints":{"allow":["GET"]}}],"collection":[{"href":"https:\/\/www.sportchaco.com.ar\/index.php?rest_route=\/wp\/v2\/posts"}],"about":[{"href":"https:\/\/www.sportchaco.com.ar\/index.php?rest_route=\/wp\/v2\/types\/post"}],"author":[{"embeddable":true,"href":"https:\/\/www.sportchaco.com.ar\/index.php?rest_route=\/wp\/v2\/users\/2"}],"replies":[{"embeddable":true,"href":"https:\/\/www.sportchaco.com.ar\/index.php?rest_route=%2Fwp%2Fv2%2Fcomments&post=10026"}],"version-history":[{"count":1,"href":"https:\/\/www.sportchaco.com.ar\/index.php?rest_route=\/wp\/v2\/posts\/10026\/revisions"}],"predecessor-version":[{"id":10028,"href":"https:\/\/www.sportchaco.com.ar\/index.php?rest_route=\/wp\/v2\/posts\/10026\/revisions\/10028"}],"wp:featuredmedia":[{"embeddable":true,"href":"https:\/\/www.sportchaco.com.ar\/index.php?rest_route=\/wp\/v2\/media\/10027"}],"wp:attachment":[{"href":"https:\/\/www.sportchaco.com.ar\/index.php?rest_route=%2Fwp%2Fv2%2Fmedia&parent=10026"}],"wp:term":[{"taxonomy":"category","embeddable":true,"href":"https:\/\/www.sportchaco.com.ar\/index.php?rest_route=%2Fwp%2Fv2%2Fcategories&post=10026"},{"taxonomy":"post_tag","embeddable":true,"href":"https:\/\/www.sportchaco.com.ar\/index.php?rest_route=%2Fwp%2Fv2%2Ftags&post=10026"}],"curies":[{"name":"wp","href":"https:\/\/api.w.org\/{rel}","templated":true}]}}