{"id":10047,"date":"2024-05-30T22:43:24","date_gmt":"2024-05-31T01:43:24","guid":{"rendered":"https:\/\/www.sportchaco.com.ar\/?p=10047"},"modified":"2024-05-30T22:43:24","modified_gmt":"2024-05-31T01:43:24","slug":"libertadores-san-lorenzo-igualo-0-0-con-palmeiras-y-clasifico-a-los-octavos","status":"publish","type":"post","link":"https:\/\/www.sportchaco.com.ar\/?p=10047","title":{"rendered":"Libertadores: San Lorenzo igual\u00f3 0-0 con Palmeiras  y  clasific\u00f3 a los octavos"},"content":{"rendered":"<header class=\"article-header-wrapper\">\n<div class=\"article-header \">\n<h1 id=\"san-lorenzo-igualo-0-0-con-palmeiras-en-brasil-y-se-clasifico-a-los-octavos-de-la-copa-libertadores\" class=\"article-headline left \"><span style=\"font-size: 16px; font-weight: 400;\">30-05-2024<\/span><\/h1>\n<h2 class=\"article-subheadline left \">El Cicl\u00f3n depend\u00eda de si mismo ante el Verd\u00e3o en la \u00faltima fecha del Grupo F. Logr\u00f3 el punto necesario y se meti\u00f3 entre los 16 mejores del torneo<\/h2>\n<\/div>\n<\/header>\n<article class=\"article\">\n<div class=\"sharebar-container\">\n<div class=\"sharebar-buttons-container\">\n<div class=\"sharebar-buttons button-save\" tabindex=\"0\" role=\"button\" aria-label=\"Guardar\"><\/div>\n<div class=\"sharebar-buttons-separator\"><\/div>\n<p><button class=\"sharemenu-buttons\" aria-label=\"Compartir en Telegram\"><\/button><button class=\"sharemenu-buttons\" aria-label=\"Compartir en Linkedin\"><\/button><button class=\"sharemenu-buttons\" aria-label=\"Compartir en Twitter\"><\/button><button class=\"sharemenu-buttons\" aria-label=\"Compartir en Whatsapp\"><\/button><button class=\"sharemenu-buttons\" aria-label=\"Compartir en Facebook\"><\/button><\/div>\n<\/div>\n<div class=\"body-article\">\n<div class=\"rawHTML raw_html \">\n<div class=\"container-video\"><\/div>\n<\/div>\n<div class=\"rawHTML raw_html \">\n<div id=\"Opta_0\" class=\"Opta Opta_F_TL_container Opta-Wide\">\n<div class=\"Opta_W Opta_F_TL Opta_F Opta_F_TL_N\">\n<h2><span class=\"Opta-Title\">L\u00ednea de tiempo<\/span><\/h2>\n<div class=\"Opta-Cf  Opta-Crested\" data-period=\"FullTime\" data-match=\"2437849\" data-date=\"1717106400000\">\n<table class=\"Opta-MatchHeader Opta-MatchHeader-Crested\">\n<tbody>\n<tr>\n<td class=\"Opta-Crest Opta-Home Opta-Team-625\"><span class=\"Opta-Image-Holder  Opta-Image-Team Opta-Image-Team-625 Opta-Image-Medium\"><img decoding=\"async\" class=\" Opta-Image-Team-Medium\" title=\"Palmeiras\" src=\"https:\/\/omo.akamai.opta.net\/image.php?secure=true&amp;h=omo.akamai.opta.net&amp;sport=football&amp;entity=team&amp;description=badges&amp;dimensions=65&amp;id=625\" alt=\"Palmeiras\" \/><\/span><\/p>\n<div class=\"Opta-TeamFormation\">4-2-3-1<\/div>\n<\/td>\n<td class=\"Opta-Team Opta-Home Opta-Team-Left Opta-TeamName Opta-Team-625  \">Palmeiras<\/td>\n<td class=\"Opta-Score Opta-Home Opta-Team-625 Opta-Team-Left  \"><span class=\"Opta-Team-Score \">0<\/span><\/td>\n<td class=\"Opta-Divider Opta-Dash\">&#8211;<\/td>\n<td class=\"Opta-Score Opta-Away Opta-Team-2549 Opta-Team-Right  \"><span class=\"Opta-Team-Score \">0<\/span><\/td>\n<td class=\"Opta-Team Opta-Away Opta-Team-Right Opta-TeamName Opta-Team-2549  \">San Lorenzo<\/td>\n<td class=\"Opta-Crest Opta-Away Opta-Team-2549\"><span class=\"Opta-Image-Holder  Opta-Image-Team Opta-Image-Team-2549 Opta-Image-Medium\"><img decoding=\"async\" class=\" Opta-Image-Team-Medium\" title=\"San Lorenzo\" src=\"https:\/\/omo.akamai.opta.net\/image.php?secure=true&amp;h=omo.akamai.opta.net&amp;sport=football&amp;entity=team&amp;description=badges&amp;dimensions=65&amp;id=2549\" alt=\"San Lorenzo\" \/><\/span><\/p>\n<div class=\"Opta-TeamFormation\">3-4-3<\/div>\n<\/td>\n<\/tr>\n<tr class=\"Opta-MatchHeader-Details\">\n<td colspan=\"7\">\n<div><span class=\"Opta-Competition Opta-Comp-420\">CONMEBOL Libertadores<\/span><span class=\"Opta-Date\">jueves 30 mayo 2024<\/span><\/div>\n<\/td>\n<\/tr>\n<\/tbody>\n<\/table>\n<div class=\"Opta-Matchdata\">\n<dl>\n<dt>Estadio<\/dt>\n<dd>Allianz Parque<\/dd>\n<\/dl>\n<p><span style=\"font-weight: bold;\">\u00c1rbitro<\/span><\/p>\n<dl>\n<dd>Felipe Andres Gonzalez Alveal<\/dd>\n<\/dl>\n<\/div>\n<div class=\"Opta-Cf Opta-block\">\n<div class=\"Opta-Time\"><\/div>\n<div class=\"Opta-Cf Opta-Timeline-Bar \">\n<p>&nbsp;<\/p>\n<div class=\"Opta-JS-Tip\"><\/div>\n<div class=\"Opta-JS-Tip\"><\/div>\n<\/div>\n<\/div>\n<\/div>\n<\/div>\n<\/div>\n<\/div>\n<p class=\"paragraph\"><b>San Lorenzo<\/b>\u00a0igual\u00f3\u00a0<b>0-0<\/b>\u00a0con\u00a0<b>Palmeiras\u00a0<\/b>en un partido decisivo este jueves en el\u00a0<i>Allianz Parque<\/i>\u00a0de\u00a0<b>San Pablo<\/b>. En un encuentro con pocas emociones, el empate al equipo argentino le permiti\u00f3 cumplir con el objetivo de garantizar su clasificaci\u00f3n a los octavos de final como segundo del\u00a0<i>Grupo F<\/i>\u00a0de la\u00a0<b>Copa Libertadores<\/b>.\u00a0<i>El Cicl\u00f3n<\/i>\u00a0consigui\u00f3 el punto necesario gracias a la gran labor de su arquero\u00a0<b>Facundo Altamirano<\/b>.<\/p>\n<p class=\"paragraph\">Se midieron en los primeros minutos y tampoco se animaron demasiado ya que\u00a0<b>Palmeiras<\/b>\u00a0ya estaba clasificado y\u00a0<b>San Lorenzo<\/b>\u00a0sabiendo que el empate lo clasifica a los octavos de final. Fricciones y un juego cortado caracterizaron la primera mitad.<\/p>\n<p class=\"paragraph\">Pero a los 35 minutos surgi\u00f3 el alerta para el\u00a0<i>Cicl\u00f3n\u00a0<\/i>ante un gol anulado de<b>\u00a0Gustavo G\u00f3mez<\/b>\u00a0por posici\u00f3n adelantada. El equipo argentino reaccion\u00f3 y en la siguiente tuvo la m\u00e1s clara hasta ese momento con un tiro de\u00a0<b>Eric Remedi\u00a0<\/b>que pas\u00f3 cerca del travesa\u00f1o.<\/p>\n<p class=\"paragraph\">En el complemento el\u00a0<b>Palmeiras<\/b>\u00a0se mostr\u00f3 m\u00e1s punzante y\u00a0<b>Facundo Altamirano<\/b>\u00a0evit\u00f3 el primer tanto de los brasile\u00f1os con una doble intervenci\u00f3n. El guardameta comenz\u00f3 a mostrar su seguridad y reacci\u00f3n para cuidar su valla.<\/p>\n<p class=\"paragraph\">En tanto que\u00a0<b>San Lorenzo<\/b>\u00a0supo esperar en su campo y cuando dispuso de alguna contra avis\u00f3 como en una buena jugada en la que<b>\u00a0Iv\u00e1n Leguizam\u00f3n<\/b>\u00a0mand\u00f3 un buen centro desde la derecha y cabece\u00f3\u00a0<b>Alexis Cuello<\/b>, pero la pelota pic\u00f3 y luego se fue por arriba del travesa\u00f1o.<\/p>\n<div class=\"visual__image\"><img loading=\"lazy\" decoding=\"async\" class=\"\" src=\"https:\/\/www.infobae.com\/new-resizer\/sdGGJBpumHdXilADGzJhIjArGC4=\/420x280\/filters:format(webp):quality(85)\/cloudfront-us-east-1.images.arcpublishing.com\/infobae\/KUGZ2XWX3DRILCZXLEF4U4YQZ4.jpg%20420w\" sizes=\"auto, (min-width: 1560px) 856px, (min-width: 1000px) calc(74.63vw - 293px), (min-width: 780px) calc(100vw - 376px), (min-width: 580px) calc(100vw - 32px), 100vw\" srcset=\"https:\/\/www.infobae.com\/new-resizer\/sdGGJBpumHdXilADGzJhIjArGC4=\/420x280\/filters:format(webp):quality(85)\/cloudfront-us-east-1.images.arcpublishing.com\/infobae\/KUGZ2XWX3DRILCZXLEF4U4YQZ4.jpg 420w,https:\/\/www.infobae.com\/new-resizer\/PDGMbDFWDaGPVH6MOnRBeVK1A8A=\/768x512\/filters:format(webp):quality(85)\/cloudfront-us-east-1.images.arcpublishing.com\/infobae\/KUGZ2XWX3DRILCZXLEF4U4YQZ4.jpg 768w,https:\/\/www.infobae.com\/new-resizer\/gciksVIfwooGQeV1XFzs6XkMBzc=\/992x661\/filters:format(webp):quality(85)\/cloudfront-us-east-1.images.arcpublishing.com\/infobae\/KUGZ2XWX3DRILCZXLEF4U4YQZ4.jpg 992w,https:\/\/www.infobae.com\/new-resizer\/H23jafSMSnZgvmSphaoKiqquCPU=\/1200x800\/filters:format(webp):quality(85)\/cloudfront-us-east-1.images.arcpublishing.com\/infobae\/KUGZ2XWX3DRILCZXLEF4U4YQZ4.jpg 1200w,https:\/\/www.infobae.com\/new-resizer\/jj78WtaNlZwIp0DpnOuA_jdOC2k=\/1440x960\/filters:format(webp):quality(85)\/cloudfront-us-east-1.images.arcpublishing.com\/infobae\/KUGZ2XWX3DRILCZXLEF4U4YQZ4.jpg 1440w\" alt=\"Pelota dividida entre varios rivales. Una postal del duelo en el Allianz Parque (REUTERS\/Carla Carniel)\" width=\"2989\" height=\"2119\" data-src=\"https:\/\/www.infobae.com\/new-resizer\/sdGGJBpumHdXilADGzJhIjArGC4=\/420x280\/filters:format(webp):quality(85)\/cloudfront-us-east-1.images.arcpublishing.com\/infobae\/KUGZ2XWX3DRILCZXLEF4U4YQZ4.jpg 420w\" \/>Pelota dividida entre varios rivales. Una postal del duelo en el Allianz Parque (REUTERS\/Carla Carniel)<\/div>\n<p class=\"paragraph\">A falta de 7 minutos el equipo argentino casi lo pierden con un rechazo de\u00a0<b>Gast\u00f3n Campi<\/b>\u00a0que podr\u00eda haber sido gol en contra. Acto seguido\u00a0<b>Murilo Cerqueira<\/b>\u00a0cabece\u00f3 solo dentro del \u00e1rea, pero\u00a0<b>Altamirano<\/b>\u00a0le ahog\u00f3 el grito.<\/p>\n<p class=\"paragraph\">El\u00a0<i>Cicl\u00f3n<\/i>\u00a0termin\u00f3 en la segunda ubicaci\u00f3n con 8 unidades, lejos del\u00a0<i>Verd\u00e3o\u00a0<\/i>(14), que ya asegur\u00f3 su boleto y busca ser el mejor primero en el certamen continental. Mientras tanto,\u00a0<b>Independiente del Valle<\/b>\u00a0suma 7 ya que venci\u00f3 2-1 a\u00a0<b>Liverpool de Uruguay<\/b>\u00a0que cerr\u00f3 con 4 puntos. Fue un mano a mano en Ecuador donde el ganador pod\u00eda hacer cuentas ante una posible ca\u00edda del elenco argentino.<\/p>\n<p class=\"paragraph\">Los dirigidos por\u00a0<b>Leandro Romagnoli<\/b>\u00a0tuvieron un mal comienzo en la\u00a0<b>Libertadores<\/b>\u00a0con dos derrotas en los primeros tres partidos, pero dos victorias consecutivas lo devolvieron a la pelea para meterse entre los 16 mejores del torneo que supo ganar en 2014.<\/p>\n<p class=\"paragraph\">El conjunto<i>\u00a0Azulgrana<\/i>\u00a0consigui\u00f3 el pase a los octavos de final y aguardar\u00e1 al sorteo del pr\u00f3ximo lunes para conocer su rival en la segunda ronda.<\/p>\n<p class=\"paragraph\">El siguiente desaf\u00edo del\u00a0<i>Cicl\u00f3n<\/i>\u00a0ser\u00e1 este lunes ante\u00a0<b>Sarmiento\u00a0<\/b>como local (19.00) por la cuarta jornada de la\u00a0<b>Liga Profesional<\/b>, mientras que Palmeiras visitar\u00e1 el domingo a Crici\u00fama por la s\u00e9ptima fecha del Brasileirao, donde marcha en la novena colocaci\u00f3n con ocho puntos, producto de dos victorias, dos empates y dos derrotas.<\/p>\n<p class=\"paragraph\"><b>Formaciones:<\/b><\/p>\n<p class=\"paragraph\"><b>Palmeiras<\/b>: Weverton; Marcos Rocha, Gustavo G\u00f3mez, Murilo Cerqueira, Joaqu\u00edn Piquerez; Richard R\u00edos, An\u00edbal Moreno, Luis Guilherme, Raphael Veiga, Estevao; Endrick.\u00a0<b>DT<\/b>: Abel Ferrerira.<\/p>\n<p class=\"paragraph\"><b>San Lorenzo<\/b>: Facundo Altamirano; Agust\u00edn Giay, Gonzalo Luj\u00e1n, Jhohan Roma\u00f1a, Gast\u00f3n Campi, Malcom Braida; Eric Remedi, Eli\u00e1n Irala; Iv\u00e1n Leguizam\u00f3n, Alexis Cuello; y Adam Bareiro.\u00a0<b>DT<\/b>: Leandro Romagnoli.<\/p>\n<p>Fuente Infobae- Foto portada Irala de San Lorenzo acosado por un defensor del Palmeiras<\/p>\n<div class=\"titulotabla2\">GRUPO F<\/div>\n<table id=\"posiciones\" class=\"tablesorter6\">\n<thead>\n<tr>\n<th>#<\/th>\n<th>Equipo<\/th>\n<th class=\"pts\">Pts<\/th>\n<th class=\"pj\">PJ<\/th>\n<th class=\"pg\">PG<\/th>\n<th class=\"pe\">PE<\/th>\n<th class=\"pp\">PP<\/th>\n<th class=\"gf\">GF<\/th>\n<th class=\"gc\">GC<\/th>\n<th class=\"dg\">DIF<\/th>\n<\/tr>\n<\/thead>\n<tbody>\n<tr class=\"ipr\">\n<td class=\"cp1\">1<\/td>\n<td align=\"left\"><img decoding=\"async\" src=\"https:\/\/www.promiedos.com.ar\/images\/ps\/brasil.gif\" \/><img decoding=\"async\" src=\"https:\/\/www.promiedos.com.ar\/images\/18\/629.png\" \/>Palmeiras<\/td>\n<td>14<\/td>\n<td>6<\/td>\n<td>4<\/td>\n<td>2<\/td>\n<td>0<\/td>\n<td>14<\/td>\n<td>5<\/td>\n<td>+9<\/td>\n<\/tr>\n<tr class=\"pr\">\n<td class=\"cp1\">2<\/td>\n<td align=\"left\"><img decoding=\"async\" src=\"https:\/\/www.promiedos.com.ar\/images\/ps\/argentina.gif\" \/><img decoding=\"async\" src=\"https:\/\/www.promiedos.com.ar\/images\/18\/19.png\" \/>San Lorenzo<\/td>\n<td>8<\/td>\n<td>6<\/td>\n<td>2<\/td>\n<td>2<\/td>\n<td>2<\/td>\n<td>6<\/td>\n<td>6<\/td>\n<td>0<\/td>\n<\/tr>\n<tr class=\"ipr\">\n<td class=\"cp3\">3<\/td>\n<td align=\"left\"><img decoding=\"async\" src=\"https:\/\/www.promiedos.com.ar\/images\/ps\/ecuador.gif\" \/><img decoding=\"async\" src=\"https:\/\/www.promiedos.com.ar\/images\/18\/737.png\" \/>Ind. del Valle<\/td>\n<td>7<\/td>\n<td>6<\/td>\n<td>2<\/td>\n<td>1<\/td>\n<td>3<\/td>\n<td>8<\/td>\n<td>9<\/td>\n<td>-1<\/td>\n<\/tr>\n<tr class=\"pr\">\n<td>4<\/td>\n<td align=\"left\"><img decoding=\"async\" src=\"https:\/\/www.promiedos.com.ar\/images\/ps\/uruguay.gif\" \/><img decoding=\"async\" src=\"https:\/\/www.promiedos.com.ar\/images\/18\/889.png\" \/>Liverpool (U)<\/td>\n<td>4<\/td>\n<td>6<\/td>\n<td>1<\/td>\n<td>1<\/td>\n<td>4<\/td>\n<td>6<\/td>\n<td>14<\/td>\n<td>-8<\/td>\n<\/tr>\n<\/tbody>\n<\/table>\n<p><img loading=\"lazy\" decoding=\"async\" class=\"alignnone size-medium wp-image-10048\" src=\"https:\/\/www.sportchaco.com.ar\/wp-content\/uploads\/2024\/05\/Mosquitos-3-300x300.jpg\" alt=\"\" width=\"300\" height=\"300\" srcset=\"https:\/\/www.sportchaco.com.ar\/wp-content\/uploads\/2024\/05\/Mosquitos-3-300x300.jpg 300w, https:\/\/www.sportchaco.com.ar\/wp-content\/uploads\/2024\/05\/Mosquitos-3-1024x1024.jpg 1024w, https:\/\/www.sportchaco.com.ar\/wp-content\/uploads\/2024\/05\/Mosquitos-3-150x150.jpg 150w, https:\/\/www.sportchaco.com.ar\/wp-content\/uploads\/2024\/05\/Mosquitos-3-768x768.jpg 768w, https:\/\/www.sportchaco.com.ar\/wp-content\/uploads\/2024\/05\/Mosquitos-3.jpg 1440w\" sizes=\"auto, (max-width: 300px) 100vw, 300px\" \/><\/p>\n<\/div>\n<\/article>\n","protected":false},"excerpt":{"rendered":"<p>30-05-2024 El Cicl\u00f3n depend\u00eda de si mismo ante el Verd\u00e3o en la \u00faltima fecha del Grupo F. Logr\u00f3 el punto necesario y se meti\u00f3 entre los 16 mejores del torneo L\u00ednea de tiempo 4-2-3-1 Palmeiras 0 &#8211; 0 San Lorenzo 3-4-3 CONMEBOL Libertadoresjueves 30 mayo 2024 Estadio Allianz Parque \u00c1rbitro Felipe Andres Gonzalez Alveal &nbsp; &hellip;<\/p>\n","protected":false},"author":2,"featured_media":10049,"comment_status":"open","ping_status":"open","sticky":false,"template":"","format":"standard","meta":{"footnotes":""},"categories":[6],"tags":[],"class_list":["post-10047","post","type-post","status-publish","format-standard","has-post-thumbnail","hentry","category-internacionales"],"_links":{"self":[{"href":"https:\/\/www.sportchaco.com.ar\/index.php?rest_route=\/wp\/v2\/posts\/10047","targetHints":{"allow":["GET"]}}],"collection":[{"href":"https:\/\/www.sportchaco.com.ar\/index.php?rest_route=\/wp\/v2\/posts"}],"about":[{"href":"https:\/\/www.sportchaco.com.ar\/index.php?rest_route=\/wp\/v2\/types\/post"}],"author":[{"embeddable":true,"href":"https:\/\/www.sportchaco.com.ar\/index.php?rest_route=\/wp\/v2\/users\/2"}],"replies":[{"embeddable":true,"href":"https:\/\/www.sportchaco.com.ar\/index.php?rest_route=%2Fwp%2Fv2%2Fcomments&post=10047"}],"version-history":[{"count":1,"href":"https:\/\/www.sportchaco.com.ar\/index.php?rest_route=\/wp\/v2\/posts\/10047\/revisions"}],"predecessor-version":[{"id":10050,"href":"https:\/\/www.sportchaco.com.ar\/index.php?rest_route=\/wp\/v2\/posts\/10047\/revisions\/10050"}],"wp:featuredmedia":[{"embeddable":true,"href":"https:\/\/www.sportchaco.com.ar\/index.php?rest_route=\/wp\/v2\/media\/10049"}],"wp:attachment":[{"href":"https:\/\/www.sportchaco.com.ar\/index.php?rest_route=%2Fwp%2Fv2%2Fmedia&parent=10047"}],"wp:term":[{"taxonomy":"category","embeddable":true,"href":"https:\/\/www.sportchaco.com.ar\/index.php?rest_route=%2Fwp%2Fv2%2Fcategories&post=10047"},{"taxonomy":"post_tag","embeddable":true,"href":"https:\/\/www.sportchaco.com.ar\/index.php?rest_route=%2Fwp%2Fv2%2Ftags&post=10047"}],"curies":[{"name":"wp","href":"https:\/\/api.w.org\/{rel}","templated":true}]}}