{"id":10074,"date":"2024-05-31T18:16:42","date_gmt":"2024-05-31T21:16:42","guid":{"rendered":"https:\/\/www.sportchaco.com.ar\/?p=10074"},"modified":"2024-05-31T18:16:42","modified_gmt":"2024-05-31T21:16:42","slug":"saenz-pena-tambien-tuvo-su-jornada-recreativa-y-adaptada-inclusiva","status":"publish","type":"post","link":"https:\/\/www.sportchaco.com.ar\/?p=10074","title":{"rendered":"S\u00e1enz Pe\u00f1a tambi\u00e9n tuvo su jornada recreativa y adaptada inclusiva"},"content":{"rendered":"<p><strong>31-05-2024<\/strong><\/p>\n<p><img loading=\"lazy\" decoding=\"async\" class=\"size-medium wp-image-9639 aligncenter\" src=\"https:\/\/www.sportchaco.com.ar\/wp-content\/uploads\/2024\/05\/gob-salud-apaisado-marzo-300x37.gif\" alt=\"\" width=\"300\" height=\"37\" \/><\/p>\n<p>Se realiz\u00f3 el primer encuentro recreativo y deportivo inclusivo en Presidencia Roque S\u00e1enz Pe\u00f1a con la asistencia de m\u00e1s de 120 personas de instituciones educativas p\u00fablicas, privadas e instituciones que trabajan en discapacidad y personas particulares que asistieron y realizaron actividades deportivas y recreativas durante toda la jornada.<\/p>\n<p>Se vivieron momentos de mucha alegr\u00eda y camarader\u00eda entre todos los que asistieron y al final del encuentro cada participante se llev\u00f3 su diploma y distinci\u00f3n otorgada por la municipalidad de\u00a0 S\u00e1enz Pe\u00f1a.<\/p>\n<p>A lo largo del encuentro estuvieron presentes el supervisor de Educaci\u00f3n F\u00edsica en representaci\u00f3n del Ministerio de Educaci\u00f3n, diversas autoridades Municipales y el presidente de la Fundaci\u00f3n Desocha.<\/p>\n<p><img loading=\"lazy\" decoding=\"async\" class=\"size-medium wp-image-9817 aligncenter\" src=\"https:\/\/www.sportchaco.com.ar\/wp-content\/uploads\/2024\/05\/mosqiotps-salud-15-5-24-300x300.jpg\" alt=\"\" width=\"300\" height=\"300\" srcset=\"https:\/\/www.sportchaco.com.ar\/wp-content\/uploads\/2024\/05\/mosqiotps-salud-15-5-24-300x300.jpg 300w, https:\/\/www.sportchaco.com.ar\/wp-content\/uploads\/2024\/05\/mosqiotps-salud-15-5-24-150x150.jpg 150w, https:\/\/www.sportchaco.com.ar\/wp-content\/uploads\/2024\/05\/mosqiotps-salud-15-5-24.jpg 600w\" sizes=\"auto, (max-width: 300px) 100vw, 300px\" \/><\/p>\n","protected":false},"excerpt":{"rendered":"<p>31-05-2024 Se realiz\u00f3 el primer encuentro recreativo y deportivo inclusivo en Presidencia Roque S\u00e1enz Pe\u00f1a con la asistencia de m\u00e1s de 120 personas de instituciones educativas p\u00fablicas, privadas e instituciones que trabajan en discapacidad y personas particulares que asistieron y realizaron actividades deportivas y recreativas durante toda la jornada. Se vivieron momentos de mucha alegr\u00eda &hellip;<\/p>\n","protected":false},"author":3,"featured_media":10075,"comment_status":"open","ping_status":"open","sticky":false,"template":"","format":"standard","meta":{"footnotes":""},"categories":[8],"tags":[],"class_list":["post-10074","post","type-post","status-publish","format-standard","has-post-thumbnail","hentry","category-sport-nea"],"_links":{"self":[{"href":"https:\/\/www.sportchaco.com.ar\/index.php?rest_route=\/wp\/v2\/posts\/10074","targetHints":{"allow":["GET"]}}],"collection":[{"href":"https:\/\/www.sportchaco.com.ar\/index.php?rest_route=\/wp\/v2\/posts"}],"about":[{"href":"https:\/\/www.sportchaco.com.ar\/index.php?rest_route=\/wp\/v2\/types\/post"}],"author":[{"embeddable":true,"href":"https:\/\/www.sportchaco.com.ar\/index.php?rest_route=\/wp\/v2\/users\/3"}],"replies":[{"embeddable":true,"href":"https:\/\/www.sportchaco.com.ar\/index.php?rest_route=%2Fwp%2Fv2%2Fcomments&post=10074"}],"version-history":[{"count":1,"href":"https:\/\/www.sportchaco.com.ar\/index.php?rest_route=\/wp\/v2\/posts\/10074\/revisions"}],"predecessor-version":[{"id":10076,"href":"https:\/\/www.sportchaco.com.ar\/index.php?rest_route=\/wp\/v2\/posts\/10074\/revisions\/10076"}],"wp:featuredmedia":[{"embeddable":true,"href":"https:\/\/www.sportchaco.com.ar\/index.php?rest_route=\/wp\/v2\/media\/10075"}],"wp:attachment":[{"href":"https:\/\/www.sportchaco.com.ar\/index.php?rest_route=%2Fwp%2Fv2%2Fmedia&parent=10074"}],"wp:term":[{"taxonomy":"category","embeddable":true,"href":"https:\/\/www.sportchaco.com.ar\/index.php?rest_route=%2Fwp%2Fv2%2Fcategories&post=10074"},{"taxonomy":"post_tag","embeddable":true,"href":"https:\/\/www.sportchaco.com.ar\/index.php?rest_route=%2Fwp%2Fv2%2Ftags&post=10074"}],"curies":[{"name":"wp","href":"https:\/\/api.w.org\/{rel}","templated":true}]}}