{"id":10084,"date":"2024-05-31T22:49:53","date_gmt":"2024-06-01T01:49:53","guid":{"rendered":"https:\/\/www.sportchaco.com.ar\/?p=10084"},"modified":"2024-05-31T22:49:53","modified_gmt":"2024-06-01T01:49:53","slug":"juegos-2024-francia-desmantelo-un-ataque-terrorista-al-estadio-del-debut-de-la-seleccion-argentina-sub-23-en-paris-2024","status":"publish","type":"post","link":"https:\/\/www.sportchaco.com.ar\/?p=10084","title":{"rendered":"Juegos 2024: Francia desmantel\u00f3 un ataque terrorista al estadio del debut de la Selecci\u00f3n Argentina Sub 23 en Par\u00eds 2024"},"content":{"rendered":"<h1><span style=\"font-size: 16px; font-weight: 400;\">31\/05\/2024<\/span><\/h1>\n<p class=\"description\"><strong>Gerald Darmanin, ministro del Interior franc\u00e9s, revel\u00f3 que el 22 de mayo detuvieron a un checheno de 18 a\u00f1os que planeaba atacar el estadio en el que el equipo de Javier Mascherano jugar\u00e1 ante Marruecos.<\/strong><\/p>\n<div class=\"article-info\">\n<div class=\"article-info-left\">\n<div class=\"article-autor-info\">\n<div class=\"article-autor-name\"><\/div>\n<\/div>\n<\/div>\n<\/div>\n<figure class=\"rat16x9\"><\/figure>\n<p class=\"capital\"><span style=\"color: #000000;\">Amenos de dos meses del inicio de los\u00a0Juegos Ol\u00edmpicos de Par\u00eds 2024, el gobierno de Francia confirm\u00f3 que\u00a0frustr\u00f3 un atentado contra el certamen que ten\u00eda como objetivo uno de los estadios en donde jugar\u00e1 la Selecci\u00f3n Argentina Sub 23.<\/span><\/p>\n<div class=\"watchto-wrap\">\n<div class=\"watchto\">\n<div class=\"watchto-text\">\n<p>&nbsp;<\/p>\n<\/div>\n<div class=\"watchto-btn-view\"><\/div>\n<\/div>\n<\/div>\n<p><span style=\"color: #000000;\">Seg\u00fan informaron las autoridades francesas,\u00a0un individuo checheno de 18 a\u00f1os fue apresado el 22 de mayo en el sureste de Francia. All\u00ed, el detenido \u00ab<i>preparaba de manera activa un atentado contra el estadio Geoffroy Guichard<\/i>\u00ab, de Saint-\u00c9ttiene, una de las sedes del f\u00fatbol durante la cita ol\u00edmpica. De hecho,\u00a0<a style=\"color: #000000;\" href=\"https:\/\/www.tycsports.com\/polideportivo\/fixture-seleccion-argentina-futbol-juegos-olimpicos-paris-2024-id572235.html\" target=\"_blank\" rel=\"noopener\">ese estadio ser\u00e1 en el que debute el seleccionado de Javier Mascherano, el 24 de julio, ante Marruecos.<\/a><\/span><\/p>\n<figure class=\"w-100\"><span style=\"color: #000000;\"><strong><img decoding=\"async\" title=\"Gerald Darmanin Ministro Interior Francia\" src=\"https:\/\/media.tycsports.com\/files\/2024\/05\/31\/724751\/gerald-darmanin-ministro-interior-francia_w416.webp\" srcset=\"https:\/\/media.tycsports.com\/files\/2024\/05\/31\/724751\/gerald-darmanin-ministro-interior-francia_w416.webp 480w, https:\/\/media.tycsports.com\/files\/2024\/05\/31\/724751\/gerald-darmanin-ministro-interior-francia_w862.webp 1080w\" alt=\"Gerald Darmanin Ministro Interior Francia\" data-src=\"https:\/\/media.tycsports.com\/files\/2024\/05\/31\/724751\/gerald-darmanin-ministro-interior-francia_w416.webp\" data-srcset=\"https:\/\/media.tycsports.com\/files\/2024\/05\/31\/724751\/gerald-darmanin-ministro-interior-francia_w416.webp 480w, https:\/\/media.tycsports.com\/files\/2024\/05\/31\/724751\/gerald-darmanin-ministro-interior-francia_w862.webp 1080w\" \/><\/strong><\/span><figcaption><span style=\"color: #000000;\"><strong>Gerald Darmanin, ministro de Interior de Francia (TyC Sports).<\/strong><\/span><\/figcaption><\/figure>\n<p><span style=\"color: #000000;\">El Ministerio del Interior decidi\u00f3 revelar la informaci\u00f3n ahora e\u00a0indic\u00f3 que se trata del \u00ab<i>primer ataque frustrado contra los Juegos Ol\u00edmpicos<\/i>\u00ab. Asimismo, aseguraron que\u00a0la Justicia decret\u00f3 prisi\u00f3n preventiva contra el responsable de la planificaci\u00f3n del acto \u00ab<i>en nombre de la ideolog\u00eda yihadista de la organizaci\u00f3n Estado Isl\u00e1mico<\/i>\u00ab. En cuanto al plan en s\u00ed, indicaron que la idea era \u00ab<i>atacar a los espectadores en el exterior del estadio, cerca de los caf\u00e9s<\/i>\u00bb y, luego \u00ab<i>morir como un m\u00e1rtir<\/i>\u00ab, seg\u00fan indic\u00f3 el ministro del Interior franc\u00e9s,\u00a0Gerald Darmanin.<\/span><\/p>\n<div class=\"watchto-wrap\">\n<div class=\"watchto\"><\/div>\n<\/div>\n<h2><span style=\"color: #000000;\"><strong>Francia, en alerta m\u00e1xima para los Juegos Ol\u00edmpicos<\/strong><\/span><\/h2>\n<p><span style=\"color: #000000;\">La frustraci\u00f3n del potencial ataque es\u00a0<a style=\"color: #000000;\" href=\"https:\/\/www.tycsports.com\/polideportivo\/juegos-olimpicos-paris-francia-estado-alerta-antiterrorista-id573152.html\" target=\"_blank\" rel=\"noopener\">una muestra m\u00e1s estado de constante alerta en el que vive Francia de cara a los Juegos Ol\u00edmpicos de Par\u00eds<\/a>. El evento\u00a0espera recibir alrededor de 10 millones de visitantes y, desde comienzos de 2024, ya se frustraron tres atentados en el pa\u00eds, aunque este \u00faltimo es\u00a0el primero que ten\u00eda a los Juegos Ol\u00edmpicos como objetivo.<\/span><\/p>\n<p><span style=\"color: #000000;\">El Comit\u00e9 Organizador\u00a0celebr\u00f3 la \u00ab<i>eficacia<\/i>\u00bb de las fuerzas de seguridad ante la detenci\u00f3n del joven checheno, adem\u00e1s de la \u00ab<i>movilizaci\u00f3n excepcional para garantizar la seguridad<\/i>\u00bb\u00a0de las autoridades francesas, que se mantienen en alerta m\u00e1xima de cara al evento ol\u00edmpico.<\/span><\/p>\n<p><strong>Foto portada: Las fuerzas de seguridad, en alerta m\u00e1xima por potenciales ataques terroristas a los Juegos Ol\u00edmpicos de Par\u00eds 2024 (TyC Sports).<\/strong><\/p>\n<p>&nbsp;<\/p>\n<p><img loading=\"lazy\" decoding=\"async\" class=\"alignnone size-medium wp-image-9817 aligncenter\" src=\"https:\/\/www.sportchaco.com.ar\/wp-content\/uploads\/2024\/05\/mosqiotps-salud-15-5-24-300x300.jpg\" alt=\"\" width=\"300\" height=\"300\" srcset=\"https:\/\/www.sportchaco.com.ar\/wp-content\/uploads\/2024\/05\/mosqiotps-salud-15-5-24-300x300.jpg 300w, https:\/\/www.sportchaco.com.ar\/wp-content\/uploads\/2024\/05\/mosqiotps-salud-15-5-24-150x150.jpg 150w, https:\/\/www.sportchaco.com.ar\/wp-content\/uploads\/2024\/05\/mosqiotps-salud-15-5-24.jpg 600w\" sizes=\"auto, (max-width: 300px) 100vw, 300px\" \/><\/p>\n","protected":false},"excerpt":{"rendered":"<p>31\/05\/2024 Gerald Darmanin, ministro del Interior franc\u00e9s, revel\u00f3 que el 22 de mayo detuvieron a un checheno de 18 a\u00f1os que planeaba atacar el estadio en el que el equipo de Javier Mascherano jugar\u00e1 ante Marruecos. Amenos de dos meses del inicio de los\u00a0Juegos Ol\u00edmpicos de Par\u00eds 2024, el gobierno de Francia confirm\u00f3 que\u00a0frustr\u00f3 un &hellip;<\/p>\n","protected":false},"author":2,"featured_media":10085,"comment_status":"open","ping_status":"open","sticky":false,"template":"","format":"standard","meta":{"footnotes":""},"categories":[44],"tags":[],"class_list":["post-10084","post","type-post","status-publish","format-standard","has-post-thumbnail","hentry","category-varios"],"_links":{"self":[{"href":"https:\/\/www.sportchaco.com.ar\/index.php?rest_route=\/wp\/v2\/posts\/10084","targetHints":{"allow":["GET"]}}],"collection":[{"href":"https:\/\/www.sportchaco.com.ar\/index.php?rest_route=\/wp\/v2\/posts"}],"about":[{"href":"https:\/\/www.sportchaco.com.ar\/index.php?rest_route=\/wp\/v2\/types\/post"}],"author":[{"embeddable":true,"href":"https:\/\/www.sportchaco.com.ar\/index.php?rest_route=\/wp\/v2\/users\/2"}],"replies":[{"embeddable":true,"href":"https:\/\/www.sportchaco.com.ar\/index.php?rest_route=%2Fwp%2Fv2%2Fcomments&post=10084"}],"version-history":[{"count":1,"href":"https:\/\/www.sportchaco.com.ar\/index.php?rest_route=\/wp\/v2\/posts\/10084\/revisions"}],"predecessor-version":[{"id":10086,"href":"https:\/\/www.sportchaco.com.ar\/index.php?rest_route=\/wp\/v2\/posts\/10084\/revisions\/10086"}],"wp:featuredmedia":[{"embeddable":true,"href":"https:\/\/www.sportchaco.com.ar\/index.php?rest_route=\/wp\/v2\/media\/10085"}],"wp:attachment":[{"href":"https:\/\/www.sportchaco.com.ar\/index.php?rest_route=%2Fwp%2Fv2%2Fmedia&parent=10084"}],"wp:term":[{"taxonomy":"category","embeddable":true,"href":"https:\/\/www.sportchaco.com.ar\/index.php?rest_route=%2Fwp%2Fv2%2Fcategories&post=10084"},{"taxonomy":"post_tag","embeddable":true,"href":"https:\/\/www.sportchaco.com.ar\/index.php?rest_route=%2Fwp%2Fv2%2Ftags&post=10084"}],"curies":[{"name":"wp","href":"https:\/\/api.w.org\/{rel}","templated":true}]}}