{"id":10115,"date":"2024-06-01T22:00:01","date_gmt":"2024-06-02T01:00:01","guid":{"rendered":"https:\/\/www.sportchaco.com.ar\/?p=10115"},"modified":"2024-06-01T22:00:01","modified_gmt":"2024-06-02T01:00:01","slug":"el-real-madrid-saca-brillo-a-su-leyenda-con-una-decimoquinta-champions","status":"publish","type":"post","link":"https:\/\/www.sportchaco.com.ar\/?p=10115","title":{"rendered":"El Real Madrid saca brillo a su leyenda con una decimoquinta Champions"},"content":{"rendered":"<header class=\"caas-header\">\n<div class=\"caas-title-wrapper\">\n<h1 data-test-locator=\"headline\"><\/h1>\n<h1 id=\"caas-lead-header-07d52354-5a35-3700-b298-752db6dda75b\" style=\"line-height: 1.38462;\" data-test-locator=\"headline\">01-06-2024<\/h1>\n<h1 id=\"caas-lead-header-07d52354-5a35-3700-b298-752db6dda75b\" data-test-locator=\"headline\"><\/h1>\n<\/div>\n<\/header>\n<div class=\"caas-content-byline-wrapper\">\n<div class=\"caas-attr\">\n<div class=\"caas-attr-meta\">\n<div class=\"caas-attr-item-author\"><\/div>\n<div class=\"caas-attr-time-style\"><\/div>\n<\/div>\n<\/div>\n<div class=\"caas-content-contain-share\"><\/div>\n<\/div>\n<figure class=\"caas-figure caas-cover\">\n<div class=\"caas-figure-with-pb\">\n<div>\n<div class=\"caas-img-container caas-img-lightbox\" data-lightbox-src=\"https:\/\/s.yimg.com\/ny\/api\/res\/1.2\/0XG_O0TTATxUR1YYogC3Lw--\/YXBwaWQ9aGlnaGxhbmRlcjt3PTE1MzY7aD0xMDI0O2NmPXdlYnA-\/https:\/\/media.zenfs.com\/es\/es.afp.com\/e25c2594362dbf424ed1b453eeec905a\"><span class=\"caas-img-wrapper\"><img decoding=\"async\" class=\"caas-img\" src=\"https:\/\/s.yimg.com\/ny\/api\/res\/1.2\/nG5G9vNOZQvqKDtVPB5Inw--\/YXBwaWQ9aGlnaGxhbmRlcjt3PTEyNDI7aD04Mjg7Y2Y9d2VicA--\/https:\/\/media.zenfs.com\/es\/es.afp.com\/e25c2594362dbf424ed1b453eeec905a\" alt=\"Nacho Fern\u00e1ndez levanta el trofeo de la Liga de Campeones ganado por el Real Madrid tras ganar al Borussia Dortmund en la final. En Londres, el 1 de junio de 2024 (INA FASSBENDER)\" data-src=\"https:\/\/s.yimg.com\/ny\/api\/res\/1.2\/nG5G9vNOZQvqKDtVPB5Inw--\/YXBwaWQ9aGlnaGxhbmRlcjt3PTEyNDI7aD04Mjg7Y2Y9d2VicA--\/https:\/\/media.zenfs.com\/es\/es.afp.com\/e25c2594362dbf424ed1b453eeec905a\" \/><button class=\"link caas-lightbox\" aria-label=\"Ver imagen ampliada\" data-ylk=\"sec:image-lightbox;slk:lightbox-open;elm:expand;itc:1\" data-rapid_p=\"8\" data-v9y=\"0\"><\/button><\/span><\/div>\n<\/div>\n<\/div>\n<div class=\"caption-wrapper caption-aligned-with-image\">\n<div class=\"caption-wrapper caption-aligned-with-image\"><\/div>\n<\/div><figcaption class=\"caption-collapse\" data-id=\"m-0\"><strong>Nacho Fern\u00e1ndez levanta el trofeo de la Liga de Campeones ganado por el Real Madrid tras ganar al Borussia Dortmund en la final. En Londres, el 1 de junio de 2024 (Yahoo.com)<\/strong><\/figcaption><\/figure>\n<div class=\"caas-body\">\n<p>El Real Madrid, eterno campe\u00f3n de Europa: el club espa\u00f1ol conquist\u00f3 por decimoquinta vez el torneo en el que construy\u00f3 su leyenda, esta vez superando 2-0 al Borussia Dortmund, este s\u00e1bado en la final de Wembley.<\/p>\n<p>Dani Carvajal abri\u00f3 el marcador con un remate de cabeza en un saque de esquina en el minuto 74 y la sentencia la firm\u00f3 su compa\u00f1ero brasile\u00f1o Vinicius, con un tiro cruzado en el \u00e1rea en el 83.<\/p>\n<p>La \u00faltima vez que el Real Madrid hab\u00eda perdido una final del torneo fue en el lejano 1981 y se neg\u00f3 a romper esa racha, a pesar de que el Dortmund le hizo sufrir much\u00edsimo en varias fases del partido.<\/p>\n<p>Las nueve \u00faltimas finales de Champions que ha alcanzado han acabado decant\u00e1ndose del lado &#8216;merengue&#8217;. El equipo reconquista as\u00ed su torneo favorito despu\u00e9s de haber cedido el trono el a\u00f1o pasado al Manchester City.<\/p>\n<p>\u00abNos ponemos un 10. Nuestra temporada ha sido una temporada de 10. Lo hemos manejado muy bien, nuestros jugadores estuvieron espectaculares\u00bb, celebr\u00f3 el entrenador Carlo Ancelotti.<\/p>\n<p>Tras haber logrado este curso su 36\u00ba t\u00edtulo en la Liga espa\u00f1ola, esta Champions corona la temporada y brinda una despedida de ensue\u00f1o a Toni Kroos, que disput\u00f3 su \u00faltimo partido en el f\u00fatbol de clubes ya que se retirar\u00e1 como futbolista despu\u00e9s de la Eurocopa con Alemania.<\/p>\n<p>Tanto Kroos como sus compa\u00f1eros Luka Modric, Dani Carvajal y Nacho Fern\u00e1ndez hicieron historia al sumar una sexta Champions e igualar el r\u00e9cord de t\u00edtulos de Paco Gento, uno de los grandes mitos del Real Madrid.<\/p>\n<p>Para el Borussia Dortmund, la noche fue cruel. Batall\u00f3, plant\u00f3 cara y por momentos fue superior al campe\u00f3n espa\u00f1ol, pero el quinto clasificado de la Bundesliga termin\u00f3 derrotado en Wembley, el mismo escenario donde hab\u00eda sido derrotado en su anterior final de este torneo, frente al Bayern de M\u00fanich en 2013.<\/p>\n<p>Solo una vez consigui\u00f3 ganar la Champions, la primera vez que lleg\u00f3 al duelo decisivo, en 1997.<\/p>\n<p>\u00abUna vez m\u00e1s, la calidad del Real Madrid es incre\u00edble\u00bb, se resign\u00f3 el t\u00e9cnico del Dortmund, Edin Terzic, que aplaudi\u00f3 el rendimiento de sus jugadores.<\/p>\n<p>&#8211; Courtois y el palo, salvadores &#8211;<\/p>\n<p>El partido comenz\u00f3 con la sorpresa de varios espectadores saltando al c\u00e9sped e interrumpiendo el duelo un par de minutos y continu\u00f3 con un Dortmund contagiado del entusiasmo de la ruidosa hinchada amarilla.<\/p>\n<p>La primera mitad fue un cat\u00e1logo de sustos para los espa\u00f1oles, con el Dortmund acariciando el gol en repetidas ocasiones.<\/p>\n<p>La primera clar\u00edsima la tuvo Karim Adeyemi, que un cara a cara ante Thibaut Courtois termin\u00f3 complic\u00e1ndose y qued\u00e1ndose con poco \u00e1ngulo (21).<\/p>\n<p>Al palo envi\u00f3 dos minutos m\u00e1s tarde F\u00fcllkrug en un tiro cruzado y Adeyemi volvi\u00f3 a intentarlo sin \u00e9xito en el 29, con un zurdazo que Courtois bloc\u00f3 en una nueva intervenci\u00f3n de m\u00e9rito.<\/p>\n<p>Marcel Sabitzer, en el 40, puso a prueba los reflejos del guardameta belga con un tiro desde fuera del \u00e1rea, mientras el balance ofensivo para el Real Madrid se limitaba a dos intentos demasiado altos, sin mucha p\u00f3lvora, de Fede Valverde y Vinicius en el inicio del choque.<\/p>\n<p>&#8211; El gigante despierta &#8211;<\/p>\n<p>En la segunda mitad, el Real Madrid despert\u00f3. Kroos envi\u00f3 un primer aviso de falta en el 49 y en el 50 Carvajal, de cabeza, remataba ligeramente alto.<\/p>\n<p>Al Dortmund le costaba mucho m\u00e1s y Courtois, un aut\u00e9ntico muro para los amarillos en el partido, desbarat\u00f3 la m\u00e1s peligrosa, un remate de cabeza de F\u00fcllkrug en el 63.<\/p>\n<p>Pero el Real Madrid estaba mucho mejor que en su invisible primera mitad.<\/p>\n<p>Jude Bellingham estuvo a punto de llegar a rematar de cabeza en boca de gol en el 68. Un presagio de lo que se dispon\u00eda a ocurrir: un saque de esquina lanzado por Kroos fue rematado por Carvajal directo a la red.<\/p>\n<p>\u00abSalimos vivos de la primera parte, sabiendo que tendr\u00edamos nuestro momento. Va a ser cierto que este club sabe sufrir\u00bb, celebr\u00f3 el lateral espa\u00f1ol, elegido el mejor jugador de la final, al t\u00e9rmino del partido.<\/p>\n<p>Con el Dortmund descompuesto, las ocasiones se suced\u00edan en la porter\u00eda de un atareado Gregor Kobel, hasta que Vinicius, el autor del gol de la final de la &#8216;Decimocuarta&#8217; hace dos a\u00f1os, puso la sentencia: asistido por Bellingham, el jugador brasile\u00f1o envi\u00f3 a la red un tiro cruzado en el \u00e1rea (83).<\/p>\n<p>La fiesta ya era blanca. Kroos era ovacionado al ser sustituido en esa recta final.<\/p>\n<p>La \u00faltima bala del Dortmund lleg\u00f3 en forma de gol anulado a F\u00fcllkrug en el 87, que le impidi\u00f3 reengancharse al partido.<\/p>\n<p>El Real Madrid empieza ya a pensar en sus festejos en la capital espa\u00f1ola, que pueden verse acompa\u00f1ados en los pr\u00f3ximos d\u00edas del esperado anuncio del fichaje de Kylian Mbapp\u00e9. <span class=\"caas-author-byline-collapse\" data-id=\"m-0\">Diego REINARES-Yahoo.con<\/span><\/p>\n<\/div>\n<p><img loading=\"lazy\" decoding=\"async\" class=\"alignnone size-medium wp-image-9817 aligncenter\" src=\"https:\/\/www.sportchaco.com.ar\/wp-content\/uploads\/2024\/05\/mosqiotps-salud-15-5-24-300x300.jpg\" alt=\"\" width=\"300\" height=\"300\" srcset=\"https:\/\/www.sportchaco.com.ar\/wp-content\/uploads\/2024\/05\/mosqiotps-salud-15-5-24-300x300.jpg 300w, https:\/\/www.sportchaco.com.ar\/wp-content\/uploads\/2024\/05\/mosqiotps-salud-15-5-24-150x150.jpg 150w, https:\/\/www.sportchaco.com.ar\/wp-content\/uploads\/2024\/05\/mosqiotps-salud-15-5-24.jpg 600w\" sizes=\"auto, (max-width: 300px) 100vw, 300px\" \/><\/p>\n<div class=\"caas-body\">\n<p>&nbsp;<\/p>\n<\/div>\n","protected":false},"excerpt":{"rendered":"<p>01-06-2024 Nacho Fern\u00e1ndez levanta el trofeo de la Liga de Campeones ganado por el Real Madrid tras ganar al Borussia Dortmund en la final. En Londres, el 1 de junio de 2024 (Yahoo.com) El Real Madrid, eterno campe\u00f3n de Europa: el club espa\u00f1ol conquist\u00f3 por decimoquinta vez el torneo en el que construy\u00f3 su leyenda, &hellip;<\/p>\n","protected":false},"author":2,"featured_media":10117,"comment_status":"open","ping_status":"open","sticky":false,"template":"","format":"standard","meta":{"footnotes":""},"categories":[6],"tags":[],"class_list":["post-10115","post","type-post","status-publish","format-standard","has-post-thumbnail","hentry","category-internacionales"],"_links":{"self":[{"href":"https:\/\/www.sportchaco.com.ar\/index.php?rest_route=\/wp\/v2\/posts\/10115","targetHints":{"allow":["GET"]}}],"collection":[{"href":"https:\/\/www.sportchaco.com.ar\/index.php?rest_route=\/wp\/v2\/posts"}],"about":[{"href":"https:\/\/www.sportchaco.com.ar\/index.php?rest_route=\/wp\/v2\/types\/post"}],"author":[{"embeddable":true,"href":"https:\/\/www.sportchaco.com.ar\/index.php?rest_route=\/wp\/v2\/users\/2"}],"replies":[{"embeddable":true,"href":"https:\/\/www.sportchaco.com.ar\/index.php?rest_route=%2Fwp%2Fv2%2Fcomments&post=10115"}],"version-history":[{"count":1,"href":"https:\/\/www.sportchaco.com.ar\/index.php?rest_route=\/wp\/v2\/posts\/10115\/revisions"}],"predecessor-version":[{"id":10118,"href":"https:\/\/www.sportchaco.com.ar\/index.php?rest_route=\/wp\/v2\/posts\/10115\/revisions\/10118"}],"wp:featuredmedia":[{"embeddable":true,"href":"https:\/\/www.sportchaco.com.ar\/index.php?rest_route=\/wp\/v2\/media\/10117"}],"wp:attachment":[{"href":"https:\/\/www.sportchaco.com.ar\/index.php?rest_route=%2Fwp%2Fv2%2Fmedia&parent=10115"}],"wp:term":[{"taxonomy":"category","embeddable":true,"href":"https:\/\/www.sportchaco.com.ar\/index.php?rest_route=%2Fwp%2Fv2%2Fcategories&post=10115"},{"taxonomy":"post_tag","embeddable":true,"href":"https:\/\/www.sportchaco.com.ar\/index.php?rest_route=%2Fwp%2Fv2%2Ftags&post=10115"}],"curies":[{"name":"wp","href":"https:\/\/api.w.org\/{rel}","templated":true}]}}