{"id":10191,"date":"2024-06-03T19:39:39","date_gmt":"2024-06-03T22:39:39","guid":{"rendered":"https:\/\/www.sportchaco.com.ar\/?p=10191"},"modified":"2024-06-03T19:39:39","modified_gmt":"2024-06-03T22:39:39","slug":"la-b-de-la-liga-chaquena-completo-la-5a-fecha","status":"publish","type":"post","link":"https:\/\/www.sportchaco.com.ar\/?p=10191","title":{"rendered":"La B de la Liga Chaque\u00f1a complet\u00f3 la 5\u00aa fecha"},"content":{"rendered":"<p><strong>03-06-2024<\/strong><\/p>\n<p><img loading=\"lazy\" decoding=\"async\" class=\"size-medium wp-image-9639 aligncenter\" src=\"https:\/\/www.sportchaco.com.ar\/wp-content\/uploads\/2024\/05\/gob-salud-apaisado-marzo-300x37.gif\" alt=\"\" width=\"300\" height=\"37\" \/><\/p>\n<p>La Segunda Divisi\u00f3n de la Liga Chaque\u00f1a de F\u00fatbol completo durante el fin de semana la 5\u00aa fecha de su campeonato.<\/p>\n<p>Centro de Empleados de Comercio tuvo la fecha libre y dej\u00f3 de ser uno de los l\u00edderes.<\/p>\n<p>Independiente Tirol lleg\u00f3 a lo m\u00e1s alto tras vencer a Los L\u00edricos y el que no pudo aprovechar fue Tiro FC que empat\u00f3 ante el DEF y ahora lidera junto al \u00abmil rayitas\u00bb.<\/p>\n<p><b>TODA LA 5\u00aa FECHA<\/b><br \/>\n<b>Viernes 31-05<\/b><br \/>\nLos L\u00edricos 1 \u2013 Indepte. Tirol 2, en Chaco Hebr\u00f3n<\/p>\n<p><b>S\u00e1bado 01-06<\/b><br \/>\nChaco Hebr\u00f3n 0 \u2013 V\u00e9lez SL 1<br \/>\nDEF 1 \u2013 Tiro FC 1, en Regional<\/p>\n<p><b>Domingo 02 \u2013 06<\/b><br \/>\nBanfield 2 \u2013 Sameep 0, en Chaco Hebr\u00f3n<br \/>\nDep. Esperanza 0 \u2013 Municipales 0, en Bancarios<br \/>\nConfraternidad 2 \u2013 UPCP 1, en Regional<br \/>\nCanallas del Sur 5 \u2013 Bariloche FC 0<br \/>\nDep. Barber\u00e1n 4 \u2013 Parque Patricios 4, en San Fernando<br \/>\nDep. Luj\u00e1n 4 \u2013 FC Barber\u00e1n 1, en Bancarios<br \/>\nDep. G\u00fciraldes 2 \u2013 Dogos 4, en Def. de Vilelas<\/p>\n<p><b>Libre:<\/b>\u00a0Centro de Empleados de Comercio<\/p>\n<p><b>Pendiente<\/b><br \/>\n<em>Centauro FC \u2013 Club de Amigos<br \/>\n*todos los equipos rivales de Club de Amigos son adjudicadores de tres puntos por su desafiliaci\u00f3n y quedan libres en la fecha.<\/em><\/p>\n<p><strong><b>POSICIONES<br \/>\n<\/b><\/strong>Tiro FC 13<br \/>\nIndepte. Tirol 13<br \/>\nCentro Empleados de Comercio 12<br \/>\nV\u00e9lez SL 10<br \/>\nUPCP 9<br \/>\nMunicipales 9<br \/>\nConfraternidad 8<br \/>\nDep. Luj\u00e1n 8<br \/>\nDogos 7<br \/>\nCentauro FC 7<br \/>\nFC Barber\u00e1n 6<br \/>\nDep. G\u00fciraldes 6<br \/>\nDEF 6<br \/>\nDep. Esperanza 6<br \/>\nCanallas del Sur 6<br \/>\nBanfield 6<br \/>\nParque Patricios 5<br \/>\nDep. Barber\u00e1n 5<br \/>\nLos L\u00edricos 4<br \/>\nBariloche FC 3<br \/>\nChaco Hebr\u00f3n 3<br \/>\nDep. Sameep 1<\/p>\n<p><strong>Pr\u00f3xima fecha (6\u00aa)<\/strong><br \/>\nIndepte. Tirol &#8211; Dep. Luj\u00e1n<br \/>\nDogos &#8211; Los L\u00edricos<br \/>\nMunicipales &#8211; Dep. G\u00fciraldes<br \/>\nParque Patricios &#8211; Dep. Esperanza<br \/>\nDep. Sameep &#8211; Dep. Barber\u00e1n<br \/>\nTiro FC &#8211; Banfield<br \/>\nUPCP &#8211; DEF<br \/>\nV\u00e9lez SL &#8211; Confraternidad<br \/>\nBariloche FC &#8211; Centauro FC<br \/>\nC. E. Comercio &#8211; Canallas del Sur<\/p>\n<p><strong>Libre:<\/strong> FC Barber\u00e1n<\/p>\n<p><strong>Pendiente<\/strong><br \/>\n<em>Club de Amigos &#8211; Chaco Hebr\u00f3n<\/em><\/p>\n<p><img loading=\"lazy\" decoding=\"async\" class=\"size-medium wp-image-9746 aligncenter\" src=\"https:\/\/www.sportchaco.com.ar\/wp-content\/uploads\/2024\/05\/Mosquitos-aviso-240x300.jpeg\" alt=\"\" width=\"240\" height=\"300\" srcset=\"https:\/\/www.sportchaco.com.ar\/wp-content\/uploads\/2024\/05\/Mosquitos-aviso-240x300.jpeg 240w, https:\/\/www.sportchaco.com.ar\/wp-content\/uploads\/2024\/05\/Mosquitos-aviso-819x1024.jpeg 819w, https:\/\/www.sportchaco.com.ar\/wp-content\/uploads\/2024\/05\/Mosquitos-aviso-768x960.jpeg 768w, https:\/\/www.sportchaco.com.ar\/wp-content\/uploads\/2024\/05\/Mosquitos-aviso.jpeg 1080w\" sizes=\"auto, (max-width: 240px) 100vw, 240px\" \/><\/p>\n","protected":false},"excerpt":{"rendered":"<p>03-06-2024 La Segunda Divisi\u00f3n de la Liga Chaque\u00f1a de F\u00fatbol completo durante el fin de semana la 5\u00aa fecha de su campeonato. Centro de Empleados de Comercio tuvo la fecha libre y dej\u00f3 de ser uno de los l\u00edderes. Independiente Tirol lleg\u00f3 a lo m\u00e1s alto tras vencer a Los L\u00edricos y el que no &hellip;<\/p>\n","protected":false},"author":3,"featured_media":10192,"comment_status":"open","ping_status":"open","sticky":false,"template":"","format":"standard","meta":{"footnotes":""},"categories":[5],"tags":[],"class_list":["post-10191","post","type-post","status-publish","format-standard","has-post-thumbnail","hentry","category-futbol"],"_links":{"self":[{"href":"https:\/\/www.sportchaco.com.ar\/index.php?rest_route=\/wp\/v2\/posts\/10191","targetHints":{"allow":["GET"]}}],"collection":[{"href":"https:\/\/www.sportchaco.com.ar\/index.php?rest_route=\/wp\/v2\/posts"}],"about":[{"href":"https:\/\/www.sportchaco.com.ar\/index.php?rest_route=\/wp\/v2\/types\/post"}],"author":[{"embeddable":true,"href":"https:\/\/www.sportchaco.com.ar\/index.php?rest_route=\/wp\/v2\/users\/3"}],"replies":[{"embeddable":true,"href":"https:\/\/www.sportchaco.com.ar\/index.php?rest_route=%2Fwp%2Fv2%2Fcomments&post=10191"}],"version-history":[{"count":1,"href":"https:\/\/www.sportchaco.com.ar\/index.php?rest_route=\/wp\/v2\/posts\/10191\/revisions"}],"predecessor-version":[{"id":10193,"href":"https:\/\/www.sportchaco.com.ar\/index.php?rest_route=\/wp\/v2\/posts\/10191\/revisions\/10193"}],"wp:featuredmedia":[{"embeddable":true,"href":"https:\/\/www.sportchaco.com.ar\/index.php?rest_route=\/wp\/v2\/media\/10192"}],"wp:attachment":[{"href":"https:\/\/www.sportchaco.com.ar\/index.php?rest_route=%2Fwp%2Fv2%2Fmedia&parent=10191"}],"wp:term":[{"taxonomy":"category","embeddable":true,"href":"https:\/\/www.sportchaco.com.ar\/index.php?rest_route=%2Fwp%2Fv2%2Fcategories&post=10191"},{"taxonomy":"post_tag","embeddable":true,"href":"https:\/\/www.sportchaco.com.ar\/index.php?rest_route=%2Fwp%2Fv2%2Ftags&post=10191"}],"curies":[{"name":"wp","href":"https:\/\/api.w.org\/{rel}","templated":true}]}}