{"id":10210,"date":"2024-06-03T23:19:36","date_gmt":"2024-06-04T02:19:36","guid":{"rendered":"https:\/\/www.sportchaco.com.ar\/?p=10210"},"modified":"2024-06-03T23:19:09","modified_gmt":"2024-06-04T02:19:09","slug":"10210","status":"publish","type":"post","link":"https:\/\/www.sportchaco.com.ar\/?p=10210","title":{"rendered":"Efem\u00e9rides del 4 de junio"},"content":{"rendered":"<p><strong>19Esta es la Efem\u00e9rides del Deporte en el Chaco de un 4 de junio del periodista Luis Dar\u00edo Molodezky.<\/strong><\/p>\n<p>&nbsp;<\/p>\n<p><img loading=\"lazy\" decoding=\"async\" class=\"alignnone wp-image-9934\" src=\"https:\/\/www.sportchaco.com.ar\/wp-content\/uploads\/2024\/05\/Molodezky-Luis-300x199.jpg\" alt=\"\" width=\"237\" height=\"157\" srcset=\"https:\/\/www.sportchaco.com.ar\/wp-content\/uploads\/2024\/05\/Molodezky-Luis-300x199.jpg 300w, https:\/\/www.sportchaco.com.ar\/wp-content\/uploads\/2024\/05\/Molodezky-Luis-768x508.jpg 768w, https:\/\/www.sportchaco.com.ar\/wp-content\/uploads\/2024\/05\/Molodezky-Luis.jpg 772w\" sizes=\"auto, (max-width: 237px) 100vw, 237px\" \/><\/p>\n<p><strong>1983 <\/strong>\/ Con motivo de las inundaciones que azotan al Chaco, llegan a Resistencia para jugar en forma amistosa y a beneficio los equipos de River y V\u00e9lez. El primero empat\u00f3 con For Ever 0 a 0, y el segundo le gan\u00f3 a Sarmiento 1 a 0 con gol de Ischia. La gran figura fue el arquero millonario Ubaldo Fillol.<\/p>\n<p><strong>2006 <\/strong>\/ Fallece en Puerto Tirol, V\u00edctor Ces\u00e1reo Prieto (81 a\u00f1os), hombre que trabaj\u00f3, se dedic\u00f3 con entusiasmo y fervor, y dio muchos a\u00f1os de su vida para el crecimiento de Independiente. Se desempa\u00f1aba como masajista, era el \u201cmano santa\u201d de los planteles de las d\u00e9cadas del 50, 60 y parte del 70, a los que atend\u00eda siempre con buena predisposici\u00f3n y entusiasmo.<\/p>\n<p><strong>2006 <\/strong>\/ Carolina Bejarano, de Las Garcitas, se corona campeona nacional Juvenil Sub-20 en lanzamiento de la jabalina en el Campeonato Nacional con una marca de 39,89 m. En mayo hab\u00eda ganado la Copa Nacional de Clubes Sub-23 con r\u00e9cord provincial absoluto de 42,23 m. la atleta es entrenada por la profesora M\u00f3nica Chatich.<\/p>\n<p>&nbsp;<\/p>\n<p><strong>2006 <\/strong>\/ Con una gran jornada de ciclismo se impuso el nombre de Enrique Carlos <em>Cacho <\/em>G\u00f3mez al vel\u00f3dromo del Club Ciclista Centrochaque\u00f1o, concret\u00e1ndose as\u00ed un justo homenaje al firme impulsor de la pavimentaci\u00f3n del \u00f3valo Saenzpe\u00f1ense.<\/p>\n<p><strong>Foto portada: tapa de diario Norte en una atajada de Ubaldo Fillol a Carlos Carril<\/strong><\/p>\n<p><img loading=\"lazy\" decoding=\"async\" class=\"alignnone size-medium wp-image-10214\" src=\"https:\/\/www.sportchaco.com.ar\/wp-content\/uploads\/2024\/06\/Msquito-pica-240x300.jpg\" alt=\"\" width=\"240\" height=\"300\" srcset=\"https:\/\/www.sportchaco.com.ar\/wp-content\/uploads\/2024\/06\/Msquito-pica-240x300.jpg 240w, https:\/\/www.sportchaco.com.ar\/wp-content\/uploads\/2024\/06\/Msquito-pica-819x1024.jpg 819w, https:\/\/www.sportchaco.com.ar\/wp-content\/uploads\/2024\/06\/Msquito-pica-768x960.jpg 768w, https:\/\/www.sportchaco.com.ar\/wp-content\/uploads\/2024\/06\/Msquito-pica.jpg 1080w\" sizes=\"auto, (max-width: 240px) 100vw, 240px\" \/><\/p>\n","protected":false},"excerpt":{"rendered":"<p>19Esta es la Efem\u00e9rides del Deporte en el Chaco de un 4 de junio del periodista Luis Dar\u00edo Molodezky. &nbsp; 1983 \/ Con motivo de las inundaciones que azotan al Chaco, llegan a Resistencia para jugar en forma amistosa y a beneficio los equipos de River y V\u00e9lez. El primero empat\u00f3 con For Ever 0 &hellip;<\/p>\n","protected":false},"author":2,"featured_media":10213,"comment_status":"open","ping_status":"open","sticky":false,"template":"","format":"standard","meta":{"footnotes":""},"categories":[45,36],"tags":[],"class_list":["post-10210","post","type-post","status-publish","format-standard","has-post-thumbnail","hentry","category-efemerides-dia-por-dia","category-junio"],"_links":{"self":[{"href":"https:\/\/www.sportchaco.com.ar\/index.php?rest_route=\/wp\/v2\/posts\/10210","targetHints":{"allow":["GET"]}}],"collection":[{"href":"https:\/\/www.sportchaco.com.ar\/index.php?rest_route=\/wp\/v2\/posts"}],"about":[{"href":"https:\/\/www.sportchaco.com.ar\/index.php?rest_route=\/wp\/v2\/types\/post"}],"author":[{"embeddable":true,"href":"https:\/\/www.sportchaco.com.ar\/index.php?rest_route=\/wp\/v2\/users\/2"}],"replies":[{"embeddable":true,"href":"https:\/\/www.sportchaco.com.ar\/index.php?rest_route=%2Fwp%2Fv2%2Fcomments&post=10210"}],"version-history":[{"count":4,"href":"https:\/\/www.sportchaco.com.ar\/index.php?rest_route=\/wp\/v2\/posts\/10210\/revisions"}],"predecessor-version":[{"id":10218,"href":"https:\/\/www.sportchaco.com.ar\/index.php?rest_route=\/wp\/v2\/posts\/10210\/revisions\/10218"}],"wp:featuredmedia":[{"embeddable":true,"href":"https:\/\/www.sportchaco.com.ar\/index.php?rest_route=\/wp\/v2\/media\/10213"}],"wp:attachment":[{"href":"https:\/\/www.sportchaco.com.ar\/index.php?rest_route=%2Fwp%2Fv2%2Fmedia&parent=10210"}],"wp:term":[{"taxonomy":"category","embeddable":true,"href":"https:\/\/www.sportchaco.com.ar\/index.php?rest_route=%2Fwp%2Fv2%2Fcategories&post=10210"},{"taxonomy":"post_tag","embeddable":true,"href":"https:\/\/www.sportchaco.com.ar\/index.php?rest_route=%2Fwp%2Fv2%2Ftags&post=10210"}],"curies":[{"name":"wp","href":"https:\/\/api.w.org\/{rel}","templated":true}]}}