{"id":10281,"date":"2024-06-05T23:09:25","date_gmt":"2024-06-06T02:09:25","guid":{"rendered":"https:\/\/www.sportchaco.com.ar\/?p=10281"},"modified":"2024-06-05T23:09:25","modified_gmt":"2024-06-06T02:09:25","slug":"desocha-recibio-sus-oficinas-en-el-iesef","status":"publish","type":"post","link":"https:\/\/www.sportchaco.com.ar\/?p=10281","title":{"rendered":"Desocha recibi\u00f3 sus oficinas en el IESEF"},"content":{"rendered":"<p><strong>05-06-2024<\/strong><\/p>\n<p><img loading=\"lazy\" decoding=\"async\" class=\" wp-image-9640 aligncenter\" src=\"https:\/\/www.sportchaco.com.ar\/wp-content\/uploads\/2024\/05\/gob-obras-marzo-apaisado-300x29.gif\" alt=\"\" width=\"352\" height=\"34\" srcset=\"https:\/\/www.sportchaco.com.ar\/wp-content\/uploads\/2024\/05\/gob-obras-marzo-apaisado-300x29.gif 300w, https:\/\/www.sportchaco.com.ar\/wp-content\/uploads\/2024\/05\/gob-obras-marzo-apaisado-768x74.gif 768w\" sizes=\"auto, (max-width: 352px) 100vw, 352px\" \/><\/p>\n<p>En la ma\u00f1ana del mi\u00e9rcoles, el gobernador Leandro Zdero encabez\u00f3 el acto inaugural de las obras terminadas en el IESEF N\u00ba1 de Resistencia.<\/p>\n<p>Dentro de las mismas, fueron entregadas a la Fundaci\u00f3n Deportiva Social Chaco <em>(Desocha)\u00a0<\/em>las oficinas donde se intalar\u00e1n para seguir trabajando por la inclusi\u00f3n y discapacidad.<\/p>\n<p>El gobernador Leandro Zdero habilit\u00f3, junto a la vicegobernadora Silvana Schneider, las refacciones en el Centro de Educaci\u00f3n F\u00edsica N\u00b0 1 de Resistencia. Se trata de la \u00faltima etapa de la obra de ampliaci\u00f3n y remodelaci\u00f3n integral de este espacio que lo consolidar\u00e1 como el centro deportivo m\u00e1s grande de la provincia.<\/p>\n<p>\u201cEsta es una obra realmente extraordinaria, y estamos muy contentos de poder ponerla en funcionamiento\u201d, asegur\u00f3 el primer mandatario provincial.<\/p>\n<p>En dicho predio, Desocha contar\u00e1 con estadio cubierto, gimnasios, piletas, aulas y oficinas administrativas.<\/p>\n<p>A su vez, el presidente de la fundaci\u00f3n, Marcelo Gonz\u00e1lez, remarc\u00f3: \u00abEn este lugar va a estar Desocha, pero es un bien p\u00fablico que ayudar\u00e1 a mejorar la calidad de vida de las personas con discapacidad. Nosotros como instituci\u00f3n vamos a romper barreras para que estas personas puedan tener m\u00e1s oportunidades\u00bb.<\/p>\n<p><img loading=\"lazy\" decoding=\"async\" class=\"size-medium wp-image-10256 aligncenter\" src=\"https:\/\/www.sportchaco.com.ar\/wp-content\/uploads\/2024\/06\/Secheep-1-1-240x300.jpg\" alt=\"\" width=\"240\" height=\"300\" srcset=\"https:\/\/www.sportchaco.com.ar\/wp-content\/uploads\/2024\/06\/Secheep-1-1-240x300.jpg 240w, https:\/\/www.sportchaco.com.ar\/wp-content\/uploads\/2024\/06\/Secheep-1-1-819x1024.jpg 819w, https:\/\/www.sportchaco.com.ar\/wp-content\/uploads\/2024\/06\/Secheep-1-1-768x960.jpg 768w, https:\/\/www.sportchaco.com.ar\/wp-content\/uploads\/2024\/06\/Secheep-1-1-1229x1536.jpg 1229w, https:\/\/www.sportchaco.com.ar\/wp-content\/uploads\/2024\/06\/Secheep-1-1.jpg 1440w\" sizes=\"auto, (max-width: 240px) 100vw, 240px\" \/><\/p>\n","protected":false},"excerpt":{"rendered":"<p>05-06-2024 En la ma\u00f1ana del mi\u00e9rcoles, el gobernador Leandro Zdero encabez\u00f3 el acto inaugural de las obras terminadas en el IESEF N\u00ba1 de Resistencia. Dentro de las mismas, fueron entregadas a la Fundaci\u00f3n Deportiva Social Chaco (Desocha)\u00a0las oficinas donde se intalar\u00e1n para seguir trabajando por la inclusi\u00f3n y discapacidad. El gobernador Leandro Zdero habilit\u00f3, junto &hellip;<\/p>\n","protected":false},"author":3,"featured_media":10287,"comment_status":"open","ping_status":"open","sticky":false,"template":"","format":"standard","meta":{"footnotes":""},"categories":[8],"tags":[],"class_list":["post-10281","post","type-post","status-publish","format-standard","has-post-thumbnail","hentry","category-sport-nea"],"_links":{"self":[{"href":"https:\/\/www.sportchaco.com.ar\/index.php?rest_route=\/wp\/v2\/posts\/10281","targetHints":{"allow":["GET"]}}],"collection":[{"href":"https:\/\/www.sportchaco.com.ar\/index.php?rest_route=\/wp\/v2\/posts"}],"about":[{"href":"https:\/\/www.sportchaco.com.ar\/index.php?rest_route=\/wp\/v2\/types\/post"}],"author":[{"embeddable":true,"href":"https:\/\/www.sportchaco.com.ar\/index.php?rest_route=\/wp\/v2\/users\/3"}],"replies":[{"embeddable":true,"href":"https:\/\/www.sportchaco.com.ar\/index.php?rest_route=%2Fwp%2Fv2%2Fcomments&post=10281"}],"version-history":[{"count":1,"href":"https:\/\/www.sportchaco.com.ar\/index.php?rest_route=\/wp\/v2\/posts\/10281\/revisions"}],"predecessor-version":[{"id":10289,"href":"https:\/\/www.sportchaco.com.ar\/index.php?rest_route=\/wp\/v2\/posts\/10281\/revisions\/10289"}],"wp:featuredmedia":[{"embeddable":true,"href":"https:\/\/www.sportchaco.com.ar\/index.php?rest_route=\/wp\/v2\/media\/10287"}],"wp:attachment":[{"href":"https:\/\/www.sportchaco.com.ar\/index.php?rest_route=%2Fwp%2Fv2%2Fmedia&parent=10281"}],"wp:term":[{"taxonomy":"category","embeddable":true,"href":"https:\/\/www.sportchaco.com.ar\/index.php?rest_route=%2Fwp%2Fv2%2Fcategories&post=10281"},{"taxonomy":"post_tag","embeddable":true,"href":"https:\/\/www.sportchaco.com.ar\/index.php?rest_route=%2Fwp%2Fv2%2Ftags&post=10281"}],"curies":[{"name":"wp","href":"https:\/\/api.w.org\/{rel}","templated":true}]}}