{"id":10298,"date":"2024-06-06T14:31:51","date_gmt":"2024-06-06T17:31:51","guid":{"rendered":"https:\/\/www.sportchaco.com.ar\/?p=10298"},"modified":"2024-06-06T14:31:51","modified_gmt":"2024-06-06T17:31:51","slug":"mas-salidas-de-jugadores-en-for-ever","status":"publish","type":"post","link":"https:\/\/www.sportchaco.com.ar\/?p=10298","title":{"rendered":"M\u00e1s salidas de jugadores en For Ever"},"content":{"rendered":"<p><strong>06-06-2024<\/strong><\/p>\n<p>For Ever contin\u00faa con la depuraci\u00f3n de su plantel de cara al receso de la mitad del campeonato de la Primera Nacional que abrir\u00e1, adem\u00e1s, el mercado de pases.<\/p>\n<p>En las \u00faltimas horas se conocieron las rescisiones de contrato de Alan Sombra y Shamel Batistuta. Con dichas bajas se lleg\u00f3 ya a ocho jugadores que dejaron el club chaque\u00f1o.<\/p>\n<p>Sombra hab\u00eda llegado a For Ever a mediados del 2023 y tuvo altibajos defendiendo la camiseta \u00abalbinegra\u00bb. En el \u00faltimo tiempo fue perdiendo consideraci\u00f3n y ahora ha dejado la instituci\u00f3n.<\/p>\n<p>Por su parte, Batistuta lleg\u00f3 a principio de este a\u00f1o, realiz\u00f3 la pretemporada completa con el \u00abnegro\u00bb y sobre el inicio del campeonato reci\u00e9n se oficializ\u00f3 su v\u00ednculo, aunque no alcanz\u00f3 a sumar minutos en la Primera Nacional. Si jug\u00f3 un par de partidos en la Liga Chaque\u00f1a de F\u00fatbol, incluso marc\u00f3 goles.<\/p>\n<p>La salida de ambos delanteros se suman a las del arquero Kevin Larrea; el zaguero central Tom\u00e1s L\u00f3pez; el lateral izquierdo Santiago Bustos; y los delanteros Mat\u00edas Quiroga, Kevin Osorio y Joel Mart\u00ednez.<\/p>\n<p>En los pr\u00f3ximos d\u00edas habr\u00e1 m\u00e1s novedades en el club de la 9 de Julio por la salida de m\u00e1s jugadores del plantel profesional.<\/p>\n<p><img loading=\"lazy\" decoding=\"async\" class=\"size-medium wp-image-10214 aligncenter\" src=\"https:\/\/www.sportchaco.com.ar\/wp-content\/uploads\/2024\/06\/Msquito-pica-240x300.jpg\" alt=\"\" width=\"240\" height=\"300\" srcset=\"https:\/\/www.sportchaco.com.ar\/wp-content\/uploads\/2024\/06\/Msquito-pica-240x300.jpg 240w, https:\/\/www.sportchaco.com.ar\/wp-content\/uploads\/2024\/06\/Msquito-pica-819x1024.jpg 819w, https:\/\/www.sportchaco.com.ar\/wp-content\/uploads\/2024\/06\/Msquito-pica-768x960.jpg 768w, https:\/\/www.sportchaco.com.ar\/wp-content\/uploads\/2024\/06\/Msquito-pica.jpg 1080w\" sizes=\"auto, (max-width: 240px) 100vw, 240px\" \/><\/p>\n","protected":false},"excerpt":{"rendered":"<p>06-06-2024 For Ever contin\u00faa con la depuraci\u00f3n de su plantel de cara al receso de la mitad del campeonato de la Primera Nacional que abrir\u00e1, adem\u00e1s, el mercado de pases. En las \u00faltimas horas se conocieron las rescisiones de contrato de Alan Sombra y Shamel Batistuta. Con dichas bajas se lleg\u00f3 ya a ocho jugadores &hellip;<\/p>\n","protected":false},"author":3,"featured_media":8862,"comment_status":"open","ping_status":"open","sticky":false,"template":"","format":"standard","meta":{"footnotes":""},"categories":[5],"tags":[],"class_list":["post-10298","post","type-post","status-publish","format-standard","has-post-thumbnail","hentry","category-futbol"],"_links":{"self":[{"href":"https:\/\/www.sportchaco.com.ar\/index.php?rest_route=\/wp\/v2\/posts\/10298","targetHints":{"allow":["GET"]}}],"collection":[{"href":"https:\/\/www.sportchaco.com.ar\/index.php?rest_route=\/wp\/v2\/posts"}],"about":[{"href":"https:\/\/www.sportchaco.com.ar\/index.php?rest_route=\/wp\/v2\/types\/post"}],"author":[{"embeddable":true,"href":"https:\/\/www.sportchaco.com.ar\/index.php?rest_route=\/wp\/v2\/users\/3"}],"replies":[{"embeddable":true,"href":"https:\/\/www.sportchaco.com.ar\/index.php?rest_route=%2Fwp%2Fv2%2Fcomments&post=10298"}],"version-history":[{"count":1,"href":"https:\/\/www.sportchaco.com.ar\/index.php?rest_route=\/wp\/v2\/posts\/10298\/revisions"}],"predecessor-version":[{"id":10299,"href":"https:\/\/www.sportchaco.com.ar\/index.php?rest_route=\/wp\/v2\/posts\/10298\/revisions\/10299"}],"wp:featuredmedia":[{"embeddable":true,"href":"https:\/\/www.sportchaco.com.ar\/index.php?rest_route=\/wp\/v2\/media\/8862"}],"wp:attachment":[{"href":"https:\/\/www.sportchaco.com.ar\/index.php?rest_route=%2Fwp%2Fv2%2Fmedia&parent=10298"}],"wp:term":[{"taxonomy":"category","embeddable":true,"href":"https:\/\/www.sportchaco.com.ar\/index.php?rest_route=%2Fwp%2Fv2%2Fcategories&post=10298"},{"taxonomy":"post_tag","embeddable":true,"href":"https:\/\/www.sportchaco.com.ar\/index.php?rest_route=%2Fwp%2Fv2%2Ftags&post=10298"}],"curies":[{"name":"wp","href":"https:\/\/api.w.org\/{rel}","templated":true}]}}