{"id":10331,"date":"2024-06-07T19:33:17","date_gmt":"2024-06-07T22:33:17","guid":{"rendered":"https:\/\/www.sportchaco.com.ar\/?p=10331"},"modified":"2024-06-07T19:33:17","modified_gmt":"2024-06-07T22:33:17","slug":"desocha-llevo-a-cabo-la-jornada-de-sensibilizacion-sobre-deportes-y-actividades-fisicas-adaptadas","status":"publish","type":"post","link":"https:\/\/www.sportchaco.com.ar\/?p=10331","title":{"rendered":"Desocha llev\u00f3 a cabo la jornada de sensibilizaci\u00f3n sobre deportes y actividades f\u00edsicas adaptadas"},"content":{"rendered":"<p><strong>07-06-2024<\/strong><\/p>\n<p><img loading=\"lazy\" decoding=\"async\" class=\" wp-image-9468 aligncenter\" src=\"https:\/\/www.sportchaco.com.ar\/wp-content\/uploads\/2024\/05\/Nachec-728x90-2-300x37.gif\" alt=\"\" width=\"349\" height=\"43\" \/><\/p>\n<p>En la jornada del viernes, la Fundaci\u00f3n Deportiva Social Chaco, llev\u00f3 a cabo una nueva jornada de sensibilizaci\u00f3n sobre deportes y actividades f\u00edsicas adaptadas a la perspectiva de discapacidad.<\/p>\n<p>La misma se desarroll\u00f3 en la localidad de Pampa del Indio, organizada en forma conjunta con el Ministerio de Educaci\u00f3n, Desocha y el Municipio de Pampa del Indio.<\/p>\n<p>Estuvo destinada a docentes de todas las modalidades de los niveles obligatorios y educaci\u00f3n especial, equipos de clubes y de \u00e1reas de deportes municipales.<\/p>\n<p>Dijeron presentes m\u00e1s de 140 docentes de distintos establecimientos educativos de la regi\u00f3n. El agradecimiento en la organizaci\u00f3n va a la Escuela de Educaci\u00f3n Especial N\u00b028 encabezado por su directora, Adriana M\u00e1rquez, y al profesor de Desocha, Anibal Gonz\u00e1lez.<\/p>\n<p>Desde la fundaci\u00f3n seguimos apostando al deporte inclusivo y a seguir rompiendo barreras.<\/p>\n<p><img loading=\"lazy\" decoding=\"async\" class=\"size-medium wp-image-9405 aligncenter\" src=\"https:\/\/www.sportchaco.com.ar\/wp-content\/uploads\/2024\/05\/aVISO-4-240x300.jpeg\" alt=\"\" width=\"240\" height=\"300\" srcset=\"https:\/\/www.sportchaco.com.ar\/wp-content\/uploads\/2024\/05\/aVISO-4-240x300.jpeg 240w, https:\/\/www.sportchaco.com.ar\/wp-content\/uploads\/2024\/05\/aVISO-4-819x1024.jpeg 819w, https:\/\/www.sportchaco.com.ar\/wp-content\/uploads\/2024\/05\/aVISO-4-768x960.jpeg 768w, https:\/\/www.sportchaco.com.ar\/wp-content\/uploads\/2024\/05\/aVISO-4.jpeg 1080w\" sizes=\"auto, (max-width: 240px) 100vw, 240px\" \/><\/p>\n<p>&nbsp;<\/p>\n","protected":false},"excerpt":{"rendered":"<p>07-06-2024 En la jornada del viernes, la Fundaci\u00f3n Deportiva Social Chaco, llev\u00f3 a cabo una nueva jornada de sensibilizaci\u00f3n sobre deportes y actividades f\u00edsicas adaptadas a la perspectiva de discapacidad. La misma se desarroll\u00f3 en la localidad de Pampa del Indio, organizada en forma conjunta con el Ministerio de Educaci\u00f3n, Desocha y el Municipio de &hellip;<\/p>\n","protected":false},"author":3,"featured_media":10332,"comment_status":"open","ping_status":"open","sticky":false,"template":"","format":"standard","meta":{"footnotes":""},"categories":[44],"tags":[],"class_list":["post-10331","post","type-post","status-publish","format-standard","has-post-thumbnail","hentry","category-varios"],"_links":{"self":[{"href":"https:\/\/www.sportchaco.com.ar\/index.php?rest_route=\/wp\/v2\/posts\/10331","targetHints":{"allow":["GET"]}}],"collection":[{"href":"https:\/\/www.sportchaco.com.ar\/index.php?rest_route=\/wp\/v2\/posts"}],"about":[{"href":"https:\/\/www.sportchaco.com.ar\/index.php?rest_route=\/wp\/v2\/types\/post"}],"author":[{"embeddable":true,"href":"https:\/\/www.sportchaco.com.ar\/index.php?rest_route=\/wp\/v2\/users\/3"}],"replies":[{"embeddable":true,"href":"https:\/\/www.sportchaco.com.ar\/index.php?rest_route=%2Fwp%2Fv2%2Fcomments&post=10331"}],"version-history":[{"count":1,"href":"https:\/\/www.sportchaco.com.ar\/index.php?rest_route=\/wp\/v2\/posts\/10331\/revisions"}],"predecessor-version":[{"id":10333,"href":"https:\/\/www.sportchaco.com.ar\/index.php?rest_route=\/wp\/v2\/posts\/10331\/revisions\/10333"}],"wp:featuredmedia":[{"embeddable":true,"href":"https:\/\/www.sportchaco.com.ar\/index.php?rest_route=\/wp\/v2\/media\/10332"}],"wp:attachment":[{"href":"https:\/\/www.sportchaco.com.ar\/index.php?rest_route=%2Fwp%2Fv2%2Fmedia&parent=10331"}],"wp:term":[{"taxonomy":"category","embeddable":true,"href":"https:\/\/www.sportchaco.com.ar\/index.php?rest_route=%2Fwp%2Fv2%2Fcategories&post=10331"},{"taxonomy":"post_tag","embeddable":true,"href":"https:\/\/www.sportchaco.com.ar\/index.php?rest_route=%2Fwp%2Fv2%2Ftags&post=10331"}],"curies":[{"name":"wp","href":"https:\/\/api.w.org\/{rel}","templated":true}]}}