{"id":10334,"date":"2024-06-07T23:13:22","date_gmt":"2024-06-08T02:13:22","guid":{"rendered":"https:\/\/www.sportchaco.com.ar\/?p=10334"},"modified":"2024-06-07T23:17:34","modified_gmt":"2024-06-08T02:17:34","slug":"efemerides-del-8-de-junio","status":"publish","type":"post","link":"https:\/\/www.sportchaco.com.ar\/?p=10334","title":{"rendered":"Efem\u00e9rides del 8 de junio"},"content":{"rendered":"<p><strong>Esta es la Efem\u00e9rides del Deporte en el Chaco de un 8 de junio del periodista Luis Dar\u00edo Molodezky.<\/strong><\/p>\n<p><img loading=\"lazy\" decoding=\"async\" class=\"alignnone size-medium wp-image-10335\" src=\"https:\/\/www.sportchaco.com.ar\/wp-content\/uploads\/2024\/06\/Molodezky-Luis-11-05-24-300x225.jpg\" alt=\"\" width=\"300\" height=\"225\" srcset=\"https:\/\/www.sportchaco.com.ar\/wp-content\/uploads\/2024\/06\/Molodezky-Luis-11-05-24-300x225.jpg 300w, https:\/\/www.sportchaco.com.ar\/wp-content\/uploads\/2024\/06\/Molodezky-Luis-11-05-24-1024x768.jpg 1024w, https:\/\/www.sportchaco.com.ar\/wp-content\/uploads\/2024\/06\/Molodezky-Luis-11-05-24-768x576.jpg 768w, https:\/\/www.sportchaco.com.ar\/wp-content\/uploads\/2024\/06\/Molodezky-Luis-11-05-24-1536x1153.jpg 1536w, https:\/\/www.sportchaco.com.ar\/wp-content\/uploads\/2024\/06\/Molodezky-Luis-11-05-24.jpg 1599w\" sizes=\"auto, (max-width: 300px) 100vw, 300px\" \/><\/p>\n<p><strong>1980 <\/strong>\/ Se inaugura en Las Bre\u00f1as el complejo polideportivo construido por el municipio local, y que est\u00e1 enclavado sobre la avenida de Los Inmigrantes. Cuenta con dos canchas de b\u00e1squet, dos de tenis y tres de voley. Pista de atletismo de 400 metros y play\u00f3n para la pr\u00e1ctica del atletismo.<\/p>\n<p>&nbsp;<\/p>\n<p><strong>1985 <\/strong>\/ Villa Alvear gana el torneo Selectivo de la Liga Chaque\u00f1a, al vencer en el \u00faltimo partido a For Ever por dos a uno, y gan\u00f3 el derecho de jugar el regional. El plantel estuvo integrado por Vera, Balcaza, Urrere Pon, Casaf\u00fas, Rovira, Guti\u00e9rrez, Barrero, Barrientos, Celso Gonz\u00e1lez, Gonz\u00e1lez B\u00e1ez, Aguirre, Moro, Magn\u00edn, Geiser, Canteros y Romero. DT: Oscar Rosales. M\u00e9dico: Garagorri. Utilero: Torres.<\/p>\n<p><strong><em>\u00a0<\/em><\/strong><\/p>\n<p><strong>2018 \/<\/strong> Fallece en Resistencia Rolando C\u00e1nepa, escritor y emblem\u00e1tico jugador de ajedrez. Estudi\u00f3 Meteorolog\u00eda en Buenos Aires y en 1958 ingres\u00f3 al Aeroclub Chaco de Las Heras y Castelli. En 1966 se radic\u00f3 definitivamente en el Chaco, porque antes iba y ven\u00eda a Corrientes. Jubilado, se incorpor\u00f3 a la C\u00e1mara de Diputados como taqu\u00edgrafo. Fue campe\u00f3n Provincia de Ajedrez en 1974, aunque se convirti\u00f3 en un emblema cuando igual\u00f3 con el inigualable Bobby Fischer, en una simultanea de 20 jugadores con los mejores exponentes de la zona. Hab\u00eda nacido el 9 de enero de 1936 en General Paz, Corrientes<\/p>\n<p>&nbsp;<\/p>\n<p><strong><em>\u00a0Foto portada: Rolando C\u00e1nepa<\/em><\/strong><\/p>\n<p><img loading=\"lazy\" decoding=\"async\" class=\"alignnone size-medium wp-image-10177 aligncenter\" src=\"https:\/\/www.sportchaco.com.ar\/wp-content\/uploads\/2024\/06\/Mosquitos-3-300x300.jpg\" alt=\"\" width=\"300\" height=\"300\" srcset=\"https:\/\/www.sportchaco.com.ar\/wp-content\/uploads\/2024\/06\/Mosquitos-3-300x300.jpg 300w, https:\/\/www.sportchaco.com.ar\/wp-content\/uploads\/2024\/06\/Mosquitos-3-1024x1024.jpg 1024w, https:\/\/www.sportchaco.com.ar\/wp-content\/uploads\/2024\/06\/Mosquitos-3-150x150.jpg 150w, https:\/\/www.sportchaco.com.ar\/wp-content\/uploads\/2024\/06\/Mosquitos-3-768x768.jpg 768w, https:\/\/www.sportchaco.com.ar\/wp-content\/uploads\/2024\/06\/Mosquitos-3.jpg 1440w\" sizes=\"auto, (max-width: 300px) 100vw, 300px\" \/><\/p>\n","protected":false},"excerpt":{"rendered":"<p>Esta es la Efem\u00e9rides del Deporte en el Chaco de un 8 de junio del periodista Luis Dar\u00edo Molodezky. 1980 \/ Se inaugura en Las Bre\u00f1as el complejo polideportivo construido por el municipio local, y que est\u00e1 enclavado sobre la avenida de Los Inmigrantes. Cuenta con dos canchas de b\u00e1squet, dos de tenis y tres &hellip;<\/p>\n","protected":false},"author":2,"featured_media":10349,"comment_status":"open","ping_status":"open","sticky":false,"template":"","format":"standard","meta":{"footnotes":""},"categories":[45,36],"tags":[],"class_list":["post-10334","post","type-post","status-publish","format-standard","has-post-thumbnail","hentry","category-efemerides-dia-por-dia","category-junio"],"_links":{"self":[{"href":"https:\/\/www.sportchaco.com.ar\/index.php?rest_route=\/wp\/v2\/posts\/10334","targetHints":{"allow":["GET"]}}],"collection":[{"href":"https:\/\/www.sportchaco.com.ar\/index.php?rest_route=\/wp\/v2\/posts"}],"about":[{"href":"https:\/\/www.sportchaco.com.ar\/index.php?rest_route=\/wp\/v2\/types\/post"}],"author":[{"embeddable":true,"href":"https:\/\/www.sportchaco.com.ar\/index.php?rest_route=\/wp\/v2\/users\/2"}],"replies":[{"embeddable":true,"href":"https:\/\/www.sportchaco.com.ar\/index.php?rest_route=%2Fwp%2Fv2%2Fcomments&post=10334"}],"version-history":[{"count":3,"href":"https:\/\/www.sportchaco.com.ar\/index.php?rest_route=\/wp\/v2\/posts\/10334\/revisions"}],"predecessor-version":[{"id":10351,"href":"https:\/\/www.sportchaco.com.ar\/index.php?rest_route=\/wp\/v2\/posts\/10334\/revisions\/10351"}],"wp:featuredmedia":[{"embeddable":true,"href":"https:\/\/www.sportchaco.com.ar\/index.php?rest_route=\/wp\/v2\/media\/10349"}],"wp:attachment":[{"href":"https:\/\/www.sportchaco.com.ar\/index.php?rest_route=%2Fwp%2Fv2%2Fmedia&parent=10334"}],"wp:term":[{"taxonomy":"category","embeddable":true,"href":"https:\/\/www.sportchaco.com.ar\/index.php?rest_route=%2Fwp%2Fv2%2Fcategories&post=10334"},{"taxonomy":"post_tag","embeddable":true,"href":"https:\/\/www.sportchaco.com.ar\/index.php?rest_route=%2Fwp%2Fv2%2Ftags&post=10334"}],"curies":[{"name":"wp","href":"https:\/\/api.w.org\/{rel}","templated":true}]}}