{"id":10341,"date":"2024-06-07T23:04:40","date_gmt":"2024-06-08T02:04:40","guid":{"rendered":"https:\/\/www.sportchaco.com.ar\/?p=10341"},"modified":"2024-06-07T23:04:40","modified_gmt":"2024-06-08T02:04:40","slug":"alexander-zverev-vs-carlos-alcaraz-la-final-de-roland-garros","status":"publish","type":"post","link":"https:\/\/www.sportchaco.com.ar\/?p=10341","title":{"rendered":"Alexander Zverev vs. Carlos Alcaraz la final de Roland Garros"},"content":{"rendered":"<div class=\"row\">\n<div class=\"col-12\">\n<article id=\"detail-header\" class=\"article-header\">\n<div class=\"article-top\">\n<div class=\"article-title\">\n<h1 class=\"title\"><\/h1>\n<\/div>\n<div class=\"article-sub-title \">\n<p class=\"ignore-parser\"><strong>El domingo saldr\u00e1 el nuevo campe\u00f3n del Roland Garros en una final in\u00e9dita entre el espa\u00f1ol Carlos Alcaraz y el alem\u00e1n Alexander Zverev<\/strong><\/p>\n<p class=\"ignore-parser\">\n<\/div>\n<div class=\"autor-y-compartir-wrapper\">\n<div class=\"author-wrapper d-flex flex-row align-items-center\">\n<div class=\"d-flex flex-column\"><\/div>\n<\/div>\n<\/div>\n<\/div>\n<\/article>\n<div class=\"banner-libre\"><\/div>\n<\/div>\n<\/div>\n<div class=\"row\">\n<div class=\"col-12 col-lg-8\">\n<div class=\"detail-gallery\">\n<div class=\"detail-gallery__slide-wrapper\">\n<div class=\"detail-gallery__slide\">\n<figure class=\"detail-gallery__figure\"><img loading=\"lazy\" decoding=\"async\" class=\"detail-gallery__figure-img img-fluid\" title=\"Alexander Zverev y Carlos Alcaraz.\" src=\"https:\/\/media.diariouno.com.ar\/p\/2223cf339098c7916f44c31617dc29f1\/adjuntos\/298\/imagenes\/009\/349\/0009349752\/1200x0\/smart\/zverev-alcarazjpg.jpg\" alt=\"Alexander Zverev y Carlos Alcaraz.\" width=\"835\" height=\"470\" \/><\/p>\n<div class=\"detail-gallery__nav\"><\/div>\n<\/figure>\n<\/div>\n<div class=\"detail-gallery__caption\">\n<p>Alexander Zverev y Carlos Alcaraz.<\/p>\n<\/div>\n<\/div>\n<\/div>\n<article class=\"article-body first\">\n<div class=\"article-content\">\n<div class=\"cuerpo\" data-twitter-link=\"\">\n<p>El domingo\u00a0<a href=\"https:\/\/www.diariouno.com.ar\/ovacion\/tenis\/roland-garros-asi-quedaron-los-cruces-semifinales-n1324100\" target=\"current\" rel=\"follow noopener\">Roland Garros\u00a0<\/a>coronar\u00e1 a su nuevo campe\u00f3n, que saldr\u00e1 de una final in\u00e9dita entre el espa\u00f1ol\u00a0Carlos Alcaraz\u00a0y el alem\u00e1n\u00a0Alexander Zverev.<\/p>\n<\/div>\n<\/div>\n<\/article>\n<article class=\"article-body\">\n<div class=\"article-content\">\n<div class=\"cuerpo\" data-twitter-link=\"\">\n<p>El espa\u00f1ol\u00a0Carlos Alcaraz se recuper\u00f3 de un mal comienzo para derrotar a un inconsistente Jannik Sinner por 2-6, 6-3, 3-6, 6-4 y 6-3\u00a0y clasificarse para su primera final del Abierto de Francia.<\/p>\n<p>&nbsp;<\/p>\n<\/div>\n<\/div>\n<\/article>\n<article class=\"article-body third-p\">\n<div class=\"article-content\">\n<div class=\"cuerpo\" data-twitter-link=\"\">\n<div id=\"1422124-Libre-713042907_wrap\" class=\"embed_cont type_imagen\" contenteditable=\"false\">\n<div id=\"1422124-Libre-713042907_content\" class=\"embed_content\"><img decoding=\"async\" id=\"1422124-Libre-713042907_embed\" title=\"\" src=\"https:\/\/media.diariouno.com.ar\/p\/51b917664c3abb16dc8125d83877183f\/adjuntos\/298\/imagenes\/009\/349\/0009349755\/1200x0\/smart\/alcarazjpg.jpg\" alt=\"\" width=\"1200\" height=\"undefined\" data-td-src-property=\"https:\/\/media.diariouno.com.ar\/p\/51b917664c3abb16dc8125d83877183f\/adjuntos\/298\/imagenes\/009\/349\/0009349755\/1200x0\/smart\/alcarazjpg.jpg\" \/><\/div>\n<div id=\"1422124-Libre-713042907_epigrafe\" class=\"embed_epigrafe\"><\/div>\n<div id=\"1422124-Libre-713042907_copyright\" class=\"embed_copyright\"><\/div>\n<\/div>\n<p>El tercer cabeza de serie fue una sombra de s\u00ed mismo en el primer set,\u00a0antes de aprovechar unos calambres de su rival italiano para igualar la contienda antes de que el extra\u00f1o partido llegara al decisivo.<\/p>\n<p>&nbsp;<\/p>\n<p>Sinner, campe\u00f3n del Abierto de Australia, que se convertir\u00e1 en n\u00famero uno del mundo la semana que viene, se despidi\u00f3 del torneo\u00a0al mandar fuera una derecha descomunal del espa\u00f1ol desde la l\u00ednea de fondo en el tercer punto de partido de que disfrut\u00f3 en la pista Philippe Chatrier.<\/p>\n<p>Alcaraz, doble campe\u00f3n de torneos Grand Slam y que espera a\u00f1adir Roland Garros a sus t\u00edtulos de Wimbledon y el Abierto de Estados Unidos, se enfrentar\u00e1 al alem\u00e1n Alexander Zverev, que dej\u00f3 en el camino al noruego Casper Ruud, dos veces subcampe\u00f3n.<\/p>\n<p>Zverev (4\u00b0) le gan\u00f3 al noruego Casper Ruud (7\u00b0) con parciales de 2-6, 6-2, 6-4 y 6-2.\u00a0El alem\u00e1n de 27 a\u00f1os se tom\u00f3 revancha, ya que luego de tres intentos fallidos (el \u00faltimo ante Ruud) logr\u00f3 romper la barrera de semifinales y tendr\u00e1 la chance de quedarse con su primer t\u00edtulo de Grand Slam.<\/p>\n<div id=\"1422125-Libre-1593212817_wrap\" class=\"embed_cont type_imagen\" contenteditable=\"false\">\n<div id=\"1422125-Libre-1593212817_content\" class=\"embed_content\"><img decoding=\"async\" id=\"1422125-Libre-1593212817_embed\" title=\"\" src=\"https:\/\/media.diariouno.com.ar\/p\/0641683d4e7579db1122c80a3f5e95d1\/adjuntos\/298\/imagenes\/009\/349\/0009349756\/1200x0\/smart\/zverevjpg.jpg\" alt=\"\" width=\"1200\" height=\"undefined\" data-td-src-property=\"https:\/\/media.diariouno.com.ar\/p\/0641683d4e7579db1122c80a3f5e95d1\/adjuntos\/298\/imagenes\/009\/349\/0009349756\/1200x0\/smart\/zverevjpg.jpg\" \/><\/div>\n<div id=\"1422125-Libre-1593212817_epigrafe\" class=\"embed_epigrafe\"><\/div>\n<div id=\"1422125-Libre-1593212817_copyright\" class=\"embed_copyright\"><\/div>\n<\/div>\n<p>La final entre Carlos Alcaraz y Alexander Zverev por la gran final de\u00a0Roland Garros se disputar\u00e1 el domingo 10 de junio en el Court Philippe Chatrier, desde las 10 de Argentina.<\/p>\n<p>La gran final del Grand Slam parisino lo podr\u00e1n ver en vivo este domingo por ESPN y de forma online por la plataforma de Star+.<\/p>\n<\/div>\n<p><strong>Foto portada: El saludo de Sinner a Alcaraz<\/strong><\/p>\n<p><img loading=\"lazy\" decoding=\"async\" class=\"alignnone size-medium wp-image-10174 aligncenter\" src=\"https:\/\/www.sportchaco.com.ar\/wp-content\/uploads\/2024\/06\/mosqiotps-salud-15-5-24-300x300.jpg\" alt=\"\" width=\"300\" height=\"300\" srcset=\"https:\/\/www.sportchaco.com.ar\/wp-content\/uploads\/2024\/06\/mosqiotps-salud-15-5-24-300x300.jpg 300w, https:\/\/www.sportchaco.com.ar\/wp-content\/uploads\/2024\/06\/mosqiotps-salud-15-5-24-150x150.jpg 150w, https:\/\/www.sportchaco.com.ar\/wp-content\/uploads\/2024\/06\/mosqiotps-salud-15-5-24.jpg 600w\" sizes=\"auto, (max-width: 300px) 100vw, 300px\" \/><\/p>\n<\/div>\n<\/article>\n<\/div>\n<\/div>\n","protected":false},"excerpt":{"rendered":"<p>El domingo saldr\u00e1 el nuevo campe\u00f3n del Roland Garros en una final in\u00e9dita entre el espa\u00f1ol Carlos Alcaraz y el alem\u00e1n Alexander Zverev Alexander Zverev y Carlos Alcaraz. El domingo\u00a0Roland Garros\u00a0coronar\u00e1 a su nuevo campe\u00f3n, que saldr\u00e1 de una final in\u00e9dita entre el espa\u00f1ol\u00a0Carlos Alcaraz\u00a0y el alem\u00e1n\u00a0Alexander Zverev. El espa\u00f1ol\u00a0Carlos Alcaraz se recuper\u00f3 de un &hellip;<\/p>\n","protected":false},"author":2,"featured_media":10342,"comment_status":"open","ping_status":"open","sticky":false,"template":"","format":"standard","meta":{"footnotes":""},"categories":[46],"tags":[],"class_list":["post-10341","post","type-post","status-publish","format-standard","has-post-thumbnail","hentry","category-tenis"],"_links":{"self":[{"href":"https:\/\/www.sportchaco.com.ar\/index.php?rest_route=\/wp\/v2\/posts\/10341","targetHints":{"allow":["GET"]}}],"collection":[{"href":"https:\/\/www.sportchaco.com.ar\/index.php?rest_route=\/wp\/v2\/posts"}],"about":[{"href":"https:\/\/www.sportchaco.com.ar\/index.php?rest_route=\/wp\/v2\/types\/post"}],"author":[{"embeddable":true,"href":"https:\/\/www.sportchaco.com.ar\/index.php?rest_route=\/wp\/v2\/users\/2"}],"replies":[{"embeddable":true,"href":"https:\/\/www.sportchaco.com.ar\/index.php?rest_route=%2Fwp%2Fv2%2Fcomments&post=10341"}],"version-history":[{"count":1,"href":"https:\/\/www.sportchaco.com.ar\/index.php?rest_route=\/wp\/v2\/posts\/10341\/revisions"}],"predecessor-version":[{"id":10343,"href":"https:\/\/www.sportchaco.com.ar\/index.php?rest_route=\/wp\/v2\/posts\/10341\/revisions\/10343"}],"wp:featuredmedia":[{"embeddable":true,"href":"https:\/\/www.sportchaco.com.ar\/index.php?rest_route=\/wp\/v2\/media\/10342"}],"wp:attachment":[{"href":"https:\/\/www.sportchaco.com.ar\/index.php?rest_route=%2Fwp%2Fv2%2Fmedia&parent=10341"}],"wp:term":[{"taxonomy":"category","embeddable":true,"href":"https:\/\/www.sportchaco.com.ar\/index.php?rest_route=%2Fwp%2Fv2%2Fcategories&post=10341"},{"taxonomy":"post_tag","embeddable":true,"href":"https:\/\/www.sportchaco.com.ar\/index.php?rest_route=%2Fwp%2Fv2%2Ftags&post=10341"}],"curies":[{"name":"wp","href":"https:\/\/api.w.org\/{rel}","templated":true}]}}