{"id":10375,"date":"2024-06-08T23:45:26","date_gmt":"2024-06-09T02:45:26","guid":{"rendered":"https:\/\/www.sportchaco.com.ar\/?p=10375"},"modified":"2024-06-08T23:45:09","modified_gmt":"2024-06-09T02:45:09","slug":"10375","status":"publish","type":"post","link":"https:\/\/www.sportchaco.com.ar\/?p=10375","title":{"rendered":"Efem\u00e9rides del 9 de junio"},"content":{"rendered":"<p><strong>Esta es la Efem\u00e9rides del Deporte en el Chaco de un 9 de junio del periodista Luis Dar\u00edo Molodezky.<\/strong><\/p>\n<p>&nbsp;<\/p>\n<p><img loading=\"lazy\" decoding=\"async\" class=\"alignnone size-medium wp-image-10335\" src=\"https:\/\/www.sportchaco.com.ar\/wp-content\/uploads\/2024\/06\/Molodezky-Luis-11-05-24-300x225.jpg\" alt=\"\" width=\"300\" height=\"225\" srcset=\"https:\/\/www.sportchaco.com.ar\/wp-content\/uploads\/2024\/06\/Molodezky-Luis-11-05-24-300x225.jpg 300w, https:\/\/www.sportchaco.com.ar\/wp-content\/uploads\/2024\/06\/Molodezky-Luis-11-05-24-1024x768.jpg 1024w, https:\/\/www.sportchaco.com.ar\/wp-content\/uploads\/2024\/06\/Molodezky-Luis-11-05-24-768x576.jpg 768w, https:\/\/www.sportchaco.com.ar\/wp-content\/uploads\/2024\/06\/Molodezky-Luis-11-05-24-1536x1153.jpg 1536w, https:\/\/www.sportchaco.com.ar\/wp-content\/uploads\/2024\/06\/Molodezky-Luis-11-05-24.jpg 1599w\" sizes=\"auto, (max-width: 300px) 100vw, 300px\" \/><\/p>\n<p><strong><em>\u00a0<\/em><\/strong><\/p>\n<p><strong>1927 \/<\/strong> Aterriza en el Aero Club Chaco Gerardo Varela a bordo de un avi\u00f3n Curtiss, tras realizar un raid desde Castelar (Buenos Aires) a Resistencia, con escalas intermedias en Rosario, Santa Fe y Saladas (Corrientes). Varela fue el primer piloto del Chaco y organizador del Aero Club con la colaboraci\u00f3n de un grupo de vecinos, que qued\u00f3 constituido el 28 de agosto de 1921. Con\u00a0<span style=\"color: #000000;\"><a style=\"color: #000000;\" href=\"http:\/\/www.chapay.com.ar\/?Seccion=personaje&amp;Id=415\">Lino R. Torres<\/a>\u00a0<\/span>y Francisco J. Carri\u00f3 redact\u00f3 los estatutos de esta instituci\u00f3n y por su constante actividad, en 1923 se desempe\u00f1\u00f3 como presidente honorario. El 19 de enero de 1924 realiz\u00f3 su primer vuelo solo y el 1 de febrero del mismo a\u00f1o obtuvo el Brevet Internacional. Hab\u00eda nacido un 10 de julio de 1898 y falleci\u00f3 el 31 de agosto de 1960, a los 62 a\u00f1os.<\/p>\n<p><strong>\u00a0<\/strong><\/p>\n<p><strong>1934 <\/strong>\/ Representando al Chaco, el atleta Eufrasio Far\u00edas, logra el r\u00e9cord chaque\u00f1o de los 1.500 metros, con 4\u201948\u201d. En ese mismo evento Federico Hortt, logra el r\u00e9cord chaque\u00f1o en los 100 metros con 11\u201d 2\/5.<\/p>\n<p>&nbsp;<\/p>\n<p><strong>1950 <\/strong>\/ Empatan en 10 asaltos los boxeadores Te\u00f3filo P\u00e1ez y Domingo D\u2019El\u00eda (padre), combate efectuado en el Boxing Club Avenida.<\/p>\n<p>&nbsp;<\/p>\n<p><strong>1985 <\/strong>\/ Sarmiento obtiene el ascenso a la divisional primera de la Asociaci\u00f3n Resistencia, al vencer en la final a San Fernando 75 a 70.<\/p>\n<p>&nbsp;<\/p>\n<p><strong>Foto portada del piloto Gerardo Varela<\/strong><\/p>\n<p><img loading=\"lazy\" decoding=\"async\" class=\"alignnone size-medium wp-image-10214 aligncenter\" src=\"https:\/\/www.sportchaco.com.ar\/wp-content\/uploads\/2024\/06\/Msquito-pica-240x300.jpg\" alt=\"\" width=\"240\" height=\"300\" srcset=\"https:\/\/www.sportchaco.com.ar\/wp-content\/uploads\/2024\/06\/Msquito-pica-240x300.jpg 240w, https:\/\/www.sportchaco.com.ar\/wp-content\/uploads\/2024\/06\/Msquito-pica-819x1024.jpg 819w, https:\/\/www.sportchaco.com.ar\/wp-content\/uploads\/2024\/06\/Msquito-pica-768x960.jpg 768w, https:\/\/www.sportchaco.com.ar\/wp-content\/uploads\/2024\/06\/Msquito-pica.jpg 1080w\" sizes=\"auto, (max-width: 240px) 100vw, 240px\" \/><\/p>\n","protected":false},"excerpt":{"rendered":"<p>Esta es la Efem\u00e9rides del Deporte en el Chaco de un 9 de junio del periodista Luis Dar\u00edo Molodezky. &nbsp; \u00a0 1927 \/ Aterriza en el Aero Club Chaco Gerardo Varela a bordo de un avi\u00f3n Curtiss, tras realizar un raid desde Castelar (Buenos Aires) a Resistencia, con escalas intermedias en Rosario, Santa Fe y &hellip;<\/p>\n","protected":false},"author":2,"featured_media":10378,"comment_status":"open","ping_status":"open","sticky":false,"template":"","format":"standard","meta":{"footnotes":""},"categories":[45,36],"tags":[],"class_list":["post-10375","post","type-post","status-publish","format-standard","has-post-thumbnail","hentry","category-efemerides-dia-por-dia","category-junio"],"_links":{"self":[{"href":"https:\/\/www.sportchaco.com.ar\/index.php?rest_route=\/wp\/v2\/posts\/10375","targetHints":{"allow":["GET"]}}],"collection":[{"href":"https:\/\/www.sportchaco.com.ar\/index.php?rest_route=\/wp\/v2\/posts"}],"about":[{"href":"https:\/\/www.sportchaco.com.ar\/index.php?rest_route=\/wp\/v2\/types\/post"}],"author":[{"embeddable":true,"href":"https:\/\/www.sportchaco.com.ar\/index.php?rest_route=\/wp\/v2\/users\/2"}],"replies":[{"embeddable":true,"href":"https:\/\/www.sportchaco.com.ar\/index.php?rest_route=%2Fwp%2Fv2%2Fcomments&post=10375"}],"version-history":[{"count":2,"href":"https:\/\/www.sportchaco.com.ar\/index.php?rest_route=\/wp\/v2\/posts\/10375\/revisions"}],"predecessor-version":[{"id":10391,"href":"https:\/\/www.sportchaco.com.ar\/index.php?rest_route=\/wp\/v2\/posts\/10375\/revisions\/10391"}],"wp:featuredmedia":[{"embeddable":true,"href":"https:\/\/www.sportchaco.com.ar\/index.php?rest_route=\/wp\/v2\/media\/10378"}],"wp:attachment":[{"href":"https:\/\/www.sportchaco.com.ar\/index.php?rest_route=%2Fwp%2Fv2%2Fmedia&parent=10375"}],"wp:term":[{"taxonomy":"category","embeddable":true,"href":"https:\/\/www.sportchaco.com.ar\/index.php?rest_route=%2Fwp%2Fv2%2Fcategories&post=10375"},{"taxonomy":"post_tag","embeddable":true,"href":"https:\/\/www.sportchaco.com.ar\/index.php?rest_route=%2Fwp%2Fv2%2Ftags&post=10375"}],"curies":[{"name":"wp","href":"https:\/\/api.w.org\/{rel}","templated":true}]}}