{"id":10392,"date":"2024-06-09T11:34:19","date_gmt":"2024-06-09T14:34:19","guid":{"rendered":"https:\/\/www.sportchaco.com.ar\/?p=10392"},"modified":"2024-06-09T11:34:19","modified_gmt":"2024-06-09T14:34:19","slug":"melani-alegre-se-consagro-campeona-en-kata-forma-y-clasifico-al-mundial-de-karate","status":"publish","type":"post","link":"https:\/\/www.sportchaco.com.ar\/?p=10392","title":{"rendered":"Melani Alegre se consagr\u00f3 campeona en Kata-Forma y clasific\u00f3 al Mundial de Karate"},"content":{"rendered":"<p><strong>09-06-2024<\/strong><\/p>\n<p>Melani Alegre, luchadora de Chaco For Ever, particip\u00f3 del torneo Argentino de Karate, en San Luis, donde logr\u00f3 consagrarse como campeona en Kata-Forma. Tambi\u00e9n, la deportista chaque\u00f1a, asegur\u00f3 su presencia en el Mundial de Karate que se realizar\u00e1 en M\u00e9xico.<\/p>\n<p>Por otra parte, el \u00faltimo fin de semana, una delegaci\u00f3n de 30 competidores del K\u00e1rate \u00abalbinegro\u00bb participaron del torneo Regional en Formosa, d\u00f3nde consiguieron un total de 16 primeros puestos, 8 segundos puestos y 5 terceros puestos.<\/p>\n<p><img loading=\"lazy\" decoding=\"async\" class=\"size-medium wp-image-10393 aligncenter\" src=\"https:\/\/www.sportchaco.com.ar\/wp-content\/uploads\/2024\/06\/karate-e1717943557797-300x160.jpg\" alt=\"\" width=\"300\" height=\"160\" srcset=\"https:\/\/www.sportchaco.com.ar\/wp-content\/uploads\/2024\/06\/karate-e1717943557797-300x160.jpg 300w, https:\/\/www.sportchaco.com.ar\/wp-content\/uploads\/2024\/06\/karate-e1717943557797-1024x546.jpg 1024w, https:\/\/www.sportchaco.com.ar\/wp-content\/uploads\/2024\/06\/karate-e1717943557797-768x409.jpg 768w, https:\/\/www.sportchaco.com.ar\/wp-content\/uploads\/2024\/06\/karate-e1717943557797-1536x819.jpg 1536w, https:\/\/www.sportchaco.com.ar\/wp-content\/uploads\/2024\/06\/karate-e1717943557797.jpg 1600w\" sizes=\"auto, (max-width: 300px) 100vw, 300px\" \/><\/p>\n<p><strong>Los podios <\/strong><br \/>\n<strong>\u2014 Campeones combate<\/strong><br \/>\nMar\u00eda Ram\u00edrez, cinto negro<br \/>\nJoaqu\u00edn Romero, cinto azul<br \/>\nBianca Barrios, cinto azul<br \/>\nSantiago Pelozo, cinto azul<br \/>\nNara Roman, cinto azul<br \/>\nGiovanni Caniza, cinto negro<\/p>\n<p><strong>\u2014 Segundo lugar en combate<\/strong><br \/>\nMaylen Parra<br \/>\nManfredi Gisela, cinto celeste<br \/>\nOriana Retamoza, cinto marr\u00f3n<br \/>\nIv\u00e1n Sabao, cinto negro<br \/>\nP\u00eda G\u00f3mez, cinto verde<\/p>\n<p><strong>\u2014 Campeones en Kata-Forma<\/strong><br \/>\nLuis Parras, cinto negro<br \/>\nAyelen Martinez, cinto negro<br \/>\nP\u00eda G\u00f3mez, cinto verde<br \/>\nMar\u00eda Ram\u00edrez, cinto negro<br \/>\nBianca Barrios, cinto azul<br \/>\nDiego Maurelz cinto azul<\/p>\n<p><strong>\u2014 Segundo puesto en Kata-Forma<\/strong><br \/>\nValentina Monz\u00f3n, cinto verde<br \/>\nJoaqu\u00edn Romero, cinto azul<br \/>\nBautista Estigarribia, cinto celeste<br \/>\nAil\u00e9n Jara, cinto amarillo<br \/>\nGisella Manfredi, cinto celeste<br \/>\nOriana Retamoza, cinto marr\u00f3n<br \/>\nThiago Parras, cinto negro<\/p>\n<p><strong>\u2014 Tercer lugar en Kata-Forma<\/strong><br \/>\nMaylen Parra, cinto marr\u00f3n<br \/>\nBautista Flores, cinto celeste<br \/>\nSamantha Bord\u00f3n, cinto amarillo<br \/>\nIgnacio Marastoni, cinto celeste<br \/>\nDaniel Bogarin, cinto celeste<br \/>\nIv\u00e1n Sabao, cinto negro<\/p>\n<p><img loading=\"lazy\" decoding=\"async\" class=\"size-medium wp-image-10174 aligncenter\" src=\"https:\/\/www.sportchaco.com.ar\/wp-content\/uploads\/2024\/06\/mosqiotps-salud-15-5-24-300x300.jpg\" alt=\"\" width=\"300\" height=\"300\" srcset=\"https:\/\/www.sportchaco.com.ar\/wp-content\/uploads\/2024\/06\/mosqiotps-salud-15-5-24-300x300.jpg 300w, https:\/\/www.sportchaco.com.ar\/wp-content\/uploads\/2024\/06\/mosqiotps-salud-15-5-24-150x150.jpg 150w, https:\/\/www.sportchaco.com.ar\/wp-content\/uploads\/2024\/06\/mosqiotps-salud-15-5-24.jpg 600w\" sizes=\"auto, (max-width: 300px) 100vw, 300px\" \/><\/p>\n","protected":false},"excerpt":{"rendered":"<p>09-06-2024 Melani Alegre, luchadora de Chaco For Ever, particip\u00f3 del torneo Argentino de Karate, en San Luis, donde logr\u00f3 consagrarse como campeona en Kata-Forma. Tambi\u00e9n, la deportista chaque\u00f1a, asegur\u00f3 su presencia en el Mundial de Karate que se realizar\u00e1 en M\u00e9xico. Por otra parte, el \u00faltimo fin de semana, una delegaci\u00f3n de 30 competidores del &hellip;<\/p>\n","protected":false},"author":3,"featured_media":10394,"comment_status":"open","ping_status":"open","sticky":false,"template":"","format":"standard","meta":{"footnotes":""},"categories":[62],"tags":[],"class_list":["post-10392","post","type-post","status-publish","format-standard","has-post-thumbnail","hentry","category-artes-marciales"],"_links":{"self":[{"href":"https:\/\/www.sportchaco.com.ar\/index.php?rest_route=\/wp\/v2\/posts\/10392","targetHints":{"allow":["GET"]}}],"collection":[{"href":"https:\/\/www.sportchaco.com.ar\/index.php?rest_route=\/wp\/v2\/posts"}],"about":[{"href":"https:\/\/www.sportchaco.com.ar\/index.php?rest_route=\/wp\/v2\/types\/post"}],"author":[{"embeddable":true,"href":"https:\/\/www.sportchaco.com.ar\/index.php?rest_route=\/wp\/v2\/users\/3"}],"replies":[{"embeddable":true,"href":"https:\/\/www.sportchaco.com.ar\/index.php?rest_route=%2Fwp%2Fv2%2Fcomments&post=10392"}],"version-history":[{"count":1,"href":"https:\/\/www.sportchaco.com.ar\/index.php?rest_route=\/wp\/v2\/posts\/10392\/revisions"}],"predecessor-version":[{"id":10395,"href":"https:\/\/www.sportchaco.com.ar\/index.php?rest_route=\/wp\/v2\/posts\/10392\/revisions\/10395"}],"wp:featuredmedia":[{"embeddable":true,"href":"https:\/\/www.sportchaco.com.ar\/index.php?rest_route=\/wp\/v2\/media\/10394"}],"wp:attachment":[{"href":"https:\/\/www.sportchaco.com.ar\/index.php?rest_route=%2Fwp%2Fv2%2Fmedia&parent=10392"}],"wp:term":[{"taxonomy":"category","embeddable":true,"href":"https:\/\/www.sportchaco.com.ar\/index.php?rest_route=%2Fwp%2Fv2%2Fcategories&post=10392"},{"taxonomy":"post_tag","embeddable":true,"href":"https:\/\/www.sportchaco.com.ar\/index.php?rest_route=%2Fwp%2Fv2%2Ftags&post=10392"}],"curies":[{"name":"wp","href":"https:\/\/api.w.org\/{rel}","templated":true}]}}