{"id":10417,"date":"2024-06-09T23:13:52","date_gmt":"2024-06-10T02:13:52","guid":{"rendered":"https:\/\/www.sportchaco.com.ar\/?p=10417"},"modified":"2024-06-09T23:13:52","modified_gmt":"2024-06-10T02:13:52","slug":"f1-en-canada-verstappen-en-un-clima-de-locos","status":"publish","type":"post","link":"https:\/\/www.sportchaco.com.ar\/?p=10417","title":{"rendered":"F1 en Canad\u00e1: Verstappen en un clima de locos"},"content":{"rendered":"<section class=\"elementor-section elementor-top-section elementor-element elementor-element-5f3790fb elementor-section-boxed elementor-section-height-default elementor-section-height-default\" data-id=\"5f3790fb\" data-element_type=\"section\">\n<div class=\"elementor-container elementor-column-gap-default\">\n<div class=\"elementor-column elementor-col-100 elementor-top-column elementor-element elementor-element-4483e28f\" data-id=\"4483e28f\" data-element_type=\"column\">\n<div class=\"elementor-widget-wrap elementor-element-populated\">\n<div class=\"elementor-element elementor-element-6b198db7 elementor-widget elementor-widget-theme-post-title elementor-page-title elementor-widget-heading\" data-id=\"6b198db7\" data-element_type=\"widget\" data-widget_type=\"theme-post-title.default\">\n<div class=\"elementor-widget-container\">\n<h1 class=\"elementor-heading-title elementor-size-default\"><\/h1>\n<\/div>\n<\/div>\n<div class=\"elementor-element elementor-element-29e42fa9 elementor-widget elementor-widget-theme-post-excerpt\" data-id=\"29e42fa9\" data-element_type=\"widget\" data-widget_type=\"theme-post-excerpt.default\">\n<div class=\"elementor-widget-container\"><strong>El neerland\u00e9s festej\u00f3 en Montreal luego de varias competencias sin subir al escal\u00f3n m\u00e1s alto del podio, tras una carrera que tuvo lluvia en el comienzo y Sol en el final.<\/strong><\/div>\n<\/div>\n<div class=\"elementor-element elementor-element-94c3910 elementor-widget__width-auto elementor-widget elementor-widget-post-info\" data-id=\"94c3910\" data-element_type=\"widget\" data-widget_type=\"post-info.default\">\n<div class=\"elementor-widget-container\">\n<p>&nbsp;<\/p>\n<\/div>\n<\/div>\n<\/div>\n<\/div>\n<\/div>\n<\/section>\n<section class=\"elementor-section elementor-top-section elementor-element elementor-element-6fe1335d elementor-section-boxed elementor-section-height-default elementor-section-height-default\" data-id=\"6fe1335d\" data-element_type=\"section\">\n<div class=\"elementor-container elementor-column-gap-default\">\n<div class=\"elementor-column elementor-col-100 elementor-top-column elementor-element elementor-element-3cae7ec4\" data-id=\"3cae7ec4\" data-element_type=\"column\">\n<div class=\"elementor-widget-wrap elementor-element-populated\">\n<div class=\"elementor-element elementor-element-3a2d7ae3 elementor-widget elementor-widget-theme-post-featured-image elementor-widget-image\" data-id=\"3a2d7ae3\" data-element_type=\"widget\" data-widget_type=\"theme-post-featured-image.default\">\n<div class=\"elementor-widget-container\"><img loading=\"lazy\" decoding=\"async\" class=\"attachment-full size-full wp-image-121936\" src=\"https:\/\/campeones.com.ar\/wp-content\/uploads\/2024\/06\/240609-F1-Verstappen.jpeg\" sizes=\"auto, (max-width: 976px) 100vw, 976px\" srcset=\"https:\/\/campeones.com.ar\/wp-content\/uploads\/2024\/06\/240609-F1-Verstappen.jpeg 976w, https:\/\/campeones.com.ar\/wp-content\/uploads\/2024\/06\/240609-F1-Verstappen-400x225.jpeg 400w, https:\/\/campeones.com.ar\/wp-content\/uploads\/2024\/06\/240609-F1-Verstappen-720x405.jpeg 720w, https:\/\/campeones.com.ar\/wp-content\/uploads\/2024\/06\/240609-F1-Verstappen-200x113.jpeg 200w, https:\/\/campeones.com.ar\/wp-content\/uploads\/2024\/06\/240609-F1-Verstappen-768x432.jpeg 768w, https:\/\/campeones.com.ar\/wp-content\/uploads\/2024\/06\/240609-F1-Verstappen-800x450.jpeg 800w\" alt=\"F1 Canad\u00e1 Verstappen\" width=\"976\" height=\"549\" \/><\/div>\n<\/div>\n<\/div>\n<\/div>\n<\/div>\n<\/section>\n<section class=\"elementor-section elementor-top-section elementor-element elementor-element-bcbd826 elementor-section-boxed elementor-section-height-default elementor-section-height-default\" data-id=\"bcbd826\" data-element_type=\"section\">\n<div class=\"elementor-container elementor-column-gap-default\">\n<div class=\"elementor-column elementor-col-100 elementor-top-column elementor-element elementor-element-77b9c9e\" data-id=\"77b9c9e\" data-element_type=\"column\">\n<div class=\"elementor-widget-wrap elementor-element-populated\">\n<div class=\"elementor-element elementor-element-88db2e7 elementor-widget elementor-widget-image\" data-id=\"88db2e7\" data-element_type=\"widget\" data-widget_type=\"image.default\">\n<div class=\"elementor-widget-container\"><a href=\"http:\/\/souno.como.ar\/\"><img decoding=\"async\" title=\"\" src=\"https:\/\/campeones.com.ar\/wp-content\/uploads\/2024\/04\/ZA%C2%93CALO-CAMPEONES-STREAMING_Mesa-de-trabajo-1.jpg\" alt=\"\" \/><\/a><\/div>\n<\/div>\n<\/div>\n<\/div>\n<\/div>\n<\/section>\n<section class=\"elementor-section elementor-top-section elementor-element elementor-element-382cdaea elementor-section-boxed elementor-section-height-default elementor-section-height-default\" data-id=\"382cdaea\" data-element_type=\"section\">\n<div class=\"elementor-container elementor-column-gap-default\">\n<div class=\"elementor-column elementor-col-100 elementor-top-column elementor-element elementor-element-4a637a60\" data-id=\"4a637a60\" data-element_type=\"column\">\n<div class=\"elementor-widget-wrap elementor-element-populated\">\n<div class=\"elementor-element elementor-element-72fcdc3b elementor-widget elementor-widget-theme-post-content\" data-id=\"72fcdc3b\" data-element_type=\"widget\" data-widget_type=\"theme-post-content.default\">\n<div class=\"elementor-widget-container\">\n<p class=\"p1\">Max Verstappen consigui\u00f3 su sexto triunfo en la temporada al cruzar antes que todos la meta del circuito \u201cGilles Villeneuve\u201d de Montreal, sede del Gran Premio de Canad\u00e1, siendo adem\u00e1s su<span class=\"Apple-converted-space\">\u00a0\u00a0<\/span>60\u00ba festejo con Red Bull en F\u00f3rmula 1, luego de afrontar una carrera que tuvo diferentes matices en la pista y en el cielo, debido a que comenz\u00f3 con lluvia y termin\u00f3 con Sol, a pesar de alguna amenaza de nubes que se acercaron a la isla de Notre Dame.<\/p>\n<p class=\"p1\">El neerland\u00e9s debi\u00f3 medirse en carrera con Lando Norris (quien con el McLaren lo hab\u00eda superado) y luego tambi\u00e9n lo hizo con George Russell (Mercedes), que larg\u00f3 en \u201cpole\u201d. El campe\u00f3n tuvo que exigirse para conseguir este nueva victoria en la especialidad la cual la asegur\u00f3 tras la parada en boxes para cumplir con el cambio de rodado, y capitalizar el retraso del brit\u00e1nico Norris, que le permiti\u00f3 tomar el liderazgo de la carrera hasta la bandera de cuadros.<\/p>\n<p class=\"p1\">Norris y Russell lo escoltaron; este luego de dar cuenta de su compa\u00f1ero Lewis Hamilton y de Oscar Piastri (McLaren) con quien protagoniz\u00f3 un roce en su intento de avanzar para recuperar posiciones, en una competencia que tuvo varias neutralizaciones con Auto de Seguridad por los despistes de Logan Sargeant (Williams) y luego por el trompo de Carlos Sainz (Ferrari) que fue impactado por Alex Albon (Williams).<\/p>\n<p class=\"p1\">Otro de los incidentes ocurri\u00f3 restando un par de giros para el final, cuando los RB de Yuki Tsunoda se despist\u00f3 y qued\u00f3 un instante detenido en la l\u00ednea de la trayectoria que pudo ser esquivado por el resto de los autos; el japon\u00e9s pudo recomponer su marcha y finalizar en las vueltas del ganador.<\/p>\n<h3><strong>F\u00d3RMULA 1 \u2013 GRAN PREMIO DE CANAD\u00c1 \u2013 CARRERA<\/strong><\/h3>\n<table width=\"734\">\n<tbody>\n<tr>\n<td width=\"36\"><strong>POS<\/strong><\/td>\n<td width=\"36\"><strong>N<\/strong><\/td>\n<td width=\"103\"><strong>PILOTO<\/strong><\/td>\n<td width=\"79\"><strong>AUTO<\/strong><\/td>\n<td width=\"36\"><strong>VTAS<\/strong><\/td>\n<td width=\"83\"><strong>TIEMPO \/ DIF<\/strong><\/td>\n<\/tr>\n<tr>\n<td>1<\/td>\n<td>1<\/td>\n<td>Max\u00a0Verstappen<\/td>\n<td>Red Bull<\/td>\n<td>70<\/td>\n<td>1:45:47.927<\/td>\n<\/tr>\n<tr>\n<td>2<\/td>\n<td>4<\/td>\n<td>Lando\u00a0Norris<\/td>\n<td>McLaren<\/td>\n<td>70<\/td>\n<td>+3.879s<\/td>\n<\/tr>\n<tr>\n<td>3<\/td>\n<td>63<\/td>\n<td>George\u00a0Russell<\/td>\n<td>Mercedes<\/td>\n<td>70<\/td>\n<td>+4.317s<\/td>\n<\/tr>\n<tr>\n<td>4<\/td>\n<td>44<\/td>\n<td>Lewis\u00a0Hamilton<\/td>\n<td>Mercedes<\/td>\n<td>70<\/td>\n<td>+4.915s<\/td>\n<\/tr>\n<tr>\n<td>5<\/td>\n<td>81<\/td>\n<td>Oscar\u00a0Piastri<\/td>\n<td>McLaren<\/td>\n<td>70<\/td>\n<td>+10.199s<\/td>\n<\/tr>\n<tr>\n<td>6<\/td>\n<td>14<\/td>\n<td>Fernando\u00a0Alonso<\/td>\n<td>Aston Martin<\/td>\n<td>70<\/td>\n<td>+17.510s<\/td>\n<\/tr>\n<tr>\n<td>7<\/td>\n<td>18<\/td>\n<td>Lance\u00a0Stroll<\/td>\n<td>Aston Martin<\/td>\n<td>70<\/td>\n<td>+23.625s<\/td>\n<\/tr>\n<tr>\n<td>8<\/td>\n<td>3<\/td>\n<td>Daniel\u00a0Ricciardo<\/td>\n<td>RB Honda<\/td>\n<td>70<\/td>\n<td>+28.672s<\/td>\n<\/tr>\n<tr>\n<td>9<\/td>\n<td>10<\/td>\n<td>Pierre\u00a0Gasly<\/td>\n<td>Alpine<\/td>\n<td>70<\/td>\n<td>+30.021s<\/td>\n<\/tr>\n<tr>\n<td>10<\/td>\n<td>31<\/td>\n<td>Esteban\u00a0Ocon<\/td>\n<td>Alpine<\/td>\n<td>70<\/td>\n<td>+30.313s<\/td>\n<\/tr>\n<tr>\n<td>11<\/td>\n<td>27<\/td>\n<td>Nico\u00a0Hulkenberg<\/td>\n<td>Haas<\/td>\n<td>70<\/td>\n<td>+30.824s<\/td>\n<\/tr>\n<tr>\n<td>12<\/td>\n<td>20<\/td>\n<td>Kevin\u00a0Magnussen<\/td>\n<td>Haas<\/td>\n<td>70<\/td>\n<td>+31.253s<\/td>\n<\/tr>\n<tr>\n<td>13<\/td>\n<td>77<\/td>\n<td>Valtteri\u00a0Bottas<\/td>\n<td>Sauber<\/td>\n<td>70<\/td>\n<td>+40.487s<\/td>\n<\/tr>\n<tr>\n<td>14<\/td>\n<td>22<\/td>\n<td>Yuki\u00a0Tsunoda<\/td>\n<td>RB<\/td>\n<td>70<\/td>\n<td>+52.694s<\/td>\n<\/tr>\n<tr>\n<td>15<\/td>\n<td>24<\/td>\n<td>Zhou\u00a0Guanyu<\/td>\n<td>Sauber<\/td>\n<td>69<\/td>\n<td>a 1 Vta<\/td>\n<\/tr>\n<tr>\n<td>NC<\/td>\n<td>55<\/td>\n<td>Carlos\u00a0Sainz<\/td>\n<td>Ferrari<\/td>\n<td>52<\/td>\n<td>\u2013<\/td>\n<\/tr>\n<tr>\n<td>NC<\/td>\n<td>23<\/td>\n<td>Alexander\u00a0Albon<\/td>\n<td>Williams<\/td>\n<td>52<\/td>\n<td>\u2013<\/td>\n<\/tr>\n<tr>\n<td>NC<\/td>\n<td>11<\/td>\n<td>Sergio\u00a0Perez<\/td>\n<td>Red Bull<\/td>\n<td>51<\/td>\n<td>\u2013<\/td>\n<\/tr>\n<tr>\n<td>NC<\/td>\n<td>16<\/td>\n<td>Charles\u00a0Leclerc<\/td>\n<td>Ferrari<\/td>\n<td>40<\/td>\n<td>\u2013<\/td>\n<\/tr>\n<tr>\n<td>NC<\/td>\n<td>2<\/td>\n<td>Logan\u00a0Sargeant<\/td>\n<td>Williams<\/td>\n<td>23<\/td>\n<td>\u2013<\/td>\n<\/tr>\n<tr>\n<td colspan=\"6\">PROMEDIO: 173,123 Km\/h.<\/td>\n<\/tr>\n<tr>\n<td colspan=\"6\">R\u00c9CORD DE VTA: HAMILTON, 1;14.856, a 209,731 Km\/h.<\/td>\n<\/tr>\n<\/tbody>\n<\/table>\n<p>Con 194 puntos, Verstappen ha conseguido una ventaja de 56 unidades sobre Charles Leclerc que no tuvo un buen fin de semana con la Ferrari; tercero est\u00e1 a Norris a 63, en tanto que Sainz se ubica detr\u00e1s a 86 y Sergio P\u00e9rez (quien abandon\u00f3 con el otro Red Bull) qued\u00f3 a 87.<\/p>\n<p>El pr\u00f3ximo Gran Premio ser\u00e1 en el circuito catal\u00e1n de Montmel\u00f3, durante el fin de semana del 21 y 23 de junio.<\/p>\n<p>&nbsp;<\/p>\n<\/div>\n<\/div>\n<div class=\"elementor-element elementor-element-293fc204 elementor-widget-divider--view-line elementor-widget elementor-widget-divider\" data-id=\"293fc204\" data-element_type=\"widget\" data-widget_type=\"divider.default\">\n<div class=\"elementor-widget-container\">\n<div class=\"elementor-divider\"><strong>Fuente Campeones<\/strong><\/div>\n<\/div>\n<\/div>\n<div class=\"elementor-element elementor-element-7469afb9 elementor-author-box--layout-image-left elementor-author-box--align-left elementor-widget__width-inherit elementor-author-box--avatar-yes elementor-author-box--name-yes elementor-widget elementor-widget-author-box\" data-id=\"7469afb9\" data-element_type=\"widget\" data-widget_type=\"author-box.default\">\n<div class=\"elementor-widget-container\">\n<div class=\"elementor-author-box\"><a class=\"elementor-author-box__avatar\" href=\"https:\/\/campeones.com.ar\/author\/miguelpaez\/\"><img loading=\"lazy\" decoding=\"async\" class=\"\" src=\"https:\/\/secure.gravatar.com\/avatar\/818fd207b675222b48e7139879c71b48?s=300&amp;d=https%3A%2F%2Fsecure.gravatar.com%2Favatar%2Fad516503a11cd5ca435acc9bb6523536%3Fs%3D300&amp;r=g\" alt=\"Picture of Miguel Paez\" width=\"97\" height=\"97\" \/><\/a><\/p>\n<div class=\"elementor-author-box__text\">\n<h4 class=\"elementor-author-box__name\">Miguel Paez<\/h4>\n<p style=\"text-align: center;\"><img loading=\"lazy\" decoding=\"async\" class=\"alignnone size-medium wp-image-10415\" src=\"https:\/\/www.sportchaco.com.ar\/wp-content\/uploads\/2024\/06\/mosqiotps-salud-15-5-24-1-300x300.jpg\" alt=\"\" width=\"300\" height=\"300\" srcset=\"https:\/\/www.sportchaco.com.ar\/wp-content\/uploads\/2024\/06\/mosqiotps-salud-15-5-24-1-300x300.jpg 300w, https:\/\/www.sportchaco.com.ar\/wp-content\/uploads\/2024\/06\/mosqiotps-salud-15-5-24-1-150x150.jpg 150w, https:\/\/www.sportchaco.com.ar\/wp-content\/uploads\/2024\/06\/mosqiotps-salud-15-5-24-1.jpg 600w\" sizes=\"auto, (max-width: 300px) 100vw, 300px\" \/><img loading=\"lazy\" decoding=\"async\" class=\"alignnone size-medium wp-image-10418\" src=\"https:\/\/www.sportchaco.com.ar\/wp-content\/uploads\/2024\/06\/verstappen-19-05-2024-300x200.jpg\" alt=\"\" width=\"300\" height=\"200\" srcset=\"https:\/\/www.sportchaco.com.ar\/wp-content\/uploads\/2024\/06\/verstappen-19-05-2024-300x200.jpg 300w, https:\/\/www.sportchaco.com.ar\/wp-content\/uploads\/2024\/06\/verstappen-19-05-2024.jpg 720w\" sizes=\"auto, (max-width: 300px) 100vw, 300px\" \/><\/p>\n<\/div>\n<\/div>\n<\/div>\n<\/div>\n<\/div>\n<\/div>\n<\/div>\n<\/section>\n","protected":false},"excerpt":{"rendered":"<p>El neerland\u00e9s festej\u00f3 en Montreal luego de varias competencias sin subir al escal\u00f3n m\u00e1s alto del podio, tras una carrera que tuvo lluvia en el comienzo y Sol en el final. &nbsp; Max Verstappen consigui\u00f3 su sexto triunfo en la temporada al cruzar antes que todos la meta del circuito \u201cGilles Villeneuve\u201d de Montreal, sede &hellip;<\/p>\n","protected":false},"author":2,"featured_media":10419,"comment_status":"open","ping_status":"open","sticky":false,"template":"","format":"standard","meta":{"footnotes":""},"categories":[2],"tags":[],"class_list":["post-10417","post","type-post","status-publish","format-standard","has-post-thumbnail","hentry","category-automovilismo"],"_links":{"self":[{"href":"https:\/\/www.sportchaco.com.ar\/index.php?rest_route=\/wp\/v2\/posts\/10417","targetHints":{"allow":["GET"]}}],"collection":[{"href":"https:\/\/www.sportchaco.com.ar\/index.php?rest_route=\/wp\/v2\/posts"}],"about":[{"href":"https:\/\/www.sportchaco.com.ar\/index.php?rest_route=\/wp\/v2\/types\/post"}],"author":[{"embeddable":true,"href":"https:\/\/www.sportchaco.com.ar\/index.php?rest_route=\/wp\/v2\/users\/2"}],"replies":[{"embeddable":true,"href":"https:\/\/www.sportchaco.com.ar\/index.php?rest_route=%2Fwp%2Fv2%2Fcomments&post=10417"}],"version-history":[{"count":1,"href":"https:\/\/www.sportchaco.com.ar\/index.php?rest_route=\/wp\/v2\/posts\/10417\/revisions"}],"predecessor-version":[{"id":10420,"href":"https:\/\/www.sportchaco.com.ar\/index.php?rest_route=\/wp\/v2\/posts\/10417\/revisions\/10420"}],"wp:featuredmedia":[{"embeddable":true,"href":"https:\/\/www.sportchaco.com.ar\/index.php?rest_route=\/wp\/v2\/media\/10419"}],"wp:attachment":[{"href":"https:\/\/www.sportchaco.com.ar\/index.php?rest_route=%2Fwp%2Fv2%2Fmedia&parent=10417"}],"wp:term":[{"taxonomy":"category","embeddable":true,"href":"https:\/\/www.sportchaco.com.ar\/index.php?rest_route=%2Fwp%2Fv2%2Fcategories&post=10417"},{"taxonomy":"post_tag","embeddable":true,"href":"https:\/\/www.sportchaco.com.ar\/index.php?rest_route=%2Fwp%2Fv2%2Ftags&post=10417"}],"curies":[{"name":"wp","href":"https:\/\/api.w.org\/{rel}","templated":true}]}}