{"id":10429,"date":"2024-06-10T18:15:47","date_gmt":"2024-06-10T21:15:47","guid":{"rendered":"https:\/\/www.sportchaco.com.ar\/?p=10429"},"modified":"2024-06-10T18:15:47","modified_gmt":"2024-06-10T21:15:47","slug":"la-camara-de-diputados-reconocio-a-las-glorias-de-for-ever","status":"publish","type":"post","link":"https:\/\/www.sportchaco.com.ar\/?p=10429","title":{"rendered":"La C\u00e1mara de Diputados reconoci\u00f3 a las glorias de For Ever"},"content":{"rendered":"<p><strong>10-06-2024<\/strong><\/p>\n<p>Durante el encuentro del domingo, la Presidente de la C\u00e1mara de Diputados, Carmen Delgado, junto a diputados provinciales, hicieron entrega de reconocimientos a las glorias de Chaco For Ever que lograron el ascenso a Primera Divisi\u00f3n en 1989.<\/p>\n<p>Tambi\u00e9n, se declar\u00f3 de inter\u00e9s legislativo y provincial, en su 35\u00b0 aniversario, el hist\u00f3rico partido en el que Chaco For Ever logr\u00f3 llegar a lo mas alto del f\u00fatbol argentino.<\/p>\n<p>Motivo por el que en la tarde del domingo, la honorable C\u00e1mara de Diputados hizo entrega de una plaqueta a nuestra instituci\u00f3n.<\/p>\n<p><em><strong>Foto: Prensa For Ever<\/strong><\/em><\/p>\n<p><img loading=\"lazy\" decoding=\"async\" class=\"size-medium wp-image-10415 aligncenter\" src=\"https:\/\/www.sportchaco.com.ar\/wp-content\/uploads\/2024\/06\/mosqiotps-salud-15-5-24-1-300x300.jpg\" alt=\"\" width=\"300\" height=\"300\" srcset=\"https:\/\/www.sportchaco.com.ar\/wp-content\/uploads\/2024\/06\/mosqiotps-salud-15-5-24-1-300x300.jpg 300w, https:\/\/www.sportchaco.com.ar\/wp-content\/uploads\/2024\/06\/mosqiotps-salud-15-5-24-1-150x150.jpg 150w, https:\/\/www.sportchaco.com.ar\/wp-content\/uploads\/2024\/06\/mosqiotps-salud-15-5-24-1.jpg 600w\" sizes=\"auto, (max-width: 300px) 100vw, 300px\" \/><\/p>\n","protected":false},"excerpt":{"rendered":"<p>10-06-2024 Durante el encuentro del domingo, la Presidente de la C\u00e1mara de Diputados, Carmen Delgado, junto a diputados provinciales, hicieron entrega de reconocimientos a las glorias de Chaco For Ever que lograron el ascenso a Primera Divisi\u00f3n en 1989. Tambi\u00e9n, se declar\u00f3 de inter\u00e9s legislativo y provincial, en su 35\u00b0 aniversario, el hist\u00f3rico partido en &hellip;<\/p>\n","protected":false},"author":3,"featured_media":10430,"comment_status":"open","ping_status":"open","sticky":false,"template":"","format":"standard","meta":{"footnotes":""},"categories":[44],"tags":[],"class_list":["post-10429","post","type-post","status-publish","format-standard","has-post-thumbnail","hentry","category-varios"],"_links":{"self":[{"href":"https:\/\/www.sportchaco.com.ar\/index.php?rest_route=\/wp\/v2\/posts\/10429","targetHints":{"allow":["GET"]}}],"collection":[{"href":"https:\/\/www.sportchaco.com.ar\/index.php?rest_route=\/wp\/v2\/posts"}],"about":[{"href":"https:\/\/www.sportchaco.com.ar\/index.php?rest_route=\/wp\/v2\/types\/post"}],"author":[{"embeddable":true,"href":"https:\/\/www.sportchaco.com.ar\/index.php?rest_route=\/wp\/v2\/users\/3"}],"replies":[{"embeddable":true,"href":"https:\/\/www.sportchaco.com.ar\/index.php?rest_route=%2Fwp%2Fv2%2Fcomments&post=10429"}],"version-history":[{"count":1,"href":"https:\/\/www.sportchaco.com.ar\/index.php?rest_route=\/wp\/v2\/posts\/10429\/revisions"}],"predecessor-version":[{"id":10431,"href":"https:\/\/www.sportchaco.com.ar\/index.php?rest_route=\/wp\/v2\/posts\/10429\/revisions\/10431"}],"wp:featuredmedia":[{"embeddable":true,"href":"https:\/\/www.sportchaco.com.ar\/index.php?rest_route=\/wp\/v2\/media\/10430"}],"wp:attachment":[{"href":"https:\/\/www.sportchaco.com.ar\/index.php?rest_route=%2Fwp%2Fv2%2Fmedia&parent=10429"}],"wp:term":[{"taxonomy":"category","embeddable":true,"href":"https:\/\/www.sportchaco.com.ar\/index.php?rest_route=%2Fwp%2Fv2%2Fcategories&post=10429"},{"taxonomy":"post_tag","embeddable":true,"href":"https:\/\/www.sportchaco.com.ar\/index.php?rest_route=%2Fwp%2Fv2%2Ftags&post=10429"}],"curies":[{"name":"wp","href":"https:\/\/api.w.org\/{rel}","templated":true}]}}