{"id":10437,"date":"2024-06-10T19:05:46","date_gmt":"2024-06-10T22:05:46","guid":{"rendered":"https:\/\/www.sportchaco.com.ar\/?p=10437"},"modified":"2024-06-10T19:12:04","modified_gmt":"2024-06-10T22:12:04","slug":"el-real-madrid-confirma-que-disputara-el-mundial-de-clube","status":"publish","type":"post","link":"https:\/\/www.sportchaco.com.ar\/?p=10437","title":{"rendered":"El Real Madrid confirma que disputar\u00e1 el Mundial de Clubes"},"content":{"rendered":"<header class=\"caas-header\">\n<div class=\"caas-title-wrapper\">\n<h1 id=\"caas-lead-header-1a59ab40-9168-3404-aa2b-1e409b2a8384\" data-test-locator=\"headline\"><strong><span style=\"font-size: 16px;\">10-06-2024<\/span><\/strong><\/h1>\n<\/div>\n<\/header>\n<div class=\"caas-content-byline-wrapper\">\n<div class=\"caas-content-contain-share\">\n<div class=\"caas-share-section \">\n<div class=\"caas-share-buttons\"><\/div>\n<\/div>\n<\/div>\n<\/div>\n<figure class=\"caas-figure caas-cover\">\n<div class=\"caas-figure-with-pb\">\n<div>\n<div class=\"caas-img-container caas-img-lightbox\" data-lightbox-src=\"https:\/\/s.yimg.com\/ny\/api\/res\/1.2\/KCjcOLbXtpIf2veqX.F.kg--\/YXBwaWQ9aGlnaGxhbmRlcjt3PTI0MDA7aD0xNjAwO2NmPXdlYnA-\/https:\/\/media.zenfs.com\/es\/efe.es\/9f3b095efc36f840cc776b65ca9cbeef\"><span class=\"caas-img-wrapper\"><img decoding=\"async\" class=\"caas-img aligncenter\" src=\"https:\/\/s.yimg.com\/ny\/api\/res\/1.2\/qeRParxKxvkkf7u.REyZGg--\/YXBwaWQ9aGlnaGxhbmRlcjt3PTEyNDI7aD04Mjg7Y2Y9d2VicA--\/https:\/\/media.zenfs.com\/es\/efe.es\/9f3b095efc36f840cc776b65ca9cbeef\" data-src=\"https:\/\/s.yimg.com\/ny\/api\/res\/1.2\/qeRParxKxvkkf7u.REyZGg--\/YXBwaWQ9aGlnaGxhbmRlcjt3PTEyNDI7aD04Mjg7Y2Y9d2VicA--\/https:\/\/media.zenfs.com\/es\/efe.es\/9f3b095efc36f840cc776b65ca9cbeef\" \/><button class=\"link caas-lightbox\" aria-label=\"Ver imagen ampliada\" data-ylk=\"sec:image-lightbox;slk:lightbox-open;elm:expand;itc:1\" data-rapid_p=\"8\" data-v9y=\"1\"><\/button><\/span><\/div>\n<\/div>\n<\/div>\n<\/figure>\n<div class=\"caas-body\">\n<p>El Real Madrid ha emitido un comunicado este lunes en el que confirma su presencia en el nuevo Mundial de Clubes de la pr\u00f3xima temporada, despu\u00e9s de que su t\u00e9cnico, el italiano Carlo Ancelotti, dijera en una entrevista en su pa\u00eds que el conjunto blanco no lo disputar\u00eda.<\/p>\n<p>\u00abEl Real Madrid C. F. comunica que en ning\u00fan momento se ha cuestionado su participaci\u00f3n en el nuevo Mundial de Clubes que organizar\u00e1 la FIFA en la pr\u00f3xima temporada 2024\/2025. Por tanto, nuestro club disputar\u00e1, tal como est\u00e1 previsto, esta competici\u00f3n oficial que afrontamos con orgullo y con la m\u00e1xima ilusi\u00f3n para volver a hacer so\u00f1ar a nuestros millones de aficionados por todo el mundo con un nuevo t\u00edtulo\u00bb, public\u00f3 el club en su p\u00e1gina web.<\/p>\n<p>Un comunicado que lleg\u00f3 horas m\u00e1s tarde de que Ancelotti dijese que su equipo no acudir\u00e1 al pr\u00f3ximo y novedoso Mundial de Clubes e incidiese en que, al igual que el club blanco, habr\u00e1 varios conjuntos m\u00e1s que rechacen la participaci\u00f3n.<\/p>\n<p>\u00abLa FIFA se puede olvidar, los jugadores y los clubes no participar\u00e1n en ese torneo. Un solo partido del Real Madrid vale 20 millones y la FIFA quiere darnos esa cantidad por toda la copa. Negativo. Como nosotros, otros clubes rechazar\u00e1n la invitaci\u00f3n\u00bb, dijo en una entrevista con &#8216;Il Giornale&#8217; sobre el torneo.<\/p>\n<p>Palabras que, de forma simultanea al comunicado del Real Madrid, &#8216;Carletto&#8217; quiso matizar en sus redes sociales.<\/p>\n<p>\u00abMis palabras acerca del Mundial de Clubes de la FIFA no han sido interpretadas de la manera que yo pretend\u00eda. Nada m\u00e1s lejos de mi inter\u00e9s que rechazar la posibilidad de disputar un torneo que considero que puede ser una gran oportunidad para seguir peleando por grandes t\u00edtulos con el Real Madrid\u00bb, public\u00f3 en su cuenta oficial de X.<\/p>\n<p>El Mundial de clubes estrenar\u00e1 su formato en verano de 2025, del 15 de junio al 13 de julio, y que ser\u00e1 disputado por 32 equipos de las seis confederaciones.<\/p>\n<p><strong>Fuente: Yahoo.com<\/strong><\/p>\n<\/div>\n","protected":false},"excerpt":{"rendered":"<p>10-06-2024 El Real Madrid ha emitido un comunicado este lunes en el que confirma su presencia en el nuevo Mundial de Clubes de la pr\u00f3xima temporada, despu\u00e9s de que su t\u00e9cnico, el italiano Carlo Ancelotti, dijera en una entrevista en su pa\u00eds que el conjunto blanco no lo disputar\u00eda. \u00abEl Real Madrid C. F. comunica &hellip;<\/p>\n","protected":false},"author":2,"featured_media":10439,"comment_status":"open","ping_status":"open","sticky":false,"template":"","format":"standard","meta":{"footnotes":""},"categories":[6],"tags":[],"class_list":["post-10437","post","type-post","status-publish","format-standard","has-post-thumbnail","hentry","category-internacionales"],"_links":{"self":[{"href":"https:\/\/www.sportchaco.com.ar\/index.php?rest_route=\/wp\/v2\/posts\/10437","targetHints":{"allow":["GET"]}}],"collection":[{"href":"https:\/\/www.sportchaco.com.ar\/index.php?rest_route=\/wp\/v2\/posts"}],"about":[{"href":"https:\/\/www.sportchaco.com.ar\/index.php?rest_route=\/wp\/v2\/types\/post"}],"author":[{"embeddable":true,"href":"https:\/\/www.sportchaco.com.ar\/index.php?rest_route=\/wp\/v2\/users\/2"}],"replies":[{"embeddable":true,"href":"https:\/\/www.sportchaco.com.ar\/index.php?rest_route=%2Fwp%2Fv2%2Fcomments&post=10437"}],"version-history":[{"count":3,"href":"https:\/\/www.sportchaco.com.ar\/index.php?rest_route=\/wp\/v2\/posts\/10437\/revisions"}],"predecessor-version":[{"id":10446,"href":"https:\/\/www.sportchaco.com.ar\/index.php?rest_route=\/wp\/v2\/posts\/10437\/revisions\/10446"}],"wp:featuredmedia":[{"embeddable":true,"href":"https:\/\/www.sportchaco.com.ar\/index.php?rest_route=\/wp\/v2\/media\/10439"}],"wp:attachment":[{"href":"https:\/\/www.sportchaco.com.ar\/index.php?rest_route=%2Fwp%2Fv2%2Fmedia&parent=10437"}],"wp:term":[{"taxonomy":"category","embeddable":true,"href":"https:\/\/www.sportchaco.com.ar\/index.php?rest_route=%2Fwp%2Fv2%2Fcategories&post=10437"},{"taxonomy":"post_tag","embeddable":true,"href":"https:\/\/www.sportchaco.com.ar\/index.php?rest_route=%2Fwp%2Fv2%2Ftags&post=10437"}],"curies":[{"name":"wp","href":"https:\/\/api.w.org\/{rel}","templated":true}]}}