{"id":10441,"date":"2024-06-10T19:10:30","date_gmt":"2024-06-10T22:10:30","guid":{"rendered":"https:\/\/www.sportchaco.com.ar\/?p=10441"},"modified":"2024-06-10T19:10:30","modified_gmt":"2024-06-10T22:10:30","slug":"paises-bajos-goleo-a-islandia-4-0","status":"publish","type":"post","link":"https:\/\/www.sportchaco.com.ar\/?p=10441","title":{"rendered":"Pa\u00edses Bajos gole\u00f3 a Islandia 4-0"},"content":{"rendered":"<header class=\"caas-header\">\n<div class=\"caas-title-wrapper\">\n<h5 id=\"caas-lead-header-bd0cc353-4e74-31af-aea1-db2c97d82219\" data-test-locator=\"headline\">Pa\u00edses Bajos gole\u00f3 este lunes por la noche a Islandia (4-0) en su \u00faltimo partido de preparaci\u00f3n de la Eurocopa-2024, que disput\u00f3 como local en R\u00f3terdam, antes de viajar hacia Alemania.<\/h5>\n<\/div>\n<\/header>\n<div class=\"caas-content-byline-wrapper\">\n<div class=\"caas-attr\">\n<div class=\"caas-attr-meta\">\n<div class=\"caas-attr-time-style\"><time class=\"\" datetime=\"2024-06-10T21:12:13.000Z\">10 de junio de 2024\u00a0<\/time><\/div>\n<\/div>\n<\/div>\n<div class=\"caas-content-contain-share\">\n<div class=\"caas-share-section \">\n<div class=\"caas-share-buttons\"><\/div>\n<\/div>\n<\/div>\n<\/div>\n<figure class=\"caas-figure caas-cover\">\n<div class=\"caas-figure-with-pb\">\n<div>\n<div class=\"caas-img-container caas-img-lightbox\" data-lightbox-src=\"https:\/\/s.yimg.com\/ny\/api\/res\/1.2\/rYbAj2X3zlMBiU9d1M7PVw--\/YXBwaWQ9aGlnaGxhbmRlcjt3PTE1MzY7aD0xMDIyO2NmPXdlYnA-\/https:\/\/media.zenfs.com\/es\/es.afp.com\/c9b87203133c5051ac21fe322f4de38a\"><span class=\"caas-img-wrapper\"><img decoding=\"async\" class=\"caas-img\" src=\"https:\/\/s.yimg.com\/ny\/api\/res\/1.2\/N0HkzpmdKMtQWhSww_gR.Q--\/YXBwaWQ9aGlnaGxhbmRlcjt3PTEyNDI7aD04MjY7Y2Y9d2VicA--\/https:\/\/media.zenfs.com\/es\/es.afp.com\/c9b87203133c5051ac21fe322f4de38a\" alt=\"El centrocampista neerland\u00e9s Xavi Simons durante el amistoso Pa\u00edses Bajos-Islandia en que se estren\u00f3 como goleador con la selecci\u00f3n absoluta de su pa\u00eds, el 10 de junio de 2024 (JOHN THYS)\" data-src=\"https:\/\/s.yimg.com\/ny\/api\/res\/1.2\/N0HkzpmdKMtQWhSww_gR.Q--\/YXBwaWQ9aGlnaGxhbmRlcjt3PTEyNDI7aD04MjY7Y2Y9d2VicA--\/https:\/\/media.zenfs.com\/es\/es.afp.com\/c9b87203133c5051ac21fe322f4de38a\" \/><button class=\"link caas-lightbox\" aria-label=\"Ver imagen ampliada\" data-ylk=\"sec:image-lightbox;slk:lightbox-open;elm:expand;itc:1\" data-rapid_p=\"8\" data-v9y=\"0\"><\/button><\/span><\/div>\n<\/div>\n<\/div>\n<div class=\"caption-wrapper caption-aligned-with-image\">\n<div class=\"caption-wrapper caption-aligned-with-image\"><\/div>\n<\/div><figcaption class=\"caption-collapse\" data-id=\"m-0\">El centrocampista neerland\u00e9s Xavi Simons durante el amistoso Pa\u00edses Bajos-Islandia en que se estren\u00f3 como goleador con la selecci\u00f3n absoluta de su pa\u00eds, el 10 de junio de 2024 (JOHN THYS)<\/figcaption><\/figure>\n<div class=\"caas-body\">\n<p>&nbsp;<\/p>\n<p>El equipo de Ronald Koeman dio una buena imagen en un encuentro amistoso en que se estren\u00f3 como goleador con la absoluta la joven promesa Xavi Simons, de 21 a\u00f1os.<\/p>\n<p>El delantero, propiedad del Par\u00eds Saint-Germain y que disput\u00f3 la \u00faltima temporada en el RB Leipzig, abri\u00f3 el marcador en el 23.<\/p>\n<p>En el inicio de la segunda parte, el defensa del Liverpool, Virgil Van Dijk, ampli\u00f3 la ventaja con un cabezazo (en el 49).<\/p>\n<p>Los neerlandeses lograron una abultada victoria gracias a dos tantos en el tramo final del encuentro. Marcaron los delanteros Donyell Malen (79) y Wout Weghorst en el tiempo a\u00f1adido.<\/p>\n<p>Tras haber disputado un serio partido con una intensa presi\u00f3n alta, los de Koeman llegan a la Eurocopa con buenas sensaciones.<\/p>\n<p>Pa\u00edses Bajos empezar\u00e1 el torneo europeo el domingo contra Polonia, antes de verse las caras con Francia (21 de junio) y \u00a0Austria (25 de junio).<\/p>\n<p>Fuente Yahoo.com<\/p>\n<\/div>\n","protected":false},"excerpt":{"rendered":"<p>Pa\u00edses Bajos gole\u00f3 este lunes por la noche a Islandia (4-0) en su \u00faltimo partido de preparaci\u00f3n de la Eurocopa-2024, que disput\u00f3 como local en R\u00f3terdam, antes de viajar hacia Alemania. 10 de junio de 2024\u00a0 El centrocampista neerland\u00e9s Xavi Simons durante el amistoso Pa\u00edses Bajos-Islandia en que se estren\u00f3 como goleador con la selecci\u00f3n &hellip;<\/p>\n","protected":false},"author":2,"featured_media":10443,"comment_status":"open","ping_status":"open","sticky":false,"template":"","format":"standard","meta":{"footnotes":""},"categories":[44],"tags":[],"class_list":["post-10441","post","type-post","status-publish","format-standard","has-post-thumbnail","hentry","category-varios"],"_links":{"self":[{"href":"https:\/\/www.sportchaco.com.ar\/index.php?rest_route=\/wp\/v2\/posts\/10441","targetHints":{"allow":["GET"]}}],"collection":[{"href":"https:\/\/www.sportchaco.com.ar\/index.php?rest_route=\/wp\/v2\/posts"}],"about":[{"href":"https:\/\/www.sportchaco.com.ar\/index.php?rest_route=\/wp\/v2\/types\/post"}],"author":[{"embeddable":true,"href":"https:\/\/www.sportchaco.com.ar\/index.php?rest_route=\/wp\/v2\/users\/2"}],"replies":[{"embeddable":true,"href":"https:\/\/www.sportchaco.com.ar\/index.php?rest_route=%2Fwp%2Fv2%2Fcomments&post=10441"}],"version-history":[{"count":1,"href":"https:\/\/www.sportchaco.com.ar\/index.php?rest_route=\/wp\/v2\/posts\/10441\/revisions"}],"predecessor-version":[{"id":10444,"href":"https:\/\/www.sportchaco.com.ar\/index.php?rest_route=\/wp\/v2\/posts\/10441\/revisions\/10444"}],"wp:featuredmedia":[{"embeddable":true,"href":"https:\/\/www.sportchaco.com.ar\/index.php?rest_route=\/wp\/v2\/media\/10443"}],"wp:attachment":[{"href":"https:\/\/www.sportchaco.com.ar\/index.php?rest_route=%2Fwp%2Fv2%2Fmedia&parent=10441"}],"wp:term":[{"taxonomy":"category","embeddable":true,"href":"https:\/\/www.sportchaco.com.ar\/index.php?rest_route=%2Fwp%2Fv2%2Fcategories&post=10441"},{"taxonomy":"post_tag","embeddable":true,"href":"https:\/\/www.sportchaco.com.ar\/index.php?rest_route=%2Fwp%2Fv2%2Ftags&post=10441"}],"curies":[{"name":"wp","href":"https:\/\/api.w.org\/{rel}","templated":true}]}}