{"id":10445,"date":"2024-06-10T19:15:54","date_gmt":"2024-06-10T22:15:54","guid":{"rendered":"https:\/\/www.sportchaco.com.ar\/?p=10445"},"modified":"2024-06-10T19:15:54","modified_gmt":"2024-06-10T22:15:54","slug":"sebastian-villa-vuelve-para-jugar-en-independiente-rivadavia","status":"publish","type":"post","link":"https:\/\/www.sportchaco.com.ar\/?p=10445","title":{"rendered":"Sebasti\u00e1n Villa vuelve para jugar en Independiente Rivadavia"},"content":{"rendered":"<div class=\"nota__heading\">\n<h1 class=\"nota__heading__title\"><span style=\"font-size: 16px; font-weight: 400;\">\u00a010 de junio de 2024<\/span><\/h1>\n<p class=\"nota__heading__subtitle\"><strong>El delantero colombiano Sebasti\u00e1n Villa, que goza de libertad condicional, acord\u00f3 verbalmente su llegada a un nuevo club y el presidente realiz\u00f3 el anuncio.<\/strong><\/p>\n<div class=\"nota__heading__author\">\n<p>&nbsp;<\/p>\n<\/div>\n<\/div>\n<div class=\"nota__main-media\">\n<div class=\"nota__image\"><img decoding=\"async\" src=\"https:\/\/www.elgrafico.com.ar\/media\/cache\/pub_news_details_large\/media\/i\/35\/a7\/35a73c16673676748e63b45f25ebbee08a41c867.jpg\" \/><\/div>\n<div class=\"nota__main-media__legend\"><\/div>\n<\/div>\n<div class=\"nota__body\">\n<div class=\"container\">\n<div class=\"row\">\n<div class=\"eg-grid eg-grid--content\">\n<div class=\"eg-cell__1-1\">\n<div class=\"col-xs-24 col-sm-4 eg-social eg-social--vert\">\n<div class=\"addthis_sharing_toolbox nota_body_social\"><\/div>\n<\/div>\n<\/div>\n<div class=\"eg-cell__2-1\">\n<p>Sebasti\u00e1n Villa retornar\u00e1 a suelo argentino tras su conflictiva partida y lo har\u00e1 par volver a jugar en el f\u00fatbol local. <em>\u00abYa llegamos a un acuerdo verbal\u00bb<\/em><iframe loading=\"lazy\" id=\"nsn-iframe-c682cf58-2f49-4ea4-b8b7-cd17187da1fd\" title=\"ia-container-iframe\" src=\"https:\/\/c.nsmedia-advertising.com\/codere-ar\/AR?l=c682cf58-2f49-4ea4-b8b7-cd17187da1fd&amp;token=6c521acb-5b48-46e9-b708-2519c00c6157&amp;country=AR&amp;region=H&amp;ref=aHR0cHM6Ly93d3cuZWxncmFmaWNvLmNvbS5hci8=&amp;path=aHR0cHM6Ly93d3cuZWxncmFmaWNvLmNvbS5hci9hcnRpY3Vsby9tZXJjYWRvLWRlLXBhc2VzLzc4MDUzL3NlYmFzdGlhbi12aWxsYS12b2x2ZXJhLWEtanVnYXItZW4tZWwtZnV0Ym9sLWFyZ2VudGlubw==&amp;url=aHR0cHM6Ly9vbmxpbmUuY29kZXJlLmJldC5hci9wcm9tb1JlZGlyZWN0P2tleT1lajB4T1RrME9EYzBOU1pzUFRFNU9UUTNOelF6Sm5BOU16TTFNREky\" width=\"1px\" height=\"1px\" frameborder=\"0\" data-mce-fragment=\"1\"><\/iframe>, confirm\u00f3\u00a0Daniel Vila, mandam\u00e1s de\u00a0Independiente Rivadavia.<\/p>\n<div id=\"embi_elgrafico_30\"><\/div>\n<p><em>\u00abMantuvimos conversaciones con su representante y con \u00e9l. Supongo que la semana que viene ser\u00e1 formal. En una semana estar\u00eda en el pa\u00eds\u00bb<\/em>, inform\u00f3 el presidente en di\u00e1logo con Radio Splendid.<\/p>\n<p>Respecto a la situaci\u00f3n legal del colombiano, Vila explic\u00f3 que\u00a0<em>\u00abtiene una condena a dos a\u00f1os y un mes, est\u00e1 en libertad condicional, y puede ingresar y salir del pa\u00eds\u00bb<\/em>\u00a0sin inconvenientes.\u00a0<em>\u00abYo creo que cualquier persona tiene derecho a una segunda oportunidad. Cualquiera puede cometer un error y Villa se la merece\u00bb<\/em>, sostuvo.<\/p>\n<p>Adem\u00e1s, aclar\u00f3 que el jugador no tiene v\u00ednculo de ning\u00fan tipo con Boca, por lo que el club de la ribera est\u00e1 fuera de cualquier negociaci\u00f3n.<em>\u00a0\u00ab\u00c9l estuvo jugando en un club de Bulgaria (Beroe) y viene a Independiente Rivadavia con el pase en su poder\u00bb<\/em>, cont\u00f3.<\/p>\n<p>&nbsp;<\/p>\n<div class=\"nota__image\"><img decoding=\"async\" src=\"https:\/\/www.elgrafico.com.ar\/media\/cache\/pub_news_details_large\/media\/i\/86\/9e\/869eec2555861c60e56c84b3b25aa0f6a71c4b68.jpg\" alt=\"Imagen  Villa viene de jugar en Beroe de Bulgaria.\" \/><\/p>\n<div class=\"nota__image__legend\"><strong>Villa viene de jugar en Beroe de Bulgaria.<\/strong><\/div>\n<\/div>\n<div style=\"text-align: center;\"><img loading=\"lazy\" decoding=\"async\" class=\"alignnone size-medium wp-image-10415\" src=\"https:\/\/www.sportchaco.com.ar\/wp-content\/uploads\/2024\/06\/mosqiotps-salud-15-5-24-1-300x300.jpg\" alt=\"\" width=\"300\" height=\"300\" srcset=\"https:\/\/www.sportchaco.com.ar\/wp-content\/uploads\/2024\/06\/mosqiotps-salud-15-5-24-1-300x300.jpg 300w, https:\/\/www.sportchaco.com.ar\/wp-content\/uploads\/2024\/06\/mosqiotps-salud-15-5-24-1-150x150.jpg 150w, https:\/\/www.sportchaco.com.ar\/wp-content\/uploads\/2024\/06\/mosqiotps-salud-15-5-24-1.jpg 600w\" sizes=\"auto, (max-width: 300px) 100vw, 300px\" \/><\/div>\n<\/div>\n<\/div>\n<\/div>\n<\/div>\n<\/div>\n","protected":false},"excerpt":{"rendered":"<p>\u00a010 de junio de 2024 El delantero colombiano Sebasti\u00e1n Villa, que goza de libertad condicional, acord\u00f3 verbalmente su llegada a un nuevo club y el presidente realiz\u00f3 el anuncio. &nbsp; Sebasti\u00e1n Villa retornar\u00e1 a suelo argentino tras su conflictiva partida y lo har\u00e1 par volver a jugar en el f\u00fatbol local. \u00abYa llegamos a un &hellip;<\/p>\n","protected":false},"author":2,"featured_media":10447,"comment_status":"open","ping_status":"open","sticky":false,"template":"","format":"standard","meta":{"footnotes":""},"categories":[44],"tags":[],"class_list":["post-10445","post","type-post","status-publish","format-standard","has-post-thumbnail","hentry","category-varios"],"_links":{"self":[{"href":"https:\/\/www.sportchaco.com.ar\/index.php?rest_route=\/wp\/v2\/posts\/10445","targetHints":{"allow":["GET"]}}],"collection":[{"href":"https:\/\/www.sportchaco.com.ar\/index.php?rest_route=\/wp\/v2\/posts"}],"about":[{"href":"https:\/\/www.sportchaco.com.ar\/index.php?rest_route=\/wp\/v2\/types\/post"}],"author":[{"embeddable":true,"href":"https:\/\/www.sportchaco.com.ar\/index.php?rest_route=\/wp\/v2\/users\/2"}],"replies":[{"embeddable":true,"href":"https:\/\/www.sportchaco.com.ar\/index.php?rest_route=%2Fwp%2Fv2%2Fcomments&post=10445"}],"version-history":[{"count":1,"href":"https:\/\/www.sportchaco.com.ar\/index.php?rest_route=\/wp\/v2\/posts\/10445\/revisions"}],"predecessor-version":[{"id":10448,"href":"https:\/\/www.sportchaco.com.ar\/index.php?rest_route=\/wp\/v2\/posts\/10445\/revisions\/10448"}],"wp:featuredmedia":[{"embeddable":true,"href":"https:\/\/www.sportchaco.com.ar\/index.php?rest_route=\/wp\/v2\/media\/10447"}],"wp:attachment":[{"href":"https:\/\/www.sportchaco.com.ar\/index.php?rest_route=%2Fwp%2Fv2%2Fmedia&parent=10445"}],"wp:term":[{"taxonomy":"category","embeddable":true,"href":"https:\/\/www.sportchaco.com.ar\/index.php?rest_route=%2Fwp%2Fv2%2Fcategories&post=10445"},{"taxonomy":"post_tag","embeddable":true,"href":"https:\/\/www.sportchaco.com.ar\/index.php?rest_route=%2Fwp%2Fv2%2Ftags&post=10445"}],"curies":[{"name":"wp","href":"https:\/\/api.w.org\/{rel}","templated":true}]}}