{"id":10475,"date":"2024-06-11T23:03:27","date_gmt":"2024-06-12T02:03:27","guid":{"rendered":"https:\/\/www.sportchaco.com.ar\/?p=10475"},"modified":"2024-06-11T23:03:27","modified_gmt":"2024-06-12T02:03:27","slug":"los-titulos-de-tyc-sports","status":"publish","type":"post","link":"https:\/\/www.sportchaco.com.ar\/?p=10475","title":{"rendered":"Los t\u00edtulos de TyC Sports"},"content":{"rendered":"<section class=\"container row\" data-type=\"region\" data-name=\"content-1\" data-columns=\"12\">\n<div class=\"col-12\">\n<div class=\"escudos-home\">\n<div><\/div>\n<div><\/div>\n<\/div>\n<div class=\"row \" data-bql=\"page_index-blo_3080\">\n<div class=\"col-8\">\n<div class=\" card destacado m-0 hm\"><a class=\"card-thumbnail rat16x10\" href=\"https:\/\/www.tycsports.com\/boca-juniors\/boca-mercado-de-pases-porto-deuda-pase-alan-varela-negociacion-equi-fernandez-reclamo-fifa-id590220.html\"><img decoding=\"async\" title=\"Boca se pone firme con Porto: negativa de negociar a Equi y reclamo ante FIFA por una deuda por Varela\" src=\"https:\/\/media.tycsports.com\/files\/2024\/06\/11\/728780\/equi-fernandez-boca-porto_416x234.webp\" srcset=\"https:\/\/media.tycsports.com\/files\/2024\/06\/11\/728780\/equi-fernandez-boca-porto_416x234.webp 480w ,https:\/\/media.tycsports.com\/files\/2024\/06\/11\/728780\/equi-fernandez-boca-porto_862x485.webp 1080w \" alt=\"Boca se pone firme con Porto: negativa de negociar a Equi y reclamo ante FIFA por una deuda por Varela\" \/><\/a><\/p>\n<div class=\"overlay\">\n<div class=\"overlay-tag\"><a href=\"https:\/\/www.tycsports.com\/boca-juniors.html\">BOCA JUNIORS <\/a><a href=\"https:\/\/www.tycsports.com\/boca-juniors\/boca-mercado-de-pases-porto-deuda-pase-alan-varela-negociacion-equi-fernandez-reclamo-fifa-id590220.html\">Boca se pone firme con Porto: negativa de negociar a Equi y reclamo ante FIFA por una deuda por Varela<\/a><\/div>\n<\/div>\n<\/div>\n<\/div>\n<div class=\"col-4\">\n<div class=\" card destacado m-0 hm\"><a class=\"card-thumbnail rat16x10\" href=\"https:\/\/www.tycsports.com\/boca-juniors\/boca-esta-muy-cerca-de-arreglar-el-regreso-de-gary-medel-id590142.html\"><img decoding=\"async\" title=\"Medel rescindi\u00f3 con Vasco y ser\u00e1 el primer refuerzo de Boca \" src=\"https:\/\/media.tycsports.com\/files\/2024\/06\/11\/728631\/gary-medel_416x234.webp?v=3\" srcset=\"https:\/\/media.tycsports.com\/files\/2024\/06\/11\/728631\/gary-medel_416x234.webp?v=3 480w \" alt=\"Medel rescindi\u00f3 con Vasco y ser\u00e1 el primer refuerzo de Boca \" \/><\/a><\/p>\n<div class=\"overlay\">\n<div class=\"overlay-tag\"><a href=\"https:\/\/www.tycsports.com\/boca-juniors.html\">BOCA JUNIORS<\/a><\/div>\n<div class=\"overlay-tag\"><a href=\"https:\/\/www.tycsports.com\/boca-juniors\/boca-esta-muy-cerca-de-arreglar-el-regreso-de-gary-medel-id590142.html\">Medel rescindi\u00f3 con Vasco y ser\u00e1 el primer refuerzo de Boca<\/a><\/div>\n<\/div>\n<\/div>\n<div class=\" card destacado m-0 hm\"><a class=\"card-thumbnail rat16x10\" href=\"https:\/\/www.tycsports.com\/futbol-internacional\/gallardo-al-ittihad-cifra-millonaria-despido-id590128.html\"><img decoding=\"async\" title=\"La fortuna que tiene que pagarle Al-Ittihad a Gallardo para que se vaya\" src=\"https:\/\/media.tycsports.com\/files\/2024\/04\/26\/709379\/marcelo-gallardo_416x234.webp\" srcset=\"https:\/\/media.tycsports.com\/files\/2024\/04\/26\/709379\/marcelo-gallardo_416x234.webp 480w \" alt=\"La fortuna que tiene que pagarle Al-Ittihad a Gallardo para que se vaya\" \/><\/a><\/p>\n<div class=\"overlay\">\n<div class=\"overlay-tag\"><a href=\"https:\/\/www.tycsports.com\/futbol-de-arabia-saudita.html\">F\u00daTBOL DE ARABIA SAUDITA <\/a><a href=\"https:\/\/www.tycsports.com\/futbol-internacional\/gallardo-al-ittihad-cifra-millonaria-despido-id590128.html\">La fortuna que tiene que pagarle Al-Ittihad a Gallardo para que se vaya<\/a><\/div>\n<\/div>\n<\/div>\n<\/div>\n<\/div>\n<div class=\"row mt-2-d\" data-bql=\"page_index-blo_3166\">\n<div class=\"col-8\">\n<div class=\" card destacado m-0 hm\"><a class=\"card-thumbnail rat16x10\" href=\"https:\/\/www.tycsports.com\/seleccion-argentina\/el-plan-de-messi-para-el-duelo-de-la-seleccion-argentina-contra-guatemala-el-ultimo-antes-de-la-copa-america-id590101.html\"><img decoding=\"async\" title=\"El plan de Messi para llegar bien a la Copa Am\u00e9rica\" src=\"https:\/\/media.tycsports.com\/files\/2024\/06\/11\/728554\/lionel-messi_416x234.webp\" srcset=\"https:\/\/media.tycsports.com\/files\/2024\/06\/11\/728554\/lionel-messi_416x234.webp 480w, https:\/\/media.tycsports.com\/files\/2024\/06\/11\/728554\/lionel-messi_862x485.webp 1080w\" alt=\"El plan de Messi para llegar bien a la Copa Am\u00e9rica\" data-src=\"https:\/\/media.tycsports.com\/files\/2024\/06\/11\/728554\/lionel-messi_416x234.webp\" data-srcset=\"https:\/\/media.tycsports.com\/files\/2024\/06\/11\/728554\/lionel-messi_416x234.webp 480w, https:\/\/media.tycsports.com\/files\/2024\/06\/11\/728554\/lionel-messi_862x485.webp 1080w\" \/><\/a><\/p>\n<div class=\"overlay\">\n<div class=\"overlay-tag\"><a href=\"https:\/\/www.tycsports.com\/copa-america\/equipos\/argentina.html\">SELECCI\u00d3N ARGENTINA<\/a><\/div>\n<h3 class=\"large\"><a href=\"https:\/\/www.tycsports.com\/seleccion-argentina\/el-plan-de-messi-para-el-duelo-de-la-seleccion-argentina-contra-guatemala-el-ultimo-antes-de-la-copa-america-id590101.html\">El plan de Messi para llegar bien a la Copa Am\u00e9rica<\/a><\/h3>\n<\/div>\n<\/div>\n<\/div>\n<div class=\"col-4\">\n<div class=\" card destacado m-0 hm\"><a class=\"card-thumbnail rat16x10\" href=\"https:\/\/www.tycsports.com\/river-plate\/pezzella-pase-river-betis--id590177.html\"><img decoding=\"async\" title=\"Por qu\u00e9 se dilata el pase de Pezzella a River y c\u00f3mo est\u00e1n las negociaciones\" src=\"https:\/\/media.tycsports.com\/files\/2024\/06\/11\/728697\/german-pezzella_416x234.webp\" alt=\"Por qu\u00e9 se dilata el pase de Pezzella a River y c\u00f3mo est\u00e1n las negociaciones\" data-src=\"https:\/\/media.tycsports.com\/files\/2024\/06\/11\/728697\/german-pezzella_416x234.webp\" \/><\/a><\/p>\n<div class=\"overlay\">\n<div class=\"overlay-tag\"><a href=\"https:\/\/www.tycsports.com\/mercado-de-pases.html\">MERCADO DE PASES <\/a><a href=\"https:\/\/www.tycsports.com\/river-plate\/pezzella-pase-river-betis--id590177.html\">Por qu\u00e9 se dilata el pase de Pezzella a River y c\u00f3mo est\u00e1n las negociaciones<\/a><\/div>\n<\/div>\n<\/div>\n<div class=\" card destacado m-0 hm\"><a class=\"card-thumbnail rat16x10\" href=\"https:\/\/www.tycsports.com\/river-plate\/paulo-diaz-desafectado-para-el-ultimo-amistoso-de-la-seleccion-de-chile-y-en-duda-para-la-copa-america-2024-id590158.html\"><img decoding=\"async\" title=\"Lo sufren River y Chile: Paulo D\u00edaz, en duda para la Copa Am\u00e9rica\" src=\"https:\/\/media.tycsports.com\/files\/2024\/06\/11\/728658\/paulo-diaz-seleccion-de-chile_416x234.webp?v=1\" alt=\"Lo sufren River y Chile: Paulo D\u00edaz, en duda para la Copa Am\u00e9rica\" data-src=\"https:\/\/media.tycsports.com\/files\/2024\/06\/11\/728658\/paulo-diaz-seleccion-de-chile_416x234.webp?v=1\" \/><\/a><\/p>\n<div class=\"overlay\">\n<div class=\"overlay-tag\"><a href=\"https:\/\/www.tycsports.com\/copa-america\/equipos\/chile.html\">SELECCI\u00d3N DE CHILE <\/a><a href=\"https:\/\/www.tycsports.com\/river-plate\/paulo-diaz-desafectado-para-el-ultimo-amistoso-de-la-seleccion-de-chile-y-en-duda-para-la-copa-america-2024-id590158.html\">Lo sufren River y Chile: Paulo D\u00edaz, en duda para la Copa Am\u00e9rica<\/a><\/div>\n<\/div>\n<\/div>\n<\/div>\n<\/div>\n<\/div>\n<\/section>\n<section class=\"container row\">\n<div class=\"col-8\" data-type=\"region\" data-name=\"content-left-1\" data-columns=\"8\">\n<section class=\"p20\">\n<section class=\" \" data-bql=\"page_index-blo_2874\">\n<div class=\"row\">\n<div class=\"col-6 card \"><a class=\"card-thumbnail rat16x9\" href=\"https:\/\/www.tycsports.com\/seleccion-argentina\/gonzalo-montiel-ilusiona-lionel-messi-copa-america-lo-veo-contento-con-muchas-ganas-id590223.html\"><img decoding=\"async\" title=\"Gonzalo Montiel se ilusiona con Lionel Messi en la Copa Am\u00e9rica: &quot;Lo veo contento y con muchas ganas&quot;\" src=\"https:\/\/media.tycsports.com\/files\/2024\/06\/11\/728782\/lionel-messi-gonzalo-montiel_416x234.webp?v=1\" alt=\"Gonzalo Montiel se ilusiona con Lionel Messi en la Copa Am\u00e9rica: &quot;Lo veo contento y con muchas ganas&quot;\" data-src=\"https:\/\/media.tycsports.com\/files\/2024\/06\/11\/728782\/lionel-messi-gonzalo-montiel_416x234.webp?v=1\" \/><\/a><\/p>\n<h3><a href=\"https:\/\/www.tycsports.com\/seleccion-argentina\/gonzalo-montiel-ilusiona-lionel-messi-copa-america-lo-veo-contento-con-muchas-ganas-id590223.html\">Gonzalo Montiel se ilusiona con Lionel Messi en la Copa Am\u00e9rica: \u00abLo veo contento y con muchas ganas\u00bb<\/a><\/h3>\n<p class=\"tema\"><a href=\"https:\/\/www.tycsports.com\/copa-america\/equipos\/argentina.html\">Selecci\u00f3n Argentina<\/a><\/p>\n<\/div>\n<div class=\"col-6 card \"><a class=\"card-thumbnail rat16x9\" href=\"https:\/\/www.tycsports.com\/san-lorenzo\/milton-gimenez-su-futuro-me-dijeron-que-quizas-san-lorenzo-este-mas-interesado-id590206.html\"><img decoding=\"async\" title=\"Milton Gim\u00e9nez: &quot;Me dijeron que quiz\u00e1s San Lorenzo est\u00e9 m\u00e1s interesado&quot;\" src=\"https:\/\/media.tycsports.com\/files\/2024\/06\/11\/728750\/milton-gimenez-banfield_416x234.webp\" alt=\"Milton Gim\u00e9nez: &quot;Me dijeron que quiz\u00e1s San Lorenzo est\u00e9 m\u00e1s interesado&quot;\" data-src=\"https:\/\/media.tycsports.com\/files\/2024\/06\/11\/728750\/milton-gimenez-banfield_416x234.webp\" \/><\/a><\/p>\n<h3><a href=\"https:\/\/www.tycsports.com\/san-lorenzo\/milton-gimenez-su-futuro-me-dijeron-que-quizas-san-lorenzo-este-mas-interesado-id590206.html\">Milton Gim\u00e9nez: \u00abMe dijeron que quiz\u00e1s San Lorenzo est\u00e9 m\u00e1s interesado\u00bb<\/a><\/h3>\n<p class=\"tema\"><a href=\"https:\/\/www.tycsports.com\/liga-profesional-de-futbol.html\">Liga Profesional de F\u00fatbol<\/a><\/p>\n<\/div>\n<\/div>\n<div class=\"row\">\n<div class=\"col-6 card \"><a class=\"card-thumbnail rat16x9\" href=\"https:\/\/www.tycsports.com\/independiente\/independiente-entre-el-regreso-de-marcone-y-la-presentacion-de-vaccari-id590198.html\"><img decoding=\"async\" title=\"Independiente, entre el regreso de Marcone y la presentaci\u00f3n de Vaccari\" src=\"https:\/\/media.tycsports.com\/files\/2024\/05\/13\/716710\/ivan-marcone_416x234.webp?v=1\" alt=\"Independiente, entre el regreso de Marcone y la presentaci\u00f3n de Vaccari\" data-src=\"https:\/\/media.tycsports.com\/files\/2024\/05\/13\/716710\/ivan-marcone_416x234.webp?v=1\" \/><\/a><\/p>\n<h3><a href=\"https:\/\/www.tycsports.com\/independiente\/independiente-entre-el-regreso-de-marcone-y-la-presentacion-de-vaccari-id590198.html\">Independiente, entre el regreso de Marcone y la presentaci\u00f3n de Vaccari<\/a><\/h3>\n<p class=\"tema\"><a href=\"https:\/\/www.tycsports.com\/independiente.html\">Independiente<\/a><\/p>\n<\/div>\n<div class=\"col-6 card \"><a class=\"card-thumbnail rat16x9\" href=\"https:\/\/www.tycsports.com\/san-lorenzo\/san-lorenzo-tiene-un-acuerdo-de-palabra-con-palmeiras-por-agustin-giay-id590144.html\"><img decoding=\"async\" title=\"Acuerdo San Lorenzo-Palmeiras por Giay: n\u00fameros de una venta hist\u00f3rica\" src=\"https:\/\/media.tycsports.com\/files\/2024\/06\/11\/728637\/agustin-giay-san-lorenzo_416x234.webp?v=1\" alt=\"Acuerdo San Lorenzo-Palmeiras por Giay: n\u00fameros de una venta hist\u00f3rica\" data-src=\"https:\/\/media.tycsports.com\/files\/2024\/06\/11\/728637\/agustin-giay-san-lorenzo_416x234.webp?v=1\" \/><\/a><\/p>\n<h3><a href=\"https:\/\/www.tycsports.com\/san-lorenzo\/san-lorenzo-tiene-un-acuerdo-de-palabra-con-palmeiras-por-agustin-giay-id590144.html\">Acuerdo San Lorenzo-Palmeiras por Giay: n\u00fameros de una venta hist\u00f3rica<\/a><\/h3>\n<p class=\"tema\"><a href=\"https:\/\/www.tycsports.com\/san-lorenzo.html\">San Lorenzo<\/a><\/p>\n<\/div>\n<\/div>\n<div class=\"row\">\n<div class=\"col-6 card \" data-thumbvideo=\"https:\/\/thumbs.vodgc.net\/11-13605-728555-xS0tkf1718116634929_240P.mp4\"><a class=\"card-thumbnail rat16x9\" href=\"https:\/\/www.tycsports.com\/boca-juniors\/toluca-le-puso-precio-a-belmonte-los-millones-que-debe-pagar-boca-para-sumarlo-id590105.html\"><img decoding=\"async\" title=\"Toluca le puso precio a Belmonte: cu\u00e1nto deber\u00e1 pagar Boca\" src=\"https:\/\/media.tycsports.com\/files\/2024\/06\/11\/728549\/belmonte_416x234.webp\" alt=\"Toluca le puso precio a Belmonte: cu\u00e1nto deber\u00e1 pagar Boca\" data-src=\"https:\/\/media.tycsports.com\/files\/2024\/06\/11\/728549\/belmonte_416x234.webp\" \/><\/a><\/p>\n<h3><a href=\"https:\/\/www.tycsports.com\/boca-juniors\/toluca-le-puso-precio-a-belmonte-los-millones-que-debe-pagar-boca-para-sumarlo-id590105.html\">Toluca le puso precio a Belmonte: cu\u00e1nto deber\u00e1 pagar Boca<\/a><\/h3>\n<p class=\"tema\"><a href=\"https:\/\/www.tycsports.com\/boca-juniors.html\">Boca Juniors<\/a><\/p>\n<\/div>\n<div class=\"col-6 card \"><a class=\"card-thumbnail rat16x9\" href=\"https:\/\/www.tycsports.com\/libero\/en-tyc-sports-ciro-se-refirio-a-la-posible-vuelta-de-los-piojos-id590173.html\"><img decoding=\"async\" title=\"En TyC Sports, Ciro se refiri\u00f3 a la posible vuelta de Los Piojos\" src=\"https:\/\/media.tycsports.com\/files\/2024\/06\/11\/728771\/ciro-los-piojos_416x234.webp\" alt=\"En TyC Sports, Ciro se refiri\u00f3 a la posible vuelta de Los Piojos\" data-src=\"https:\/\/media.tycsports.com\/files\/2024\/06\/11\/728771\/ciro-los-piojos_416x234.webp\" \/><\/a><\/p>\n<h3><a href=\"https:\/\/www.tycsports.com\/libero\/en-tyc-sports-ciro-se-refirio-a-la-posible-vuelta-de-los-piojos-id590173.html\">En TyC Sports, Ciro se refiri\u00f3 a la posible vuelta de Los Piojos<\/a><\/h3>\n<p class=\"tema\"><a href=\"https:\/\/www.tycsports.com\/libero-vs.html\">L\u00edbero VS<\/a><\/p>\n<\/div>\n<\/div>\n<\/section>\n<\/section>\n<\/div>\n<div class=\"col-4 aside\" data-type=\"region\" data-name=\"content-right-1\" data-columns=\"4\">\n<section class=\"p20\">\n<div class=\"mt-4\"><\/div>\n<\/section>\n<\/div>\n<\/section>\n<section class=\"container row\" data-type=\"region\" data-name=\"content-2\" data-columns=\"12\">\n<div class=\"col-12\">\n<div class=\"row mt-2-d\" data-bql=\"page_index-blo_2974\">\n<div class=\"col-8\">\n<div class=\" card destacado m-0 hm\"><a class=\"card-thumbnail rat16x10\" href=\"https:\/\/www.tycsports.com\/boca-juniors\/boca-tiene-en-carpeta-a-fausto-vera-en-caso-de-que-se-vaya-equi-fernandez-id590086.html\"><img decoding=\"async\" title=\"Boca aceler\u00f3 por Fausto Vera y le hizo una oferta a Corinthians\" src=\"https:\/\/media.tycsports.com\/files\/2024\/06\/11\/728525\/fausto-vera_416x234.webp?v=6\" srcset=\"https:\/\/media.tycsports.com\/files\/2024\/06\/11\/728525\/fausto-vera_416x234.webp?v=6 480w, https:\/\/media.tycsports.com\/files\/2024\/06\/11\/728525\/fausto-vera_862x485.webp?v=6 1080w\" alt=\"Boca aceler\u00f3 por Fausto Vera y le hizo una oferta a Corinthians\" data-src=\"https:\/\/media.tycsports.com\/files\/2024\/06\/11\/728525\/fausto-vera_416x234.webp?v=6\" data-srcset=\"https:\/\/media.tycsports.com\/files\/2024\/06\/11\/728525\/fausto-vera_416x234.webp?v=6 480w, https:\/\/media.tycsports.com\/files\/2024\/06\/11\/728525\/fausto-vera_862x485.webp?v=6 1080w\" \/><\/a><\/p>\n<div class=\"overlay\">\n<div class=\"overlay-tag\"><a href=\"https:\/\/www.tycsports.com\/boca-juniors.html\">BOCA JUNIORS<\/a><\/div>\n<h3 class=\"large\"><a href=\"https:\/\/www.tycsports.com\/boca-juniors\/boca-tiene-en-carpeta-a-fausto-vera-en-caso-de-que-se-vaya-equi-fernandez-id590086.html\">Boca aceler\u00f3 por Fausto Vera y le hizo una oferta a Corinthians<\/a><\/h3>\n<\/div>\n<\/div>\n<\/div>\n<div class=\"col-4\">\n<div class=\" card destacado m-0 hm\">\n<div class=\"card-tags\"><span class=\"tag vivo\">EN VIVO<\/span><\/div>\n<p><a class=\"card-thumbnail rat16x10\" href=\"https:\/\/www.tycsports.com\/amistosos-de-selecciones\/chile-vs-paraguay-en-vivo-hora-donde-ver-y-formaciones-id589869.html\"><img decoding=\"async\" title=\"Chile golea en su \u00faltimo duelo previo a su debut en el grupo de Argentina\" src=\"https:\/\/media.tycsports.com\/files\/2024\/06\/11\/728775\/chile-festejos-davila_416x234.webp?v=2\" alt=\"Chile golea en su \u00faltimo duelo previo a su debut en el grupo de Argentina\" data-src=\"https:\/\/media.tycsports.com\/files\/2024\/06\/11\/728775\/chile-festejos-davila_416x234.webp?v=2\" \/><\/a><\/p>\n<div class=\"overlay\">\n<div class=\"overlay-tag\"><a href=\"https:\/\/www.tycsports.com\/copa-america\/equipos\/chile.html\">SELECCI\u00d3N DE CHILE<\/a><\/div>\n<h3><a href=\"https:\/\/www.tycsports.com\/amistosos-de-selecciones\/chile-vs-paraguay-en-vivo-hora-donde-ver-y-formaciones-id589869.html\">Chile golea en su \u00faltimo duelo previo a su debut en el grupo de Argentina<\/a><\/h3>\n<div class=\"mam-async show\" data-channel=\"deportes.futbol.amistoso.ficha.740730\" data-size=\"sm\">\n<div class=\"card-mam futbol\">\n<div class=\"card-mam-team-wrap local\">\n<div class=\"card-mam-team local\">\n<div class=\"card-mam-escudo\"><img loading=\"lazy\" decoding=\"async\" class=\"\" src=\"https:\/\/statics-files.tycsports.com\/escudos\/159.png?v=1.0\" alt=\"Chile\" width=\"73\" height=\"73\" \/> CHI 3<\/div>\n<\/div>\n<\/div>\n<div class=\"card-mam-team-wrap visitor\">\n<div class=\"card-mam-team\">\n<div class=\"card-mam-escudo\"><img loading=\"lazy\" decoding=\"async\" class=\"\" src=\"https:\/\/statics-files.tycsports.com\/escudos\/170.png?v=1.0\" alt=\"Paraguay\" width=\"63\" height=\"63\" \/> PAR 0<\/div>\n<\/div>\n<\/div>\n<\/div>\n<\/div>\n<\/div>\n<\/div>\n<div class=\" card destacado m-0 hm\"><a class=\"card-thumbnail rat16x10\" href=\"https:\/\/www.tycsports.com\/primera-nacional\/millonaria-demanda-de-la-familia-del-hincha-de-chacarita-apunalado-vs-maipu-id590203.html\"><img decoding=\"async\" title=\"Millonaria demanda de la familia del hincha de Chacarita apu\u00f1alado vs. Maip\u00fa\" src=\"https:\/\/media.tycsports.com\/files\/2024\/06\/11\/728742\/barra-chacarita_416x234.webp\" alt=\"Millonaria demanda de la familia del hincha de Chacarita apu\u00f1alado vs. Maip\u00fa\" data-src=\"https:\/\/media.tycsports.com\/files\/2024\/06\/11\/728742\/barra-chacarita_416x234.webp\" \/><\/a><\/p>\n<div class=\"overlay\">\n<div class=\"overlay-tag\"><a href=\"https:\/\/www.tycsports.com\/chacarita.html\">CHACARITA<\/a><\/div>\n<h3><a href=\"https:\/\/www.tycsports.com\/primera-nacional\/millonaria-demanda-de-la-familia-del-hincha-de-chacarita-apunalado-vs-maipu-id590203.html\">Millonaria demanda de la familia del hincha de Chacarita apu\u00f1alado vs. Maip\u00fa<\/a><\/h3>\n<\/div>\n<\/div>\n<\/div>\n<\/div>\n<section class=\"p20 \" data-bql=\"page_index-blo_2846\">\n<div class=\"row\">\n<div class=\"col-3 card \" data-thumbvideo=\"https:\/\/thumbs.vodgc.net\/11-13605-727588-MIaJTX1717870895666_240P.mp4\"><a class=\"card-thumbnail rat16x9\" href=\"https:\/\/www.tycsports.com\/boca-juniors\/zenon-suma-chances-de-ir-a-los-juegos-olimpicos-y-boca-lo-perderia-en-el-repechaje-id590071.html\"><img decoding=\"async\" title=\"Zen\u00f3n, elogiado por Mascherano y cada vez m\u00e1s cerca de Par\u00eds\" src=\"https:\/\/media.tycsports.com\/files\/2024\/06\/11\/728509\/zenon_416x234.webp?v=2\" alt=\"Zen\u00f3n, elogiado por Mascherano y cada vez m\u00e1s cerca de Par\u00eds\" data-src=\"https:\/\/media.tycsports.com\/files\/2024\/06\/11\/728509\/zenon_416x234.webp?v=2\" \/><\/a><\/p>\n<h3><a href=\"https:\/\/www.tycsports.com\/boca-juniors\/zenon-suma-chances-de-ir-a-los-juegos-olimpicos-y-boca-lo-perderia-en-el-repechaje-id590071.html\">Zen\u00f3n, elogiado por Mascherano y cada vez m\u00e1s cerca de Par\u00eds<\/a><\/h3>\n<p class=\"tema\"><a href=\"https:\/\/www.tycsports.com\/boca-juniors.html\">Boca Juniors<\/a><\/p>\n<\/div>\n<div class=\"col-3 card \" data-thumbvideo=\"https:\/\/thumbs.vodgc.net\/11-13605-728721-7c2xwx1718141047390_240P.mp4\"><a class=\"card-thumbnail rat16x9\" href=\"https:\/\/www.tycsports.com\/eurocopa\/portugal-irlanda-cristiano-ronaldo-goles-video-id590188.html\"><img decoding=\"async\" title=\"Golazo y doblete de Cristiano en el triunfo de Portugal antes de la Eurocopa\" src=\"https:\/\/media.tycsports.com\/files\/2024\/06\/11\/728716\/cristiano-ronaldo_416x234.webp\" alt=\"Golazo y doblete de Cristiano en el triunfo de Portugal antes de la Eurocopa\" data-src=\"https:\/\/media.tycsports.com\/files\/2024\/06\/11\/728716\/cristiano-ronaldo_416x234.webp\" \/><\/a><\/p>\n<h3><a href=\"https:\/\/www.tycsports.com\/eurocopa\/portugal-irlanda-cristiano-ronaldo-goles-video-id590188.html\">Golazo y doblete de Cristiano en el triunfo de Portugal antes de la Eurocopa<\/a><\/h3>\n<p class=\"tema\"><a href=\"https:\/\/www.tycsports.com\/eurocopa.html\">Eurocopa<\/a><\/p>\n<\/div>\n<div class=\"col-3 card \" data-thumbvideo=\"https:\/\/thumbs.vodgc.net\/11-13605-728734-1g8T4l1718144210287_240P.mp4\"><a class=\"card-thumbnail rat16x9\" title=\"\" href=\"https:\/\/www.tycsports.com\/boxeo\/el-preocupante-video-de-tyson-fury-alcoholizado-en-un-bar-id590197.html\"><img decoding=\"async\" title=\"El preocupante video de Tyson Fury alcoholizado en un bar\" src=\"https:\/\/media.tycsports.com\/files\/2024\/06\/11\/728736\/furry-capturas-borracho_416x234.webp\" alt=\"El preocupante video de Tyson Fury alcoholizado en un bar\" data-src=\"https:\/\/media.tycsports.com\/files\/2024\/06\/11\/728736\/furry-capturas-borracho_416x234.webp\" \/><\/a><\/p>\n<h3><a href=\"https:\/\/www.tycsports.com\/boxeo\/el-preocupante-video-de-tyson-fury-alcoholizado-en-un-bar-id590197.html\">El preocupante video de Tyson Fury alcoholizado en un bar<\/a><\/h3>\n<p class=\"tema\"><a href=\"https:\/\/www.tycsports.com\/boxeo.html\">Boxeo<\/a><\/p>\n<\/div>\n<div class=\"col-3 card \"><a class=\"card-thumbnail rat16x9\" href=\"https:\/\/www.tycsports.com\/liga-profesional-de-futbol\/mercado-de-pases-junio-argentina-2024-altas-y-bajas-de-la-liga-profesional-id589793.html\"><img decoding=\"async\" title=\"Altas y bajas en la LPF: el detalle, equipo por equipo\" src=\"https:\/\/media.tycsports.com\/files\/2024\/06\/09\/727872\/mercado-de-pases-2024_416x234.webp\" alt=\"Altas y bajas en la LPF: el detalle, equipo por equipo\" data-src=\"https:\/\/media.tycsports.com\/files\/2024\/06\/09\/727872\/mercado-de-pases-2024_416x234.webp\" \/><\/a><\/p>\n<h3><a href=\"https:\/\/www.tycsports.com\/liga-profesional-de-futbol\/mercado-de-pases-junio-argentina-2024-altas-y-bajas-de-la-liga-profesional-id589793.html\">Altas y bajas en la LPF: el detalle, equipo por equipo<\/a><\/h3>\n<p class=\"tema\"><a href=\"https:\/\/www.tycsports.com\/mercado-de-pases.html\">Mercado de Pases<\/a><\/p>\n<\/div>\n<\/div>\n<\/section>\n<\/div>\n<\/section>\n<section class=\"container row\" data-type=\"region\" data-name=\"content-3\" data-columns=\"12\">\n<div class=\"col-12\"><\/div>\n<\/section>\n<section class=\"container row\">\n<div class=\"col-8\" data-type=\"region\" data-name=\"content-left-3\" data-columns=\"8\">\n<section class=\"p20\">\n<section class=\" \" data-bql=\"page_index-blo_2547\">\n<h2 class=\"mt-1 heading2\"><a href=\"https:\/\/www.tycsports.com\/boca-juniors.html\" target=\"_self\" rel=\"noopener\"><img decoding=\"async\" src=\"https:\/\/media.tycsports.com\/files\/2021\/04\/23\/263145\/creatividad-para-bloque-2547.png\" alt=\"Logo de Boca Juniors\" data-src=\"https:\/\/media.tycsports.com\/files\/2021\/04\/23\/263145\/creatividad-para-bloque-2547.png\" \/>BOCA JUNIORS<\/a><\/h2>\n<div class=\"row\">\n<div class=\"col-6 card \"><a class=\"card-thumbnail rat16x9\" href=\"https:\/\/www.tycsports.com\/boca-juniors\/boca-nueva-camiseta-alternativa-blanca-id590194.html\"><img decoding=\"async\" title=\"\u00a1Blanca! Se filtr\u00f3 la supuesta nueva camiseta alternativa de Boca\" src=\"https:\/\/media.tycsports.com\/files\/2024\/06\/11\/728727\/posible-camiseta-nueva-de-boca_416x234.webp?v=1\" alt=\"\u00a1Blanca! Se filtr\u00f3 la supuesta nueva camiseta alternativa de Boca\" data-src=\"https:\/\/media.tycsports.com\/files\/2024\/06\/11\/728727\/posible-camiseta-nueva-de-boca_416x234.webp?v=1\" \/><\/a><\/p>\n<h3><a href=\"https:\/\/www.tycsports.com\/boca-juniors\/boca-nueva-camiseta-alternativa-blanca-id590194.html\">\u00a1Blanca! Se filtr\u00f3 la supuesta nueva camiseta alternativa de Boca<\/a><\/h3>\n<\/div>\n<div class=\"col-6 card \" data-thumbvideo=\"https:\/\/thumbs.vodgc.net\/11-13605-728601-5JP3B31718122173319_240P.mp4\"><a class=\"card-thumbnail rat16x9\" href=\"https:\/\/www.tycsports.com\/boca-juniors\/con-lema-entre-algodones-la-duda-en-el-once-de-boca-para-recibir-a-velez-id590126.html\"><img decoding=\"async\" title=\" Qu\u00e9 tiene Lema y por qu\u00e9 no termin\u00f3 la pr\u00e1ctica\" src=\"https:\/\/media.tycsports.com\/files\/2024\/06\/11\/728577\/lema_416x234.webp?v=7\" alt=\" Qu\u00e9 tiene Lema y por qu\u00e9 no termin\u00f3 la pr\u00e1ctica\" data-src=\"https:\/\/media.tycsports.com\/files\/2024\/06\/11\/728577\/lema_416x234.webp?v=7\" \/><\/a><\/p>\n<h3><a href=\"https:\/\/www.tycsports.com\/boca-juniors\/con-lema-entre-algodones-la-duda-en-el-once-de-boca-para-recibir-a-velez-id590126.html\">Qu\u00e9 tiene Lema y por qu\u00e9 no termin\u00f3 la pr\u00e1ctica<\/a><\/h3>\n<\/div>\n<\/div>\n<\/section>\n<section class=\" \" data-bql=\"page_index-blo_2549\">\n<div class=\"row\">\n<div class=\"col-4 card \" data-thumbvideo=\"https:\/\/thumbs.vodgc.net\/11-13605-728271-yowVmQ1718024975415_240P.mp4\"><a class=\"card-thumbnail rat16x9\" href=\"https:\/\/www.tycsports.com\/boca-juniors\/joaquin-pombo-palpito-la-serie-ante-boca-independiente-del-valle-es-el-favorito-sin-dudas-id590115.html\"><img decoding=\"async\" title=\"El argentino de IDV que le puso picante a la serie ante Boca: &quot;Somos el favorito, sin dudas&quot;\" src=\"https:\/\/media.tycsports.com\/files\/2024\/06\/11\/728558\/joaquin-pombo_416x234.webp?v=1\" alt=\"El argentino de IDV que le puso picante a la serie ante Boca: &quot;Somos el favorito, sin dudas&quot;\" data-src=\"https:\/\/media.tycsports.com\/files\/2024\/06\/11\/728558\/joaquin-pombo_416x234.webp?v=1\" \/><\/a><\/p>\n<h3><a href=\"https:\/\/www.tycsports.com\/boca-juniors\/joaquin-pombo-palpito-la-serie-ante-boca-independiente-del-valle-es-el-favorito-sin-dudas-id590115.html\">El argentino de IDV que le puso picante a la serie ante Boca: \u00abSomos el favorito, sin dudas\u00bb<\/a><\/h3>\n<\/div>\n<div class=\"col-4 card \"><a class=\"card-thumbnail rat16x9\" href=\"https:\/\/www.tycsports.com\/boca-juniors\/que-dicen-en-boca-sobre-las-fotos-de-la-nueva-polemica-de-marcos-rojo-id590020.html\"><img decoding=\"async\" title=\"La respuesta desde Boca por las fotos de la pol\u00e9mica de Rojo\" src=\"https:\/\/media.tycsports.com\/files\/2024\/06\/10\/728450\/rojo_416x234.webp?v=3\" alt=\"La respuesta desde Boca por las fotos de la pol\u00e9mica de Rojo\" data-src=\"https:\/\/media.tycsports.com\/files\/2024\/06\/10\/728450\/rojo_416x234.webp?v=3\" \/><\/a><\/p>\n<h3><a href=\"https:\/\/www.tycsports.com\/boca-juniors\/que-dicen-en-boca-sobre-las-fotos-de-la-nueva-polemica-de-marcos-rojo-id590020.html\">La respuesta desde Boca por las fotos de la pol\u00e9mica de Rojo<\/a><\/h3>\n<\/div>\n<div class=\"col-4 card \" data-thumbvideo=\"https:\/\/thumbs.vodgc.net\/11-13605-728479-ktzwX61718068127932_240P.mp4\"><a class=\"card-thumbnail rat16x9\" href=\"https:\/\/www.tycsports.com\/boca-juniors\/sebastian-villa-futbol-argentino-boca-independiente-rivadavia-mercado-de-pases-fichajes-id589719.html\"><img decoding=\"async\" title=\"Villa, a un paso de volver al f\u00fatbol argentino: qu\u00e9 falta y su situaci\u00f3n judicial\" src=\"https:\/\/media.tycsports.com\/files\/2024\/06\/08\/727560\/sebastian-villa-boca_416x234.webp?v=1\" alt=\"Villa, a un paso de volver al f\u00fatbol argentino: qu\u00e9 falta y su situaci\u00f3n judicial\" data-src=\"https:\/\/media.tycsports.com\/files\/2024\/06\/08\/727560\/sebastian-villa-boca_416x234.webp?v=1\" \/><\/a><\/p>\n<h3><a href=\"https:\/\/www.tycsports.com\/boca-juniors\/sebastian-villa-futbol-argentino-boca-independiente-rivadavia-mercado-de-pases-fichajes-id589719.html\">Villa, a un paso de volver al f\u00fatbol argentino: qu\u00e9 falta y su situaci\u00f3n judicial<\/a><\/h3>\n<\/div>\n<\/div>\n<\/section>\n<section class=\" \" data-bql=\"page_index-blo_2550\">\n<h2 class=\"mt-1 heading2\"><a href=\"https:\/\/www.tycsports.com\/river-plate.html\" target=\"_self\" rel=\"noopener\"><img decoding=\"async\" src=\"https:\/\/media.tycsports.com\/files\/2023\/07\/19\/595012\/creatividad-para-bloque-2550.webp\" alt=\"Logo de River Plate\" data-src=\"https:\/\/media.tycsports.com\/files\/2023\/07\/19\/595012\/creatividad-para-bloque-2550.webp\" \/>RIVER PLATE<\/a><\/h2>\n<div class=\"row\">\n<div class=\"col-6 card \" data-thumbvideo=\"https:\/\/thumbs.vodgc.net\/11-13605-728662-zgoZh11718131831668_240P.mp4\"><a class=\"card-thumbnail rat16x9\" href=\"https:\/\/www.tycsports.com\/river-plate\/colidio-river-gol-practica-riestra-borja-id590163.html\"><img decoding=\"async\" title=\"Colidio llega afilado ante Riestra y quiere hacer olvidar a Borja: golazo en la pr\u00e1ctica \" src=\"https:\/\/media.tycsports.com\/files\/2024\/06\/11\/728663\/facundo-colidio_416x234.webp?v=1\" alt=\"Colidio llega afilado ante Riestra y quiere hacer olvidar a Borja: golazo en la pr\u00e1ctica \" data-src=\"https:\/\/media.tycsports.com\/files\/2024\/06\/11\/728663\/facundo-colidio_416x234.webp?v=1\" \/><\/a><\/p>\n<h3><a href=\"https:\/\/www.tycsports.com\/river-plate\/colidio-river-gol-practica-riestra-borja-id590163.html\">Colidio llega afilado ante Riestra y quiere hacer olvidar a Borja: golazo en la pr\u00e1ctica<\/a><\/h3>\n<\/div>\n<div class=\"col-6 card \"><a class=\"card-thumbnail rat16x9\" href=\"https:\/\/www.tycsports.com\/river-plate\/river-mercado-de-pases-alexis-sanchez-continuara-carrera-europa-id590030.html\"><img decoding=\"async\" title=\"Fin del sue\u00f1o en River: Alexis S\u00e1nchez continuar\u00e1 su carrera en Europa\" src=\"https:\/\/media.tycsports.com\/files\/2024\/06\/10\/728466\/alexis-sanchez_416x234.webp\" alt=\"Fin del sue\u00f1o en River: Alexis S\u00e1nchez continuar\u00e1 su carrera en Europa\" data-src=\"https:\/\/media.tycsports.com\/files\/2024\/06\/10\/728466\/alexis-sanchez_416x234.webp\" \/><\/a><\/p>\n<h3><a href=\"https:\/\/www.tycsports.com\/river-plate\/river-mercado-de-pases-alexis-sanchez-continuara-carrera-europa-id590030.html\">Fin del sue\u00f1o en River: Alexis S\u00e1nchez continuar\u00e1 su carrera en Europa<\/a><\/h3>\n<\/div>\n<\/div>\n<\/section>\n<section class=\" \" data-bql=\"page_index-blo_2551\">\n<div class=\"row\">\n<div class=\"col-4 card \"><a class=\"card-thumbnail rat16x9\" href=\"https:\/\/www.tycsports.com\/san-lorenzo\/ferreira-san-lorenzo-river-mercado-de-pases-fichajes-id590002.html\"><img decoding=\"async\" title=\"Ferreira se quiere ir de San Lorenzo: \u00bfvolver\u00e1 a River o ser\u00e1 transferido?\" src=\"https:\/\/media.tycsports.com\/files\/2024\/06\/10\/728421\/cristian-ferreira_416x234.webp?v=1\" alt=\"Ferreira se quiere ir de San Lorenzo: \u00bfvolver\u00e1 a River o ser\u00e1 transferido?\" data-src=\"https:\/\/media.tycsports.com\/files\/2024\/06\/10\/728421\/cristian-ferreira_416x234.webp?v=1\" \/><\/a><\/p>\n<h3><a href=\"https:\/\/www.tycsports.com\/san-lorenzo\/ferreira-san-lorenzo-river-mercado-de-pases-fichajes-id590002.html\">Ferreira se quiere ir de San Lorenzo: \u00bfvolver\u00e1 a River o ser\u00e1 transferido?<\/a><\/h3>\n<\/div>\n<div class=\"col-4 card \"><a class=\"card-thumbnail rat16x9\" href=\"https:\/\/www.tycsports.com\/river-plate\/cristian-fabbiani-antes-del-duelo-ante-river-se-le-puede-jugar-id589993.html\"><img decoding=\"async\" title=\"Fabbiani, en la previa al partido contra River: &quot;Se le puede jugar&quot;\" src=\"https:\/\/media.tycsports.com\/files\/2024\/05\/14\/717103\/cristian-fabbiani-tecnico-de-deportivo-riestra_416x234.webp?v=1\" alt=\"Fabbiani, en la previa al partido contra River: &quot;Se le puede jugar&quot;\" data-src=\"https:\/\/media.tycsports.com\/files\/2024\/05\/14\/717103\/cristian-fabbiani-tecnico-de-deportivo-riestra_416x234.webp?v=1\" \/><\/a><\/p>\n<h3><a href=\"https:\/\/www.tycsports.com\/river-plate\/cristian-fabbiani-antes-del-duelo-ante-river-se-le-puede-jugar-id589993.html\">Fabbiani, en la previa al partido contra River: \u00abSe le puede jugar\u00bb<\/a><\/h3>\n<\/div>\n<div class=\"col-4 card \"><a class=\"card-thumbnail rat16x9\" href=\"https:\/\/www.tycsports.com\/river-plate\/problema-futuro-como-podria-afectar-el-recital-de-paul-mccartney-a-river-id589992.html\"><img decoding=\"async\" title=\"\u00bfProblema para River? Por qu\u00e9 el recital de McCartney podr\u00eda complicar\" src=\"https:\/\/media.tycsports.com\/files\/2024\/06\/10\/728390\/monumental_416x234.webp?v=2\" alt=\"\u00bfProblema para River? Por qu\u00e9 el recital de McCartney podr\u00eda complicar\" data-src=\"https:\/\/media.tycsports.com\/files\/2024\/06\/10\/728390\/monumental_416x234.webp?v=2\" \/><\/a><\/p>\n<h3><a href=\"https:\/\/www.tycsports.com\/river-plate\/problema-futuro-como-podria-afectar-el-recital-de-paul-mccartney-a-river-id589992.html\">\u00bfProblema para River? Por qu\u00e9 el recital de McCartney podr\u00eda complicar<\/a><\/h3>\n<\/div>\n<\/div>\n<\/section>\n<\/section>\n<\/div>\n<div class=\"col-4 aside\" data-type=\"region\" data-name=\"content-right-3\" data-columns=\"4\">\n<section class=\"p20\">\n<div class=\"mt-4\"><\/div>\n<\/section>\n<\/div>\n<\/section>\n<section class=\"container row\">\n<div class=\"col-8\" data-type=\"region\" data-name=\"content-left-6\" data-columns=\"8\">\n<section class=\"p20\">\n<section class=\" \" data-bql=\"page_index-blo_2553\">\n<h2 class=\"mt-1 heading2\"><a href=\"https:\/\/www.tycsports.com\/liga-profesional-de-futbol.html\" target=\"_blank\" rel=\"noopener\"><img decoding=\"async\" src=\"https:\/\/media.tycsports.com\/files\/2024\/04\/10\/702010\/creatividad-para-bloque-2553.webp\" alt=\"Logo de F\u00fatbol Argentino\" data-src=\"https:\/\/media.tycsports.com\/files\/2024\/04\/10\/702010\/creatividad-para-bloque-2553.webp\" \/>F\u00daTBOL ARGENTINO<\/a><\/h2>\n<div class=\"row\">\n<div class=\"col-4 card \"><a class=\"card-thumbnail rat16x9\" href=\"https:\/\/www.tycsports.com\/independiente\/independiente-mauricio-isla-gabriel-avalos-colo-colo-id590180.html\"><img decoding=\"async\" title=\"El Rojo le puso precio a Isla y \u00c1valos ante el inter\u00e9s de Colo Colo\" src=\"https:\/\/media.tycsports.com\/files\/2024\/06\/11\/728681\/avalos-isla_416x234.webp\" alt=\"El Rojo le puso precio a Isla y \u00c1valos ante el inter\u00e9s de Colo Colo\" data-src=\"https:\/\/media.tycsports.com\/files\/2024\/06\/11\/728681\/avalos-isla_416x234.webp\" \/><\/a><\/p>\n<h3><a href=\"https:\/\/www.tycsports.com\/independiente\/independiente-mauricio-isla-gabriel-avalos-colo-colo-id590180.html\">El Rojo le puso precio a Isla y \u00c1valos ante el inter\u00e9s de Colo Colo<\/a><\/h3>\n<p class=\"tema\"><a href=\"https:\/\/www.tycsports.com\/independiente.html\">Independiente<\/a><\/p>\n<\/div>\n<div class=\"col-4 card \" data-thumbvideo=\"https:\/\/thumbs.vodgc.net\/11-13605-728669-YQoJAX1718132900263_240P.mp4\"><a class=\"card-thumbnail rat16x9\" href=\"https:\/\/www.tycsports.com\/liga-profesional-de-futbol\/el-objetivo-de-gonzalo-trindade-el-juvenil-que-fue-de-river-y-espera-su-debut-en-central-cordoba-sde-id590167.html\"><img decoding=\"async\" title=\"El objetivo de Trindade, el juvenil que fue de River y espera su debut en Central C\u00f3rdoba (SdE)\" src=\"https:\/\/media.tycsports.com\/files\/2024\/06\/11\/728668\/el-lateral-por-izquierda-se-mostro-confiado-en-poder-conseguir-el-objetivo-deportivo-con-el-ferroviario-_416x234.webp?v=2\" alt=\"El objetivo de Trindade, el juvenil que fue de River y espera su debut en Central C\u00f3rdoba (SdE)\" data-src=\"https:\/\/media.tycsports.com\/files\/2024\/06\/11\/728668\/el-lateral-por-izquierda-se-mostro-confiado-en-poder-conseguir-el-objetivo-deportivo-con-el-ferroviario-_416x234.webp?v=2\" \/><\/a><\/p>\n<h3><a href=\"https:\/\/www.tycsports.com\/liga-profesional-de-futbol\/el-objetivo-de-gonzalo-trindade-el-juvenil-que-fue-de-river-y-espera-su-debut-en-central-cordoba-sde-id590167.html\">El objetivo de Trindade, el juvenil que fue de River y espera su debut en Central C\u00f3rdoba (SdE)<\/a><\/h3>\n<p><a class=\"card-autor-info\" href=\"https:\/\/www.tycsports.com\/#\"><img decoding=\"async\" class=\"card-autor-img\" src=\"https:\/\/media.tycsports.com\/files\/2024\/01\/31\/670561\/mariano-carabajal_267x267.webp?v=1\" alt=\"Mariano Carabajal\" data-src=\"https:\/\/media.tycsports.com\/files\/2024\/01\/31\/670561\/mariano-carabajal_267x267.webp?v=1\" \/><\/a><\/p>\n<div class=\"card-autor-name\">Por\u00a0<strong>Mariano Carabajal<\/strong><\/div>\n<\/div>\n<div class=\"col-4 card \"><a class=\"card-thumbnail rat16x9\" href=\"https:\/\/www.tycsports.com\/liga-profesional-de-futbol\/la-enfermeria-de-argentinos-juniors-a-full-el-posible-equipo-ante-central-cordoba-sde-id590154.html\"><img decoding=\"async\" title=\"La enfermer\u00eda de Argentinos, a full: el posible equipo ante Central C\u00f3rdoba (SdE)\" src=\"https:\/\/media.tycsports.com\/files\/2024\/06\/11\/728646\/argentinos_416x234.webp\" alt=\"La enfermer\u00eda de Argentinos, a full: el posible equipo ante Central C\u00f3rdoba (SdE)\" data-src=\"https:\/\/media.tycsports.com\/files\/2024\/06\/11\/728646\/argentinos_416x234.webp\" \/><\/a><\/p>\n<h3><a href=\"https:\/\/www.tycsports.com\/liga-profesional-de-futbol\/la-enfermeria-de-argentinos-juniors-a-full-el-posible-equipo-ante-central-cordoba-sde-id590154.html\">La enfermer\u00eda de Argentinos, a full: el posible equipo ante Central C\u00f3rdoba (SdE)<\/a><\/h3>\n<p><a class=\"card-autor-info\" href=\"https:\/\/www.tycsports.com\/autor\/fabio-tokman.html\"><img loading=\"lazy\" decoding=\"async\" class=\"card-autor-img\" src=\"https:\/\/media.tycsports.com\/files\/2020\/06\/27\/104719\/fabio-tokman-_267x267.jpg?v=1\" alt=\"Fabio Tokman \" width=\"66\" height=\"66\" data-src=\"https:\/\/media.tycsports.com\/files\/2020\/06\/27\/104719\/fabio-tokman-_267x267.jpg?v=1\" \/><\/a><\/p>\n<div class=\"card-autor-name\">Por\u00a0<strong>Fabio Tokman<\/strong><\/div>\n<\/div>\n<\/div>\n<div class=\"row\">\n<div class=\"col-4 card \"><a class=\"card-thumbnail rat16x9\" href=\"https:\/\/www.tycsports.com\/racing-club\/racing-entrenamiento-maravilla-martinez-lanus-id590145.html\"><img decoding=\"async\" title=\"\u00bfCon Maravilla de arranque o en el banco?\" src=\"https:\/\/media.tycsports.com\/files\/2024\/06\/11\/728633\/maravilla-martinez-racing_416x234.webp\" alt=\"\u00bfCon Maravilla de arranque o en el banco?\" data-src=\"https:\/\/media.tycsports.com\/files\/2024\/06\/11\/728633\/maravilla-martinez-racing_416x234.webp\" \/><\/a><\/p>\n<h3><a href=\"https:\/\/www.tycsports.com\/racing-club\/racing-entrenamiento-maravilla-martinez-lanus-id590145.html\">\u00bfCon Maravilla de arranque o en el banco?<\/a><\/h3>\n<p class=\"tema\"><a href=\"https:\/\/www.tycsports.com\/racing-club.html\">Racing Club<\/a><\/p>\n<\/div>\n<div class=\"col-4 card \"><a class=\"card-thumbnail rat16x9\" href=\"https:\/\/www.tycsports.com\/liga-profesional-de-futbol\/colectivo-ni-una-menos-repudio-contratacion-sebastian-villa-independiente-rivadavia-id590058.html\"><img decoding=\"async\" title=\"El colectivo Ni Una Menos repudi\u00f3 la contrataci\u00f3n de Sebasti\u00e1n Villa en Independiente (R)\" src=\"https:\/\/media.tycsports.com\/files\/2024\/06\/11\/728487\/repudio-ni-una-menos-villa_416x234.webp?v=1\" alt=\"El colectivo Ni Una Menos repudi\u00f3 la contrataci\u00f3n de Sebasti\u00e1n Villa en Independiente (R)\" data-src=\"https:\/\/media.tycsports.com\/files\/2024\/06\/11\/728487\/repudio-ni-una-menos-villa_416x234.webp?v=1\" \/><\/a><\/p>\n<h3><a href=\"https:\/\/www.tycsports.com\/liga-profesional-de-futbol\/colectivo-ni-una-menos-repudio-contratacion-sebastian-villa-independiente-rivadavia-id590058.html\">El colectivo Ni Una Menos repudi\u00f3 la contrataci\u00f3n de Sebasti\u00e1n Villa en Independiente (R)<\/a><\/h3>\n<p class=\"tema\"><a href=\"https:\/\/www.tycsports.com\/independiente-rivadavia.html\">Independiente Rivadavia (Mendoza)<\/a><\/p>\n<\/div>\n<div class=\"col-4 card \">\n<h3><a href=\"https:\/\/www.tycsports.com\/liga-profesional-de-futbol\/fecha-5-de-la-liga-profesional-calendario-resultados-posiciones-y-goles-id590087.html\">F<\/a><a class=\"card-thumbnail rat16x9\" href=\"https:\/\/www.tycsports.com\/liga-profesional-de-futbol\/milton-gimenez-el-nuevo-jugador-de-moda-del-futbol-argentino-id590082.html\"><img decoding=\"async\" title=\"Los cinco clubes que quieren a Milton Gim\u00e9nez\" src=\"https:\/\/media.tycsports.com\/files\/2024\/06\/11\/728522\/milton-gimenez_416x234.webp?v=1\" alt=\"Los cinco clubes que quieren a Milton Gim\u00e9nez\" data-src=\"https:\/\/media.tycsports.com\/files\/2024\/06\/11\/728522\/milton-gimenez_416x234.webp?v=1\" \/><\/a><\/h3>\n<\/div>\n<\/div>\n<div class=\"row\">\n<div class=\"col-4 card \" data-thumbvideo=\"https:\/\/thumbs.vodgc.net\/11-13605-726355-GUFSQ71717548896583_240P.mp4\">\n<h3><a href=\"https:\/\/www.tycsports.com\/liga-profesional-de-futbol\/milton-gimenez-el-nuevo-jugador-de-moda-del-futbol-argentino-id590082.html\">Los cinco clubes que quieren a Milton Gim\u00e9nez<\/a><\/h3>\n<p class=\"tema\"><a href=\"https:\/\/www.tycsports.com\/liga-profesional-de-futbol.html\">Liga Profesional de F\u00fatbol<\/a><\/p>\n<\/div>\n<div class=\"col-4 card \" data-thumbvideo=\"https:\/\/thumbs.vodgc.net\/11-13605-728154-hbNKWO1717976835022_240P.mp4\"><a class=\"card-thumbnail rat16x9\" title=\"\" href=\"https:\/\/www.tycsports.com\/liga-profesional-de-futbol\/en-medio-de-la-expectativa-por-su-futuro-el-especial-posteo-de-rosario-central-que-compartio-di-maria-id590040.html\"><img decoding=\"async\" title=\"En medio de la expectativa por su futuro, el especial posteo de Rosario Central que comparti\u00f3 Di Mar\u00eda\" src=\"https:\/\/media.tycsports.com\/files\/2024\/06\/09\/728167\/angel-di-maria_416x234.webp?v=1\" alt=\"En medio de la expectativa por su futuro, el especial posteo de Rosario Central que comparti\u00f3 Di Mar\u00eda\" data-src=\"https:\/\/media.tycsports.com\/files\/2024\/06\/09\/728167\/angel-di-maria_416x234.webp?v=1\" \/><\/a><\/p>\n<h3><a href=\"https:\/\/www.tycsports.com\/liga-profesional-de-futbol\/en-medio-de-la-expectativa-por-su-futuro-el-especial-posteo-de-rosario-central-que-compartio-di-maria-id590040.html\">En medio de la expectativa por su futuro, el especial posteo de Rosario Central que comparti\u00f3 Di Mar\u00eda<\/a><\/h3>\n<p class=\"tema\"><a href=\"https:\/\/www.tycsports.com\/rosario-central.html\">Rosario Central<\/a><\/p>\n<\/div>\n<div class=\"col-4 card \" data-thumbvideo=\"https:\/\/thumbs.vodgc.net\/11-13605-725057-VF55851717282848034_240P.mp4\"><a class=\"card-thumbnail rat16x9\" href=\"https:\/\/www.tycsports.com\/liga-profesional-de-futbol\/que-se-juegan-los-grandes-en-la-ultima-fecha-de-la-liga-profesional-antes-del-parate-por-copa-america-id590073.html\"><img decoding=\"async\" title=\"Qu\u00e9 se juegan los grandes en la \u00faltima fecha antes del parate\" src=\"https:\/\/media.tycsports.com\/files\/2024\/06\/11\/728515\/liga-profesional_416x234.webp\" alt=\"Qu\u00e9 se juegan los grandes en la \u00faltima fecha antes del parate\" data-src=\"https:\/\/media.tycsports.com\/files\/2024\/06\/11\/728515\/liga-profesional_416x234.webp\" \/><\/a><\/p>\n<h3><a href=\"https:\/\/www.tycsports.com\/liga-profesional-de-futbol\/que-se-juegan-los-grandes-en-la-ultima-fecha-de-la-liga-profesional-antes-del-parate-por-copa-america-id590073.html\">Qu\u00e9 se juegan los grandes en la \u00faltima fecha antes del parate<\/a><\/h3>\n<p class=\"tema\"><a href=\"https:\/\/www.tycsports.com\/liga-profesional-de-futbol.html\">Liga Profesional de F\u00fatbol<\/a><\/p>\n<\/div>\n<\/div>\n<\/section>\n<\/section>\n<\/div>\n<div class=\"col-4 aside\" data-type=\"region\" data-name=\"content-right-6\" data-columns=\"4\">\n<section class=\"p20\">\n<div class=\"mt-4\">\n<div class=\"tv-events\" data-bql=\"page_index-blo_3336\"><\/div>\n<\/div>\n<\/section>\n<\/div>\n<\/section>\n<section class=\"container row\" data-type=\"region\" data-name=\"content-4\" data-columns=\"12\">\n<div class=\"col-12\">\n<h2 class=\"mt-1 heading2\"><\/h2>\n<\/div>\n<\/section>\n","protected":false},"excerpt":{"rendered":"<p>BOCA JUNIORS Boca se pone firme con Porto: negativa de negociar a Equi y reclamo ante FIFA por una deuda por Varela BOCA JUNIORS Medel rescindi\u00f3 con Vasco y ser\u00e1 el primer refuerzo de Boca F\u00daTBOL DE ARABIA SAUDITA La fortuna que tiene que pagarle Al-Ittihad a Gallardo para que se vaya SELECCI\u00d3N ARGENTINA El &hellip;<\/p>\n","protected":false},"author":2,"featured_media":10476,"comment_status":"open","ping_status":"open","sticky":false,"template":"","format":"standard","meta":{"footnotes":""},"categories":[44],"tags":[],"class_list":["post-10475","post","type-post","status-publish","format-standard","has-post-thumbnail","hentry","category-varios"],"_links":{"self":[{"href":"https:\/\/www.sportchaco.com.ar\/index.php?rest_route=\/wp\/v2\/posts\/10475","targetHints":{"allow":["GET"]}}],"collection":[{"href":"https:\/\/www.sportchaco.com.ar\/index.php?rest_route=\/wp\/v2\/posts"}],"about":[{"href":"https:\/\/www.sportchaco.com.ar\/index.php?rest_route=\/wp\/v2\/types\/post"}],"author":[{"embeddable":true,"href":"https:\/\/www.sportchaco.com.ar\/index.php?rest_route=\/wp\/v2\/users\/2"}],"replies":[{"embeddable":true,"href":"https:\/\/www.sportchaco.com.ar\/index.php?rest_route=%2Fwp%2Fv2%2Fcomments&post=10475"}],"version-history":[{"count":1,"href":"https:\/\/www.sportchaco.com.ar\/index.php?rest_route=\/wp\/v2\/posts\/10475\/revisions"}],"predecessor-version":[{"id":10477,"href":"https:\/\/www.sportchaco.com.ar\/index.php?rest_route=\/wp\/v2\/posts\/10475\/revisions\/10477"}],"wp:featuredmedia":[{"embeddable":true,"href":"https:\/\/www.sportchaco.com.ar\/index.php?rest_route=\/wp\/v2\/media\/10476"}],"wp:attachment":[{"href":"https:\/\/www.sportchaco.com.ar\/index.php?rest_route=%2Fwp%2Fv2%2Fmedia&parent=10475"}],"wp:term":[{"taxonomy":"category","embeddable":true,"href":"https:\/\/www.sportchaco.com.ar\/index.php?rest_route=%2Fwp%2Fv2%2Fcategories&post=10475"},{"taxonomy":"post_tag","embeddable":true,"href":"https:\/\/www.sportchaco.com.ar\/index.php?rest_route=%2Fwp%2Fv2%2Ftags&post=10475"}],"curies":[{"name":"wp","href":"https:\/\/api.w.org\/{rel}","templated":true}]}}