{"id":10479,"date":"2024-06-12T06:53:32","date_gmt":"2024-06-12T09:53:32","guid":{"rendered":"https:\/\/www.sportchaco.com.ar\/?p=10479"},"modified":"2024-06-12T06:53:32","modified_gmt":"2024-06-12T09:53:32","slug":"lucas-carabajal-regresa-al-automovilismo-en-el-turismo-pista","status":"publish","type":"post","link":"https:\/\/www.sportchaco.com.ar\/?p=10479","title":{"rendered":"Lucas Carabajal regresa al automovilismo en el Turismo Pista"},"content":{"rendered":"<header>12-06-2024<\/p>\n<h5>\u00abEncaramos este desaf\u00edo con muchas expectativas\u00bb Su estreno en la Clase 3 ser\u00e1 el pr\u00f3ximo 23 de junio en el aut\u00f3dromo de San Jorge, v\u00e1lido por la quinta fecha de la temporada.<\/h5>\n<\/header>\n<section class=\"body\">\n<section class=\"content\">\n<div class=\"main-text\">\n<div class=\"social\">\n<div class=\"share\"><\/div>\n<\/div>\n<p>Luego de varios a\u00f1os de ausencia en el automovilismo por cuestiones estrictamente econ\u00f3micas, el chaque\u00f1o Lucas Carabajal tiene todo listo para volver a correr y esta vez lo har\u00e1 en la Clase Tres del Turismo Pista.<\/p>\n<div class=\"center medium m_image\">\n<figure><picture><source srcset=\"https:\/\/www.diarionorte.com\/content\/bucket\/3\/367423w380h338c.jpg.webp\" type=\"image\/webp\" media=\"(min-width: 640px)\" \/><source srcset=\"https:\/\/www.diarionorte.com\/content\/bucket\/3\/367423w440h392c.jpg.webp\" type=\"image\/webp\" media=\"(min-width: 300px)\" \/><source srcset=\"https:\/\/www.diarionorte.com\/content\/bucket\/3\/367423w380h338c.jpg\" media=\"(min-width: 300px)\" \/><img loading=\"lazy\" decoding=\"async\" class=\"pic\" src=\"https:\/\/www.diarionorte.com\/content\/bucket\/3\/367423w380h338c.jpg.webp\" alt=\"\" width=\"380\" height=\"338\" \/><\/picture><figcaption>Lucas Carabajal volver\u00e1 en la divisional superior con un Renault Cl\u00edo, que ser\u00e1 atendido por el MDS Racing.<\/figcaption><\/figure>\n<\/div>\n<p>El reencuentro con la categor\u00eda tras correr por \u00faltima vez en 2017 ser\u00e1 el pr\u00f3ximo 23 de junio en el aut\u00f3dromo de San Jorge, v\u00e1lido por la quinta fecha de la temporada. \u00abMis expectativas es poder ser competitivo y entreverarme en el grupo de vanguardia de la Clase Tres\u00bb, se\u00f1al\u00f3 Carabajal.<\/p>\n<p>Cabe destacar que la \u00faltima participaci\u00f3n de Carabajal en el Turismo Pista fue el 6 de agosto de 2017 en el aut\u00f3dromo Rosendo Hern\u00e1ndez de San Luis dentro de la Clase Dos. Ahora, el oriundo de Resistencia volver\u00e1 en la divisional superior con un Renault Cl\u00edo que ser\u00e1 atendido por el MDS Racing y que contar\u00e1 con la motorizaci\u00f3n de Sebasti\u00e1n Colombo. El conjunto intentar\u00e1 realizar una prueba sobre la unidad en los pr\u00f3ximos d\u00edas.<\/p>\n<p>\u00abEs una alegr\u00eda poder volver a correr y tambi\u00e9n al Turismo Pista, que es una categor\u00eda que me vio crecer. Gracias a una gesti\u00f3n de Daniel Santamaria se dio esta posibilidad, por lo que estoy muy agradecido a \u00e9l y a Franco Villabrille, que ser\u00e1 mi compa\u00f1ero de equipo. Espero aportarle mi experiencia al equipo y tambi\u00e9n tener buenas sensaciones arriba del Renault Cl\u00edo que voy a correr. Mis expectativas es poder ser competitivo y entreverarme en el grupo de vanguardia de la Clase Tres\u00bb, se\u00f1al\u00f3 Carabajal.<\/p>\n<p>Y a\u00f1adi\u00f3: \u00abEncaramos este desaf\u00edo con muchas expectativas. Seguramente las primeras carreras ser\u00e1n para volver a entrar en ritmo de competencia y poder volver a manejar los tiempos de carrera de la mejor manera\u00bb. \u00abEs una categor\u00eda que ya conozco. Es una categor\u00eda muy competitiva y con mucho roce debido al gran parque de m\u00e1quinas que hay en cada carrera\u00bb, cerr\u00f3 el chaque\u00f1o.<\/p>\n<p>Cabe destacar que el arranque de la temporada del Turismo Pista tuvo lugar el 4 de febrero en Concepci\u00f3n del Uruguay y luego La Plata alberg\u00f3 la segunda cita, el 3 de marzo. El tercer compromiso se desarroll\u00f3 el 14 de abril en Concordia, y R\u00edo Cuarto fue escenario del cuarto cap\u00edtulo el 5 de mayo. Ahora San Jorge ser\u00e1 el epicentro de la carrera a realizarse en junio, valido por la quinta fecha.<\/p>\n<p>Con esta confirmaci\u00f3n, el Turismo Pista regresa al Parque de la Velocidad de San Jorge despu\u00e9s de visitarlo por \u00faltima vez en 2016, cuando el aut\u00f3dromo santafesino fue el epicentro de la cuarta fecha de aquella temporada, el 22 de mayo.<\/p>\n<p>En la Clase 2, Joaqu\u00edn Telo se impuso en esa ocasi\u00f3n, secundado por Luis Bessone y Tom\u00e1s Fineschi, mientras que en la Clase 3, Lucas Yerobi fue el ganador, escoltado por Ramiro Alcaine y Lucas Petracchini. Fuente Diario Norte<\/p>\n<p style=\"text-align: center;\"><img loading=\"lazy\" decoding=\"async\" class=\"alignnone size-medium wp-image-10415\" src=\"https:\/\/www.sportchaco.com.ar\/wp-content\/uploads\/2024\/06\/mosqiotps-salud-15-5-24-1-300x300.jpg\" alt=\"\" width=\"300\" height=\"300\" srcset=\"https:\/\/www.sportchaco.com.ar\/wp-content\/uploads\/2024\/06\/mosqiotps-salud-15-5-24-1-300x300.jpg 300w, https:\/\/www.sportchaco.com.ar\/wp-content\/uploads\/2024\/06\/mosqiotps-salud-15-5-24-1-150x150.jpg 150w, https:\/\/www.sportchaco.com.ar\/wp-content\/uploads\/2024\/06\/mosqiotps-salud-15-5-24-1.jpg 600w\" sizes=\"auto, (max-width: 300px) 100vw, 300px\" \/><\/p>\n<\/div>\n<\/section>\n<\/section>\n","protected":false},"excerpt":{"rendered":"<p>12-06-2024 \u00abEncaramos este desaf\u00edo con muchas expectativas\u00bb Su estreno en la Clase 3 ser\u00e1 el pr\u00f3ximo 23 de junio en el aut\u00f3dromo de San Jorge, v\u00e1lido por la quinta fecha de la temporada. Luego de varios a\u00f1os de ausencia en el automovilismo por cuestiones estrictamente econ\u00f3micas, el chaque\u00f1o Lucas Carabajal tiene todo listo para volver &hellip;<\/p>\n","protected":false},"author":2,"featured_media":10480,"comment_status":"open","ping_status":"open","sticky":false,"template":"","format":"standard","meta":{"footnotes":""},"categories":[2],"tags":[],"class_list":["post-10479","post","type-post","status-publish","format-standard","has-post-thumbnail","hentry","category-automovilismo"],"_links":{"self":[{"href":"https:\/\/www.sportchaco.com.ar\/index.php?rest_route=\/wp\/v2\/posts\/10479","targetHints":{"allow":["GET"]}}],"collection":[{"href":"https:\/\/www.sportchaco.com.ar\/index.php?rest_route=\/wp\/v2\/posts"}],"about":[{"href":"https:\/\/www.sportchaco.com.ar\/index.php?rest_route=\/wp\/v2\/types\/post"}],"author":[{"embeddable":true,"href":"https:\/\/www.sportchaco.com.ar\/index.php?rest_route=\/wp\/v2\/users\/2"}],"replies":[{"embeddable":true,"href":"https:\/\/www.sportchaco.com.ar\/index.php?rest_route=%2Fwp%2Fv2%2Fcomments&post=10479"}],"version-history":[{"count":1,"href":"https:\/\/www.sportchaco.com.ar\/index.php?rest_route=\/wp\/v2\/posts\/10479\/revisions"}],"predecessor-version":[{"id":10481,"href":"https:\/\/www.sportchaco.com.ar\/index.php?rest_route=\/wp\/v2\/posts\/10479\/revisions\/10481"}],"wp:featuredmedia":[{"embeddable":true,"href":"https:\/\/www.sportchaco.com.ar\/index.php?rest_route=\/wp\/v2\/media\/10480"}],"wp:attachment":[{"href":"https:\/\/www.sportchaco.com.ar\/index.php?rest_route=%2Fwp%2Fv2%2Fmedia&parent=10479"}],"wp:term":[{"taxonomy":"category","embeddable":true,"href":"https:\/\/www.sportchaco.com.ar\/index.php?rest_route=%2Fwp%2Fv2%2Fcategories&post=10479"},{"taxonomy":"post_tag","embeddable":true,"href":"https:\/\/www.sportchaco.com.ar\/index.php?rest_route=%2Fwp%2Fv2%2Ftags&post=10479"}],"curies":[{"name":"wp","href":"https:\/\/api.w.org\/{rel}","templated":true}]}}