{"id":10482,"date":"2024-06-12T06:58:53","date_gmt":"2024-06-12T09:58:53","guid":{"rendered":"https:\/\/www.sportchaco.com.ar\/?p=10482"},"modified":"2024-06-12T18:30:20","modified_gmt":"2024-06-12T21:30:20","slug":"sarmiento-san-martin-de-formosa-va-el-viernes-a-las-21","status":"publish","type":"post","link":"https:\/\/www.sportchaco.com.ar\/?p=10482","title":{"rendered":"Sarmiento-San Mart\u00edn de Formosa va el viernes a las 21"},"content":{"rendered":"<header><strong>12-06-2024<\/strong><\/header>\n<header><\/header>\n<section class=\"body\">\n<section class=\"content\">\n<div class=\"main-text\">\n<div class=\"social\">\n<div class=\"share\"><\/div>\n<\/div>\n<p>La idea, en principio de la dirigencia del \u00abDecano\u00bb, en forma conjunta con el cuerpo t\u00e9cnico, era poder adelantar el cotejo para el s\u00e1bado, teniendo en cuenta que el domingo es el D\u00eda del Padre, y previendo que el viernes 21 enfrentar\u00e1 a su par Sarmiento de La Banda, como visitante en Santiago del Estero.<\/p>\n<div class=\" large m_image\">\n<figure><picture><source srcset=\"https:\/\/www.diarionorte.com\/content\/bucket\/2\/366112w790h593c.jpg.webp\" type=\"image\/webp\" media=\"(min-width: 640px)\" \/><source srcset=\"https:\/\/www.diarionorte.com\/content\/bucket\/2\/366112w440h330c.jpg.webp\" type=\"image\/webp\" media=\"(min-width: 300px)\" \/><source srcset=\"https:\/\/www.diarionorte.com\/content\/bucket\/2\/366112w790h593c.jpg\" media=\"(min-width: 300px)\" \/><img loading=\"lazy\" decoding=\"async\" class=\"pic aligncenter\" src=\"https:\/\/www.diarionorte.com\/content\/bucket\/2\/366112w790h593c.jpg.webp\" alt=\"\" width=\"790\" height=\"593\" \/><\/picture><figcaption>Tom\u00e1s Gait\u00e1n, volante ofensivo de Sarmiento.<\/figcaption><\/figure>\n<\/div>\n<p>Pero el inconveniente surgi\u00f3 a ra\u00edz que este s\u00e1bado 15 es el D\u00eda de la Polic\u00eda, por lo tanto, los efectivos chaque\u00f1os no pretenden brindar los servicios correspondientes, adem\u00e1s de que justo en esa fecha llegar\u00e1 la Copa del Mundo a Resistencia, evento organizado por el Instituto del Deporte Chaque\u00f1o, y obviamente se ejecutar\u00e1 un dispositivo policial durante lo que dure la misma, previsto desde las 9 de la ma\u00f1ana hasta las 20.<\/p>\n<p>Por este motivo se decidi\u00f3 que el cotejo frente a los formose\u00f1os se juegue el viernes a partir de las 21 en el Estadio Centenario. En principio San Mart\u00edn no ver\u00eda con buenos ojos hacerlo ese d\u00eda, teniendo en cuenta dos aspectos: el deportivo, ya que jug\u00f3 el \u00faltimo domingo y ser\u00edan menos d\u00edas de descanso que su rival, que precisamente tuvo fecha libre.<\/p>\n<p>Y el log\u00edstico, la dirigencia de San Mart\u00edn ya reserv\u00f3 hotel para la jornada del s\u00e1bado, pero finalmente termin\u00f3 cediendo frente al pedido del elenco chaque\u00f1o. Cabe destacar que este encuentro es de vital importancia para el \u00abDecano\u00bb ya que hoy con 11 unidades se encuentra fuera de la Zona de Clasificaci\u00f3n a segunda fase y el viernes se mide frente a los formose\u00f1os que marcha tercero con 21 puntos.<\/p>\n<p>El l\u00edder es Sarmiento de La Banda con 26, seguido por Central Norte con 22, San Mart\u00edn suma 21 y Sol de Am\u00e9rica tiene 18 unidades, hasta ah\u00ed los cuatro clasificados.<\/p>\n<p><em><strong>Fuente: Diario Norte<\/strong><\/em><\/p>\n<p style=\"text-align: center;\"><img loading=\"lazy\" decoding=\"async\" class=\"alignnone size-medium wp-image-10485\" src=\"https:\/\/www.sportchaco.com.ar\/wp-content\/uploads\/2024\/06\/Mosquitos-3-1-300x300.jpg\" alt=\"\" width=\"300\" height=\"300\" srcset=\"https:\/\/www.sportchaco.com.ar\/wp-content\/uploads\/2024\/06\/Mosquitos-3-1-300x300.jpg 300w, https:\/\/www.sportchaco.com.ar\/wp-content\/uploads\/2024\/06\/Mosquitos-3-1-1024x1024.jpg 1024w, https:\/\/www.sportchaco.com.ar\/wp-content\/uploads\/2024\/06\/Mosquitos-3-1-150x150.jpg 150w, https:\/\/www.sportchaco.com.ar\/wp-content\/uploads\/2024\/06\/Mosquitos-3-1-768x768.jpg 768w, https:\/\/www.sportchaco.com.ar\/wp-content\/uploads\/2024\/06\/Mosquitos-3-1.jpg 1440w\" sizes=\"auto, (max-width: 300px) 100vw, 300px\" \/><\/p>\n<\/div>\n<\/section>\n<\/section>\n","protected":false},"excerpt":{"rendered":"<p>12-06-2024 La idea, en principio de la dirigencia del \u00abDecano\u00bb, en forma conjunta con el cuerpo t\u00e9cnico, era poder adelantar el cotejo para el s\u00e1bado, teniendo en cuenta que el domingo es el D\u00eda del Padre, y previendo que el viernes 21 enfrentar\u00e1 a su par Sarmiento de La Banda, como visitante en Santiago del &hellip;<\/p>\n","protected":false},"author":2,"featured_media":10484,"comment_status":"open","ping_status":"open","sticky":false,"template":"","format":"standard","meta":{"footnotes":""},"categories":[5],"tags":[],"class_list":["post-10482","post","type-post","status-publish","format-standard","has-post-thumbnail","hentry","category-futbol"],"_links":{"self":[{"href":"https:\/\/www.sportchaco.com.ar\/index.php?rest_route=\/wp\/v2\/posts\/10482","targetHints":{"allow":["GET"]}}],"collection":[{"href":"https:\/\/www.sportchaco.com.ar\/index.php?rest_route=\/wp\/v2\/posts"}],"about":[{"href":"https:\/\/www.sportchaco.com.ar\/index.php?rest_route=\/wp\/v2\/types\/post"}],"author":[{"embeddable":true,"href":"https:\/\/www.sportchaco.com.ar\/index.php?rest_route=\/wp\/v2\/users\/2"}],"replies":[{"embeddable":true,"href":"https:\/\/www.sportchaco.com.ar\/index.php?rest_route=%2Fwp%2Fv2%2Fcomments&post=10482"}],"version-history":[{"count":3,"href":"https:\/\/www.sportchaco.com.ar\/index.php?rest_route=\/wp\/v2\/posts\/10482\/revisions"}],"predecessor-version":[{"id":10498,"href":"https:\/\/www.sportchaco.com.ar\/index.php?rest_route=\/wp\/v2\/posts\/10482\/revisions\/10498"}],"wp:featuredmedia":[{"embeddable":true,"href":"https:\/\/www.sportchaco.com.ar\/index.php?rest_route=\/wp\/v2\/media\/10484"}],"wp:attachment":[{"href":"https:\/\/www.sportchaco.com.ar\/index.php?rest_route=%2Fwp%2Fv2%2Fmedia&parent=10482"}],"wp:term":[{"taxonomy":"category","embeddable":true,"href":"https:\/\/www.sportchaco.com.ar\/index.php?rest_route=%2Fwp%2Fv2%2Fcategories&post=10482"},{"taxonomy":"post_tag","embeddable":true,"href":"https:\/\/www.sportchaco.com.ar\/index.php?rest_route=%2Fwp%2Fv2%2Ftags&post=10482"}],"curies":[{"name":"wp","href":"https:\/\/api.w.org\/{rel}","templated":true}]}}