{"id":10499,"date":"2024-06-12T18:50:17","date_gmt":"2024-06-12T21:50:17","guid":{"rendered":"https:\/\/www.sportchaco.com.ar\/?p=10499"},"modified":"2024-06-12T19:48:33","modified_gmt":"2024-06-12T22:48:33","slug":"desocha-llevo-adelante-una-nueva-jornada-de-deportes-inclusivos","status":"publish","type":"post","link":"https:\/\/www.sportchaco.com.ar\/?p=10499","title":{"rendered":"Desocha llev\u00f3 adelante una nueva jornada de deportes inclusivos"},"content":{"rendered":"<p><strong>12-06-2024<\/strong><\/p>\n<p>En la ma\u00f1ana de este martes se desarroll\u00f3 una nueva fecha de los encuentros deportivos inclusivos que lleva a cabo la Fundaci\u00f3n Deportiva Social Chaco y el Ministerio de Educaci\u00f3n de la provincia.<\/p>\n<p>La misma se llev\u00f3 a cabo en las instalaciones del club Cune con la asistencia de m\u00e1s de 300 personas con discapacidad.<\/p>\n<p>Las actividades de juegos estuvieron a cargo de los alumnos del IESEF N\u00ba 1 de Resistencia y participaron instituciones de Resistencia y sus alrededores.<\/p>\n<p>Tambi\u00e9n estuvieron presentes las siguientes autoridades; por parte del Ministerio de Educaci\u00f3n la Directora de Educaci\u00f3n Especial, Prof. Ana Mar\u00eda Candia, Directora de Educaci\u00f3n F\u00edsica, Prof. Daniela Estegagnini, Directora de Nivel Inicial, Prof. Mar\u00eda Rosa Bandeo el presidente la Fundaci\u00f3n Desocha, Marcelo Gonz\u00e1lez, y tuvimos la visita de varios diputados provinciales que declararon los encuentros de inter\u00e9s provincial.<\/p>\n<p><img loading=\"lazy\" decoding=\"async\" class=\"size-medium wp-image-10256 aligncenter\" src=\"https:\/\/www.sportchaco.com.ar\/wp-content\/uploads\/2024\/06\/Secheep-1-1-240x300.jpg\" alt=\"\" width=\"240\" height=\"300\" srcset=\"https:\/\/www.sportchaco.com.ar\/wp-content\/uploads\/2024\/06\/Secheep-1-1-240x300.jpg 240w, https:\/\/www.sportchaco.com.ar\/wp-content\/uploads\/2024\/06\/Secheep-1-1-819x1024.jpg 819w, https:\/\/www.sportchaco.com.ar\/wp-content\/uploads\/2024\/06\/Secheep-1-1-768x960.jpg 768w, https:\/\/www.sportchaco.com.ar\/wp-content\/uploads\/2024\/06\/Secheep-1-1-1229x1536.jpg 1229w, https:\/\/www.sportchaco.com.ar\/wp-content\/uploads\/2024\/06\/Secheep-1-1.jpg 1440w\" sizes=\"auto, (max-width: 240px) 100vw, 240px\" \/><\/p>\n","protected":false},"excerpt":{"rendered":"<p>12-06-2024 En la ma\u00f1ana de este martes se desarroll\u00f3 una nueva fecha de los encuentros deportivos inclusivos que lleva a cabo la Fundaci\u00f3n Deportiva Social Chaco y el Ministerio de Educaci\u00f3n de la provincia. La misma se llev\u00f3 a cabo en las instalaciones del club Cune con la asistencia de m\u00e1s de 300 personas con &hellip;<\/p>\n","protected":false},"author":3,"featured_media":10501,"comment_status":"open","ping_status":"open","sticky":false,"template":"","format":"standard","meta":{"footnotes":""},"categories":[8],"tags":[],"class_list":["post-10499","post","type-post","status-publish","format-standard","has-post-thumbnail","hentry","category-sport-nea"],"_links":{"self":[{"href":"https:\/\/www.sportchaco.com.ar\/index.php?rest_route=\/wp\/v2\/posts\/10499","targetHints":{"allow":["GET"]}}],"collection":[{"href":"https:\/\/www.sportchaco.com.ar\/index.php?rest_route=\/wp\/v2\/posts"}],"about":[{"href":"https:\/\/www.sportchaco.com.ar\/index.php?rest_route=\/wp\/v2\/types\/post"}],"author":[{"embeddable":true,"href":"https:\/\/www.sportchaco.com.ar\/index.php?rest_route=\/wp\/v2\/users\/3"}],"replies":[{"embeddable":true,"href":"https:\/\/www.sportchaco.com.ar\/index.php?rest_route=%2Fwp%2Fv2%2Fcomments&post=10499"}],"version-history":[{"count":3,"href":"https:\/\/www.sportchaco.com.ar\/index.php?rest_route=\/wp\/v2\/posts\/10499\/revisions"}],"predecessor-version":[{"id":10504,"href":"https:\/\/www.sportchaco.com.ar\/index.php?rest_route=\/wp\/v2\/posts\/10499\/revisions\/10504"}],"wp:featuredmedia":[{"embeddable":true,"href":"https:\/\/www.sportchaco.com.ar\/index.php?rest_route=\/wp\/v2\/media\/10501"}],"wp:attachment":[{"href":"https:\/\/www.sportchaco.com.ar\/index.php?rest_route=%2Fwp%2Fv2%2Fmedia&parent=10499"}],"wp:term":[{"taxonomy":"category","embeddable":true,"href":"https:\/\/www.sportchaco.com.ar\/index.php?rest_route=%2Fwp%2Fv2%2Fcategories&post=10499"},{"taxonomy":"post_tag","embeddable":true,"href":"https:\/\/www.sportchaco.com.ar\/index.php?rest_route=%2Fwp%2Fv2%2Ftags&post=10499"}],"curies":[{"name":"wp","href":"https:\/\/api.w.org\/{rel}","templated":true}]}}