{"id":10516,"date":"2024-06-12T22:19:57","date_gmt":"2024-06-13T01:19:57","guid":{"rendered":"https:\/\/www.sportchaco.com.ar\/?p=10516"},"modified":"2024-06-12T22:19:57","modified_gmt":"2024-06-13T01:19:57","slug":"gary-medel-regresa-a-boca-juniors","status":"publish","type":"post","link":"https:\/\/www.sportchaco.com.ar\/?p=10516","title":{"rendered":"Gary Medel regresa a Boca Juniors"},"content":{"rendered":"<p><strong>12-06-2024<\/strong><\/p>\n<p><img loading=\"lazy\" decoding=\"async\" class=\" wp-image-7249 aligncenter\" src=\"https:\/\/www.sportchaco.com.ar\/wp-content\/uploads\/2024\/03\/aviso-Impulsamos-turismo-1-300x31.jpg\" alt=\"\" width=\"397\" height=\"41\" srcset=\"https:\/\/www.sportchaco.com.ar\/wp-content\/uploads\/2024\/03\/aviso-Impulsamos-turismo-1-300x31.jpg 300w, https:\/\/www.sportchaco.com.ar\/wp-content\/uploads\/2024\/03\/aviso-Impulsamos-turismo-1-1024x106.jpg 1024w, https:\/\/www.sportchaco.com.ar\/wp-content\/uploads\/2024\/03\/aviso-Impulsamos-turismo-1-768x79.jpg 768w, https:\/\/www.sportchaco.com.ar\/wp-content\/uploads\/2024\/03\/aviso-Impulsamos-turismo-1.jpg 1366w\" sizes=\"auto, (max-width: 397px) 100vw, 397px\" \/><\/p>\n<p>El chileno\u00a0Gary Medel, actualmente en Vasco da Gama de Brasil, est\u00e1 a punto de convertirse en el primer refuerzo de Boca Juniors.<\/p>\n<p>Con una fuerte relaci\u00f3n con el presidente\u00a0Juan Rom\u00e1n Riquelme, Medel dejar\u00e1 el club brasile\u00f1o para regresar a Boca, donde jug\u00f3 entre 2009 y 2011.<\/p>\n<p>Medel, de 36 a\u00f1os, debe finalizar su salida de Vasco da Gama antes de regresar a Argentina. Las negociaciones est\u00e1n muy avanzadas y podr\u00edan cerrarse antes del fin de semana.<\/p>\n<p>La idea es inscribirlo en la Copa Argentina para que pueda jugar el 19 de junio contra Almirante Brown en los 16avos de final.<\/p>\n<p>Boca busca a Medel como una opci\u00f3n para la zaga central, aunque tambi\u00e9n puede desempe\u00f1arse como volante central, posici\u00f3n en la que destac\u00f3 durante su primera etapa en el club, disputando 48 partidos y anotando siete goles.<\/p>\n<p>El jugador, campe\u00f3n de Am\u00e9rica con Chile en 2015 y 2016, ha tenido una carrera destacada en Europa, pasando por Inter, Sevilla y Bologna.<\/p>\n<p>El regreso de Medel completar\u00e1 el cupo de extranjeros de Boca, ya que\u00a0Jan Hurtado\u00a0volver\u00e1 al club. A pesar de esto, Medel ser\u00e1 el primer refuerzo en un mercado de pases que promete ser muy activo para Boca Juniors, que tambi\u00e9n est\u00e1 en negociaciones por\u00a0Tom\u00e1s Belmonte\u00a0y otros mediocampistas.<\/p>\n<p>El club se prepara para los 16avos de final de la Copa Sudamericana, donde enfrentar\u00e1n a Independiente del Valle. Para ese encuentro, Boca no contar\u00e1 con\u00a0Ezequiel Fern\u00e1ndez ni Cristian Medina, que participar\u00e1n en los Juegos Ol\u00edmpicos, ni con\u00a0Pol Fern\u00e1ndez, que est\u00e1 suspendido por acumulaci\u00f3n de tarjetas amarillas.<\/p>\n<p><img loading=\"lazy\" decoding=\"async\" class=\"size-medium wp-image-6745 aligncenter\" src=\"https:\/\/www.sportchaco.com.ar\/wp-content\/uploads\/2024\/02\/aVISO-4-1-240x300.jpeg\" alt=\"\" width=\"240\" height=\"300\" srcset=\"https:\/\/www.sportchaco.com.ar\/wp-content\/uploads\/2024\/02\/aVISO-4-1-240x300.jpeg 240w, https:\/\/www.sportchaco.com.ar\/wp-content\/uploads\/2024\/02\/aVISO-4-1-819x1024.jpeg 819w, https:\/\/www.sportchaco.com.ar\/wp-content\/uploads\/2024\/02\/aVISO-4-1-768x960.jpeg 768w, https:\/\/www.sportchaco.com.ar\/wp-content\/uploads\/2024\/02\/aVISO-4-1.jpeg 1080w\" sizes=\"auto, (max-width: 240px) 100vw, 240px\" \/><\/p>\n","protected":false},"excerpt":{"rendered":"<p>12-06-2024 El chileno\u00a0Gary Medel, actualmente en Vasco da Gama de Brasil, est\u00e1 a punto de convertirse en el primer refuerzo de Boca Juniors. Con una fuerte relaci\u00f3n con el presidente\u00a0Juan Rom\u00e1n Riquelme, Medel dejar\u00e1 el club brasile\u00f1o para regresar a Boca, donde jug\u00f3 entre 2009 y 2011. Medel, de 36 a\u00f1os, debe finalizar su salida &hellip;<\/p>\n","protected":false},"author":3,"featured_media":10517,"comment_status":"open","ping_status":"open","sticky":false,"template":"","format":"standard","meta":{"footnotes":""},"categories":[47],"tags":[],"class_list":["post-10516","post","type-post","status-publish","format-standard","has-post-thumbnail","hentry","category-nacionales"],"_links":{"self":[{"href":"https:\/\/www.sportchaco.com.ar\/index.php?rest_route=\/wp\/v2\/posts\/10516","targetHints":{"allow":["GET"]}}],"collection":[{"href":"https:\/\/www.sportchaco.com.ar\/index.php?rest_route=\/wp\/v2\/posts"}],"about":[{"href":"https:\/\/www.sportchaco.com.ar\/index.php?rest_route=\/wp\/v2\/types\/post"}],"author":[{"embeddable":true,"href":"https:\/\/www.sportchaco.com.ar\/index.php?rest_route=\/wp\/v2\/users\/3"}],"replies":[{"embeddable":true,"href":"https:\/\/www.sportchaco.com.ar\/index.php?rest_route=%2Fwp%2Fv2%2Fcomments&post=10516"}],"version-history":[{"count":1,"href":"https:\/\/www.sportchaco.com.ar\/index.php?rest_route=\/wp\/v2\/posts\/10516\/revisions"}],"predecessor-version":[{"id":10518,"href":"https:\/\/www.sportchaco.com.ar\/index.php?rest_route=\/wp\/v2\/posts\/10516\/revisions\/10518"}],"wp:featuredmedia":[{"embeddable":true,"href":"https:\/\/www.sportchaco.com.ar\/index.php?rest_route=\/wp\/v2\/media\/10517"}],"wp:attachment":[{"href":"https:\/\/www.sportchaco.com.ar\/index.php?rest_route=%2Fwp%2Fv2%2Fmedia&parent=10516"}],"wp:term":[{"taxonomy":"category","embeddable":true,"href":"https:\/\/www.sportchaco.com.ar\/index.php?rest_route=%2Fwp%2Fv2%2Fcategories&post=10516"},{"taxonomy":"post_tag","embeddable":true,"href":"https:\/\/www.sportchaco.com.ar\/index.php?rest_route=%2Fwp%2Fv2%2Ftags&post=10516"}],"curies":[{"name":"wp","href":"https:\/\/api.w.org\/{rel}","templated":true}]}}