{"id":10530,"date":"2024-06-13T12:43:35","date_gmt":"2024-06-13T15:43:35","guid":{"rendered":"https:\/\/www.sportchaco.com.ar\/?p=10530"},"modified":"2024-06-13T12:44:12","modified_gmt":"2024-06-13T15:44:12","slug":"confirmada-la-pareja-nadal-alcaraz-para-los-juegos-olimpicos-de-paris","status":"publish","type":"post","link":"https:\/\/www.sportchaco.com.ar\/?p=10530","title":{"rendered":"Confirmada la pareja Nadal &#8211; Alcaraz para los Juegos Ol\u00edmpicos de Par\u00eds"},"content":{"rendered":"<p>La Real Federaci\u00f3n Espa\u00f1ola de Tenis anunci\u00f3 el equipo espa\u00f1ol que representar\u00e1 a Espa\u00f1a en los Juegos Ol\u00edmpicos de Par\u00eds 2024. Lo que desde hace tiempo se rumoreaba, y despu\u00e9s de que los propios tenistas hicieran p\u00fablico el deseo de jugar en conjunto, este mi\u00e9rcoles se ha hecho oficial: Rafa Nadal y Carlos Alcaraz formar\u00e1n pareja en la cita ol\u00edmpica para buscar el oro.<\/p>\n<p>La otra pareja la conformar\u00e1 Granoller, actual n\u00famero dos del mundo en dobles (era el l\u00edder antes de perderlo en Roland Garros) formar\u00e1 t\u00e1ndem con Pablo Carre\u00f1o.<\/p>\n<p>El murciano y el balear ser\u00e1n tambi\u00e9n los encargados de disputar el cuadro individual. A ellos, los acompa\u00f1ar\u00e1n\u00a0Alejandro Davidovich,\u00a0n\u00famero 32 del ranking ATP en la actualidad, y\u00a0Pablo Carre\u00f1o,\u00a0bronce en los Juegos de Tokio, y que consigue plaza por\u00a0ranking protegido\u00a0(18), tras a\u00f1o y medio fuera de las pistas por una lesi\u00f3n en el codo. A este mismo privilegio es al que sea acoge Nadal, actual 215\u00ba del mundo, pero que con el ranking protegido defender\u00eda una novena posici\u00f3n ATP.<\/p>\n","protected":false},"excerpt":{"rendered":"<p>La Real Federaci\u00f3n Espa\u00f1ola de Tenis anunci\u00f3 el equipo espa\u00f1ol que representar\u00e1 a Espa\u00f1a en los Juegos Ol\u00edmpicos de Par\u00eds 2024. Lo que desde hace tiempo se rumoreaba, y despu\u00e9s de que los propios tenistas hicieran p\u00fablico el deseo de jugar en conjunto, este mi\u00e9rcoles se ha hecho oficial: Rafa Nadal y Carlos Alcaraz formar\u00e1n &hellip;<\/p>\n","protected":false},"author":5,"featured_media":10534,"comment_status":"open","ping_status":"open","sticky":false,"template":"","format":"standard","meta":{"footnotes":""},"categories":[46],"tags":[],"class_list":["post-10530","post","type-post","status-publish","format-standard","has-post-thumbnail","hentry","category-tenis"],"_links":{"self":[{"href":"https:\/\/www.sportchaco.com.ar\/index.php?rest_route=\/wp\/v2\/posts\/10530","targetHints":{"allow":["GET"]}}],"collection":[{"href":"https:\/\/www.sportchaco.com.ar\/index.php?rest_route=\/wp\/v2\/posts"}],"about":[{"href":"https:\/\/www.sportchaco.com.ar\/index.php?rest_route=\/wp\/v2\/types\/post"}],"author":[{"embeddable":true,"href":"https:\/\/www.sportchaco.com.ar\/index.php?rest_route=\/wp\/v2\/users\/5"}],"replies":[{"embeddable":true,"href":"https:\/\/www.sportchaco.com.ar\/index.php?rest_route=%2Fwp%2Fv2%2Fcomments&post=10530"}],"version-history":[{"count":1,"href":"https:\/\/www.sportchaco.com.ar\/index.php?rest_route=\/wp\/v2\/posts\/10530\/revisions"}],"predecessor-version":[{"id":10535,"href":"https:\/\/www.sportchaco.com.ar\/index.php?rest_route=\/wp\/v2\/posts\/10530\/revisions\/10535"}],"wp:featuredmedia":[{"embeddable":true,"href":"https:\/\/www.sportchaco.com.ar\/index.php?rest_route=\/wp\/v2\/media\/10534"}],"wp:attachment":[{"href":"https:\/\/www.sportchaco.com.ar\/index.php?rest_route=%2Fwp%2Fv2%2Fmedia&parent=10530"}],"wp:term":[{"taxonomy":"category","embeddable":true,"href":"https:\/\/www.sportchaco.com.ar\/index.php?rest_route=%2Fwp%2Fv2%2Fcategories&post=10530"},{"taxonomy":"post_tag","embeddable":true,"href":"https:\/\/www.sportchaco.com.ar\/index.php?rest_route=%2Fwp%2Fv2%2Ftags&post=10530"}],"curies":[{"name":"wp","href":"https:\/\/api.w.org\/{rel}","templated":true}]}}