{"id":10531,"date":"2024-06-13T12:38:54","date_gmt":"2024-06-13T15:38:54","guid":{"rendered":"https:\/\/www.sportchaco.com.ar\/?p=10531"},"modified":"2024-06-13T12:38:54","modified_gmt":"2024-06-13T15:38:54","slug":"rodich-y-escalante-nuevamente-convocadas-por-las-yaguaretes","status":"publish","type":"post","link":"https:\/\/www.sportchaco.com.ar\/?p=10531","title":{"rendered":"Rodich y Escalante nuevamente convocadas por las \u00abyaguaret\u00e9s\u00bb"},"content":{"rendered":"<p><strong>13-06-2024<\/strong><\/p>\n<p>Las chaque\u00f1as Talia Rodich y Cristal Escalante fueron nuevamente convocadas para integrar el plantel de Las Yaguaret\u00e9s que disputar\u00e1 el Preol\u00edmpico de M\u00f3naco del 21 al 23 de junio.<\/p>\n<p>Ambas jugadoras, formadas en el club \u00c1guilas de S\u00e1enz Pe\u00f1a, buscar\u00e1n junto al seleccionado nacional la clasificaci\u00f3n a los pr\u00f3ximos Juegos Ol\u00edmpicos de Par\u00eds 2024.<\/p>\n<p>Argentina integrar\u00e1 el Grupo A junto a Samoa, Kenia y Pap\u00faa Nueva Guinea.<\/p>\n<p><img loading=\"lazy\" decoding=\"async\" class=\"size-medium wp-image-10485 aligncenter\" src=\"https:\/\/www.sportchaco.com.ar\/wp-content\/uploads\/2024\/06\/Mosquitos-3-1-300x300.jpg\" alt=\"\" width=\"300\" height=\"300\" srcset=\"https:\/\/www.sportchaco.com.ar\/wp-content\/uploads\/2024\/06\/Mosquitos-3-1-300x300.jpg 300w, https:\/\/www.sportchaco.com.ar\/wp-content\/uploads\/2024\/06\/Mosquitos-3-1-1024x1024.jpg 1024w, https:\/\/www.sportchaco.com.ar\/wp-content\/uploads\/2024\/06\/Mosquitos-3-1-150x150.jpg 150w, https:\/\/www.sportchaco.com.ar\/wp-content\/uploads\/2024\/06\/Mosquitos-3-1-768x768.jpg 768w, https:\/\/www.sportchaco.com.ar\/wp-content\/uploads\/2024\/06\/Mosquitos-3-1.jpg 1440w\" sizes=\"auto, (max-width: 300px) 100vw, 300px\" \/><\/p>\n","protected":false},"excerpt":{"rendered":"<p>13-06-2024 Las chaque\u00f1as Talia Rodich y Cristal Escalante fueron nuevamente convocadas para integrar el plantel de Las Yaguaret\u00e9s que disputar\u00e1 el Preol\u00edmpico de M\u00f3naco del 21 al 23 de junio. Ambas jugadoras, formadas en el club \u00c1guilas de S\u00e1enz Pe\u00f1a, buscar\u00e1n junto al seleccionado nacional la clasificaci\u00f3n a los pr\u00f3ximos Juegos Ol\u00edmpicos de Par\u00eds 2024. &hellip;<\/p>\n","protected":false},"author":3,"featured_media":10533,"comment_status":"open","ping_status":"open","sticky":false,"template":"","format":"standard","meta":{"footnotes":""},"categories":[7],"tags":[],"class_list":["post-10531","post","type-post","status-publish","format-standard","has-post-thumbnail","hentry","category-rugby"],"_links":{"self":[{"href":"https:\/\/www.sportchaco.com.ar\/index.php?rest_route=\/wp\/v2\/posts\/10531","targetHints":{"allow":["GET"]}}],"collection":[{"href":"https:\/\/www.sportchaco.com.ar\/index.php?rest_route=\/wp\/v2\/posts"}],"about":[{"href":"https:\/\/www.sportchaco.com.ar\/index.php?rest_route=\/wp\/v2\/types\/post"}],"author":[{"embeddable":true,"href":"https:\/\/www.sportchaco.com.ar\/index.php?rest_route=\/wp\/v2\/users\/3"}],"replies":[{"embeddable":true,"href":"https:\/\/www.sportchaco.com.ar\/index.php?rest_route=%2Fwp%2Fv2%2Fcomments&post=10531"}],"version-history":[{"count":1,"href":"https:\/\/www.sportchaco.com.ar\/index.php?rest_route=\/wp\/v2\/posts\/10531\/revisions"}],"predecessor-version":[{"id":10532,"href":"https:\/\/www.sportchaco.com.ar\/index.php?rest_route=\/wp\/v2\/posts\/10531\/revisions\/10532"}],"wp:featuredmedia":[{"embeddable":true,"href":"https:\/\/www.sportchaco.com.ar\/index.php?rest_route=\/wp\/v2\/media\/10533"}],"wp:attachment":[{"href":"https:\/\/www.sportchaco.com.ar\/index.php?rest_route=%2Fwp%2Fv2%2Fmedia&parent=10531"}],"wp:term":[{"taxonomy":"category","embeddable":true,"href":"https:\/\/www.sportchaco.com.ar\/index.php?rest_route=%2Fwp%2Fv2%2Fcategories&post=10531"},{"taxonomy":"post_tag","embeddable":true,"href":"https:\/\/www.sportchaco.com.ar\/index.php?rest_route=%2Fwp%2Fv2%2Ftags&post=10531"}],"curies":[{"name":"wp","href":"https:\/\/api.w.org\/{rel}","templated":true}]}}