{"id":10557,"date":"2024-06-13T19:55:31","date_gmt":"2024-06-13T22:55:31","guid":{"rendered":"https:\/\/www.sportchaco.com.ar\/?p=10557"},"modified":"2024-06-13T19:55:31","modified_gmt":"2024-06-13T22:55:31","slug":"independiente-presento-a-vaccari-como-su-nuevo-dt","status":"publish","type":"post","link":"https:\/\/www.sportchaco.com.ar\/?p=10557","title":{"rendered":"Independiente present\u00f3 a Vaccari como su nuevo DT"},"content":{"rendered":"<p><strong>13-06-2024 <\/strong><\/p>\n<p>Julio Vaccari fue presentado como nuevo entrenador de Independiente este jueves y asegur\u00f3 que buscar\u00e1 \u201cque la gente se sienta representada\u201d con el estilo de juego, ya que su idea y la idiosincrasia del club \u201cest\u00e1n emparentadas\u201d.<\/p>\n<p>\u00abEstoy muy contento por estar ac\u00e1. Mi manera de sentir el futbol y la idiosincrasia de esta Instituci\u00f3n est\u00e1n muy emparentadas. Queremos salir a jugar en todas las canchas de la misma manera y que la gente est\u00e9 bien representada\u00bb, inici\u00f3 el flamante entrenador.<\/p>\n<p>\u201cHemos analizado a todos los futbolistas de Independiente y creo que tenemos potencial para la idea que quiero aplicar. Tenemos que reforzarnos en algunas posiciones para que la idea se vea completada, con tres o cuatro cosas a retocar\u201d, destac\u00f3.<\/p>\n<p>En cuanto a las incorporaciones, la entidad de Avellaneda deber\u00e1 levantar las inhibiciones. \u201cLos dirigentes me dijeron que es imposible tener certezas sobre el mercado de pases, pero prometieron todo el compromiso para traer jugadores. Ojal\u00e1 as\u00ed sea para ver algo m\u00e1s lindo de lo que uno planifica, pero si eso no pasa vamos a hacer lo mejor\u201d, aclar\u00f3 Vaccari.<\/p>\n<p>Posteriormente fue consultado por Hugo Tocalli, quien fue el entrenador interino del equipo y dio el visto bueno para que llegue el ex Defensa y Justicia: \u201cEs un gran profesional y va a fluir nuestra relaci\u00f3n porque s\u00e9 que vamos a comulgar muchas cosas por el bien del club\u00bb.<\/p>\n<p>Por \u00faltimo, Vaccari confes\u00f3 por qu\u00e9 eligi\u00f3 a la entidad de Avellaneda ante otras ofertas que tuvo: \u201c\u00bfPor qu\u00e9 eleg\u00ed Independiente? Porque est\u00e1 el olor a sangre y eso a m\u00ed me encanta\u201d.<\/p>\n<p><img loading=\"lazy\" decoding=\"async\" class=\" wp-image-10559 aligncenter\" src=\"https:\/\/www.sportchaco.com.ar\/wp-content\/uploads\/2024\/06\/720-300x200.webp\" alt=\"\" width=\"324\" height=\"216\" srcset=\"https:\/\/www.sportchaco.com.ar\/wp-content\/uploads\/2024\/06\/720-300x200.webp 300w, https:\/\/www.sportchaco.com.ar\/wp-content\/uploads\/2024\/06\/720-1024x683.webp 1024w, https:\/\/www.sportchaco.com.ar\/wp-content\/uploads\/2024\/06\/720-768x512.webp 768w, https:\/\/www.sportchaco.com.ar\/wp-content\/uploads\/2024\/06\/720.webp 1080w\" sizes=\"auto, (max-width: 324px) 100vw, 324px\" \/><\/p>\n<p>&nbsp;<\/p>\n<p>El ex entrenador de Defensa y Justicia y V\u00e9lez regres\u00f3 de sus vacaciones en los \u00faltimos d\u00edas y sell\u00f3 su v\u00ednculo hoy. Su contrato ser\u00e1 hasta diciembre de 2025 y ser\u00e1 el reemplazante de Carlos Tevez, quien renunci\u00f3 tras la primera fecha y el equipo qued\u00f3 al mando de Hugo Tocalli, quien es coordinador de inferiores y estuvo de interino hasta el encuentro ante Banfield.<\/p>\n<p>Fuente: Noticias Argentinas.<\/p>\n<p><img loading=\"lazy\" decoding=\"async\" class=\"size-medium wp-image-10485 aligncenter\" src=\"https:\/\/www.sportchaco.com.ar\/wp-content\/uploads\/2024\/06\/Mosquitos-3-1-300x300.jpg\" alt=\"\" width=\"300\" height=\"300\" srcset=\"https:\/\/www.sportchaco.com.ar\/wp-content\/uploads\/2024\/06\/Mosquitos-3-1-300x300.jpg 300w, https:\/\/www.sportchaco.com.ar\/wp-content\/uploads\/2024\/06\/Mosquitos-3-1-1024x1024.jpg 1024w, https:\/\/www.sportchaco.com.ar\/wp-content\/uploads\/2024\/06\/Mosquitos-3-1-150x150.jpg 150w, https:\/\/www.sportchaco.com.ar\/wp-content\/uploads\/2024\/06\/Mosquitos-3-1-768x768.jpg 768w, https:\/\/www.sportchaco.com.ar\/wp-content\/uploads\/2024\/06\/Mosquitos-3-1.jpg 1440w\" sizes=\"auto, (max-width: 300px) 100vw, 300px\" \/><\/p>\n<p>&nbsp;<\/p>\n","protected":false},"excerpt":{"rendered":"<p>13-06-2024 Julio Vaccari fue presentado como nuevo entrenador de Independiente este jueves y asegur\u00f3 que buscar\u00e1 \u201cque la gente se sienta representada\u201d con el estilo de juego, ya que su idea y la idiosincrasia del club \u201cest\u00e1n emparentadas\u201d. \u00abEstoy muy contento por estar ac\u00e1. Mi manera de sentir el futbol y la idiosincrasia de esta &hellip;<\/p>\n","protected":false},"author":5,"featured_media":10558,"comment_status":"open","ping_status":"open","sticky":false,"template":"","format":"standard","meta":{"footnotes":""},"categories":[47],"tags":[],"class_list":["post-10557","post","type-post","status-publish","format-standard","has-post-thumbnail","hentry","category-nacionales"],"_links":{"self":[{"href":"https:\/\/www.sportchaco.com.ar\/index.php?rest_route=\/wp\/v2\/posts\/10557","targetHints":{"allow":["GET"]}}],"collection":[{"href":"https:\/\/www.sportchaco.com.ar\/index.php?rest_route=\/wp\/v2\/posts"}],"about":[{"href":"https:\/\/www.sportchaco.com.ar\/index.php?rest_route=\/wp\/v2\/types\/post"}],"author":[{"embeddable":true,"href":"https:\/\/www.sportchaco.com.ar\/index.php?rest_route=\/wp\/v2\/users\/5"}],"replies":[{"embeddable":true,"href":"https:\/\/www.sportchaco.com.ar\/index.php?rest_route=%2Fwp%2Fv2%2Fcomments&post=10557"}],"version-history":[{"count":1,"href":"https:\/\/www.sportchaco.com.ar\/index.php?rest_route=\/wp\/v2\/posts\/10557\/revisions"}],"predecessor-version":[{"id":10560,"href":"https:\/\/www.sportchaco.com.ar\/index.php?rest_route=\/wp\/v2\/posts\/10557\/revisions\/10560"}],"wp:featuredmedia":[{"embeddable":true,"href":"https:\/\/www.sportchaco.com.ar\/index.php?rest_route=\/wp\/v2\/media\/10558"}],"wp:attachment":[{"href":"https:\/\/www.sportchaco.com.ar\/index.php?rest_route=%2Fwp%2Fv2%2Fmedia&parent=10557"}],"wp:term":[{"taxonomy":"category","embeddable":true,"href":"https:\/\/www.sportchaco.com.ar\/index.php?rest_route=%2Fwp%2Fv2%2Fcategories&post=10557"},{"taxonomy":"post_tag","embeddable":true,"href":"https:\/\/www.sportchaco.com.ar\/index.php?rest_route=%2Fwp%2Fv2%2Ftags&post=10557"}],"curies":[{"name":"wp","href":"https:\/\/api.w.org\/{rel}","templated":true}]}}