{"id":1056,"date":"2023-09-27T14:16:37","date_gmt":"2023-09-27T14:16:37","guid":{"rendered":"https:\/\/nuevo.sportchaco.com.ar\/?p=1056"},"modified":"2023-09-27T14:16:37","modified_gmt":"2023-09-27T14:16:37","slug":"felipe-minzer-el-argentino-mas-joven-en-debutar-en-espana-cumpli-un-sueno","status":"publish","type":"post","link":"https:\/\/www.sportchaco.com.ar\/?p=1056","title":{"rendered":"Felipe Minzer, el argentino m\u00e1s joven en debutar en Espa\u00f1a: \u00abCumpl\u00ed un sue\u00f1o\u00bb"},"content":{"rendered":"<div class=\"custom-text \">\n<p><strong>Felipe Minzer tiene s\u00f3lo 16 a\u00f1os, pero habla como un adulto<\/strong>. Eso es, acaso, en lo que se transform\u00f3 este fin de semana. Al menos a nivel de responsabilidades, ya que este escolta de 1,96 metro se convirti\u00f3 e<strong>n el basquetbolista argentino m\u00e1s joven de la historia en debutar en la Liga ACB, el torneo de Espa\u00f1a, el segundo certamen m\u00e1s importante del mundo despu\u00e9s de la NBA.<\/strong><\/p>\n<\/div>\n<div class=\"sc-7b11397a-5 kIFfNI\">\n<div class=\"lazyBanner\"><\/div>\n<\/div>\n<div class=\"custom-text \">\n<p>Nacido en G\u00e1lvez, Santa Fe, el 13 de septiembre de 2007, Minzer pis\u00f3 este domingo el parquet del estadio del Casademont Zaragoza<strong>\u00a0en la derrota por 101-70 de su equipo frente al Real Madrid de Facundo Campazzo y Gabriel Deck.<\/strong>\u00a0As\u00ed, con 16 a\u00f1os y 11 d\u00edas, marc\u00f3 este nuevo hito y fue, adem\u00e1s, el primer jugador categor\u00eda 2007 que debuta en la ACB.<\/p>\n<\/div>\n<div class=\"custom-text \">\n<p>\u00ab<strong>Me avisaron un d\u00eda antes que estaba convocado y ah\u00ed ya me emocion\u00e9 porque pod\u00eda lograr mi debut. Empec\u00e9 a pensar que estaba cumpliendo un sue\u00f1o de chico, que es jugar contra un equipo tan grande de Europa como es el Real Madrid<\/strong>\u00ab, cuenta ahora Minzer, quien no s\u00f3lo tuvo su estreno, sino que jug\u00f3 bastante, ya que estuvo 11 minutos en cancha en los que baj\u00f3 tres rebotes e intent\u00f3 un tiro de dos puntos. \u00abNo esperaba entrar en el segundo cuarto, pensaba que pod\u00eda hacerlo en el final, pero me gust\u00f3 mucho que Porfirio Fisac (NdR: su entrenador) haya tenido esa confianza de meterme en ese momento\u201d, explic\u00f3 el jugador en di\u00e1logo con el departamento de prensa de CAB.<\/p>\n<\/div>\n<div id=\"aa510b8e-4b42-4f99-b253-ed1cd436020b\"><\/div>\n<div class=\"custom-text \">\n<p>Formado en el club Santa Paula de G\u00e1lvez, Minzer, coterr\u00e1neo del Chapu Nocioni, lleg\u00f3 a Europa el a\u00f1o pasado al recalar en las inferiores del Zaragoza, una de las instituciones m\u00e1s respetadas del continente. Con pasos por Selecci\u00f3n Argentina en el Sudamericano U15 2022 y en el FIBA Am\u00e9ricas U16 de este a\u00f1o, el santafesino particip\u00f3 tambi\u00e9n del Adidas Next Generation Tournament, la Euroliga U18, donde redonde\u00f3 una destacada participaci\u00f3n. Ya para la 2023\/24, Minzer se sum\u00f3 al primer equipo del Zaragoza en la pretemporada y todo comenz\u00f3 a fluir.<\/p>\n<\/div>\n<div class=\"sc-e7b891c4-0 jPbnQF\"><img loading=\"lazy\" decoding=\"async\" src=\"https:\/\/www.ole.com.ar\/images\/2023\/09\/26\/BE6_s40tT_720x0__1.jpg\" alt=\"Felipe Minzer debut\u00f3 con 16 a\u00f1os. \" width=\"720\" height=\"100\" data-nimg=\"future\" \/><\/div>\n<div class=\"sc-e7b891c4-0 jPbnQF\"><span class=\"epigraphe\">Felipe Minzer debut\u00f3 con 16 a\u00f1os.<\/span><\/div>\n<div><\/div>\n<div class=\"custom-text \">\n<p><strong>\u00abTuve la suerte de poder agarrar confianza con todos muy r\u00e1pido y eso me ayud\u00f3 a estar muy tranquilo. Con el primer equipo estoy entrenando todos los d\u00edas, es como que ya soy uno de ellos\u00bb<\/strong>, relat\u00f3 el zurdo, que todav\u00eda no puede creer que enfrent\u00f3 al Real Madrid. \u00abLo que m\u00e1s me gust\u00f3 fue poder debutar contra el Madrid y haber tenido muchos minutos. Algo que me llam\u00f3 la atenci\u00f3n es el nivel f\u00edsico y t\u00e1ctico que se necesita para jugar\u00bb, explic\u00f3 la joven promesa, que tiene en claro los pasos a seguir: \u00abMe viene muy bien ya haber debutado porque era uno de mis objetivos. Ahora el otro objetivo que tengo es seguir mejorando todos mis aspectos. Es muy motivador porque es algo que siempre quise\u00bb. En ese sentido, Minzer subray\u00f3: \u00abEl juego es muy f\u00edsico, necesito mejorar ese aspecto y el tiro. Y los que son mis puntos fuertes, tambi\u00e9n seguir entren\u00e1ndolos porque siempre hay algo que aprender\u00bb.<\/p>\n<\/div>\n<div class=\"sc-e7b891c4-0 jPbnQF\"><img loading=\"lazy\" decoding=\"async\" src=\"https:\/\/www.ole.com.ar\/images\/2023\/09\/26\/-Kzh16dSk_720x0__1.jpg\" alt=\"Minzer, hombre de Zaragoza.\" width=\"720\" height=\"100\" data-nimg=\"future\" \/><\/div>\n<div class=\"sc-e7b891c4-0 jPbnQF\"><span class=\"epigraphe\">Minzer, hombre de Zaragoza.<\/span><\/div>\n<div><\/div>\n<div class=\"custom-text \">\n<h2><strong>Campazzo y Minzer, saludo y admiraci\u00f3n<\/strong><\/h2>\n<\/div>\n<div class=\"custom-text \">\n<p>Su debut se dio ante el Real Madrid, nada menos, pero tambi\u00e9n frente a Facundo Campazzo, uno de sus \u00eddolos y referentes en el b\u00e1squet argentino y a quien ya hab\u00eda tenido la posibilidad de conocer durante el Campus de Desarrollo U22 que se hizo en Bah\u00eda Blanca antes del Preclasificatorio Ol\u00edmpico, cuando jugaron amistosos contra la Selecci\u00f3n mayor.<\/p>\n<\/div>\n<div class=\"sc-e7b891c4-0 jPbnQF\"><img loading=\"lazy\" decoding=\"async\" src=\"https:\/\/www.ole.com.ar\/images\/2023\/09\/26\/wagmku3H__720x0__1.jpg\" alt=\"Felipe Minzer vistiendo la camiseta de Argentina. \" width=\"720\" height=\"100\" data-nimg=\"future\" \/><\/div>\n<div class=\"sc-e7b891c4-0 jPbnQF\"><span class=\"epigraphe\">Felipe Minzer vistiendo la camiseta de Argentina.<\/span><\/div>\n<div><\/div>\n<div class=\"custom-text \">\n<p><strong>\u00abCampazzo es un tipazo, es de las personas m\u00e1s humildes que conoc\u00ed. Tuve la suerte de conocerlo en el campus que tuvimos hace poco y ahora nos volvimos a cruzar. Nos saludamos y despu\u00e9s del partido me dijo cualquier cosa que necesite, le avise. Ah\u00ed me di cuenta que es un grande dentro y fuera de la cancha\u00bb<\/strong>, dijo sobre la charla que mantuvo con el capit\u00e1n del seleccionado que dirige Pablo Prigioni.<\/p>\n<\/div>\n","protected":false},"excerpt":{"rendered":"<p>Felipe Minzer tiene s\u00f3lo 16 a\u00f1os, pero habla como un adulto. Eso es, acaso, en lo que se transform\u00f3 este fin de semana. Al menos a nivel de responsabilidades, ya que este escolta de 1,96 metro se convirti\u00f3 en el basquetbolista argentino m\u00e1s joven de la historia en debutar en la Liga ACB, el torneo &hellip;<\/p>\n","protected":false},"author":1,"featured_media":1057,"comment_status":"open","ping_status":"open","sticky":false,"template":"","format":"standard","meta":{"footnotes":""},"categories":[3],"tags":[],"class_list":["post-1056","post","type-post","status-publish","format-standard","has-post-thumbnail","hentry","category-basquetbol"],"_links":{"self":[{"href":"https:\/\/www.sportchaco.com.ar\/index.php?rest_route=\/wp\/v2\/posts\/1056","targetHints":{"allow":["GET"]}}],"collection":[{"href":"https:\/\/www.sportchaco.com.ar\/index.php?rest_route=\/wp\/v2\/posts"}],"about":[{"href":"https:\/\/www.sportchaco.com.ar\/index.php?rest_route=\/wp\/v2\/types\/post"}],"author":[{"embeddable":true,"href":"https:\/\/www.sportchaco.com.ar\/index.php?rest_route=\/wp\/v2\/users\/1"}],"replies":[{"embeddable":true,"href":"https:\/\/www.sportchaco.com.ar\/index.php?rest_route=%2Fwp%2Fv2%2Fcomments&post=1056"}],"version-history":[{"count":1,"href":"https:\/\/www.sportchaco.com.ar\/index.php?rest_route=\/wp\/v2\/posts\/1056\/revisions"}],"predecessor-version":[{"id":1058,"href":"https:\/\/www.sportchaco.com.ar\/index.php?rest_route=\/wp\/v2\/posts\/1056\/revisions\/1058"}],"wp:featuredmedia":[{"embeddable":true,"href":"https:\/\/www.sportchaco.com.ar\/index.php?rest_route=\/wp\/v2\/media\/1057"}],"wp:attachment":[{"href":"https:\/\/www.sportchaco.com.ar\/index.php?rest_route=%2Fwp%2Fv2%2Fmedia&parent=1056"}],"wp:term":[{"taxonomy":"category","embeddable":true,"href":"https:\/\/www.sportchaco.com.ar\/index.php?rest_route=%2Fwp%2Fv2%2Fcategories&post=1056"},{"taxonomy":"post_tag","embeddable":true,"href":"https:\/\/www.sportchaco.com.ar\/index.php?rest_route=%2Fwp%2Fv2%2Ftags&post=1056"}],"curies":[{"name":"wp","href":"https:\/\/api.w.org\/{rel}","templated":true}]}}