{"id":10600,"date":"2024-06-15T13:20:13","date_gmt":"2024-06-15T16:20:13","guid":{"rendered":"https:\/\/www.sportchaco.com.ar\/?p=10600"},"modified":"2024-06-15T13:38:38","modified_gmt":"2024-06-15T16:38:38","slug":"scaloni-confirmo-los-26-convocados-para-la-copa-america","status":"publish","type":"post","link":"https:\/\/www.sportchaco.com.ar\/?p=10600","title":{"rendered":"Scaloni confirm\u00f3 los 26 convocados para la Copa Am\u00e9rica"},"content":{"rendered":"<p><strong>15-06-2024<\/strong><\/p>\n<p>El entrenador de la Selecci\u00f3n Argentina, Lionel Scaloni, defini\u00f3 la lista de 26 jugadores que estar\u00e1n presentes en la Copa Am\u00e9rica que se disptuar\u00e1 desde este jueves 20 de junio hasta el 14 de julio en Estadios Unidos, certamen en el que la Albiceleste encabezar\u00e1 el grupo A, que compartir\u00e1 con Canad\u00e1, Per\u00fa y Chile.<\/p>\n<p>Entre las principales novedades aparece la inclusi\u00f3n de Valent\u00edn Carboni. El atacante de Inter, a pr\u00e9stamo en el Monza, se termin\u00f3 metiendo en la n\u00f3mina de convocados tras la \u00faltima gira y es la gran sorpresa del DT argentino. Su gran partido vs. Guatemala hizo que hasta el capit\u00e1n Lionel Messi lo destaque.<\/p>\n<p>Adem\u00e1s est\u00e1n Germ\u00e1n Pezzella y Guido Rodr\u00edguez, quienes hab\u00edan estado en duda hasta \u00faltimo momento por diferentes motivos. El defensor del Betis se recuperaba de una microfractura en un dedo del pie, lo que le impidi\u00f3 entrenarse a la par de sus compa\u00f1eros un par de d\u00edas, mientras que el volante, tambi\u00e9n del equipo de Sevilla, estuvo afectado por un cuadro febril y lejos de su mejor forma f\u00edsica.<\/p>\n<p>De los 29 que hab\u00edan sido llamados por el t\u00e9cnico para la doble fecha FIFA en la que el seleccionado venci\u00f3 a Ecuador por 1-0 y el viernes se midi\u00f3 con Guatemala, ambos en suelo norteamericano, no superaron el corte Valent\u00edn Barco, Leonardo Balerdi y \u00c1ngel Correa.<\/p>\n<p>Cabe remarcar que el jugador del Brighton hab\u00eda sido llamado porque Marcos Acu\u00f1a llegaba con poco rodaje, ya que en febrero hab\u00eda tenido una \u00ablesi\u00f3n miofascial en el recto anterior del muslo izquierdo\u00bb. Sin embargo, fue uno de los primeros que se entren\u00f3 junto al grupo y releg\u00f3 al Colo, que igualmente ir\u00e1 a los Juegos Ol\u00edmpicos con la Sub-23.<\/p>\n<p>Por su parte, Balerdi -que milita en el Olympique de Marsella- tambi\u00e9n estaba a la espera de lo que sucediera con otro experimentado, como Pezzella, por lo que qued\u00f3 detr\u00e1s en la consideraci\u00f3n cuando el ex-River se recuper\u00f3.<\/p>\n<p>Y finalmente, Correa era una opci\u00f3n en el ataque e incluso tuvo minutos junto a Messi en el primer duelo contra Ecuador. Pero, si bien le gusta mucho al cuerpo t\u00e9cnico, hab\u00eda varios que ten\u00edan ventaja sobre \u00e9l como Alejandro Garnacho o el propio Carboni, que se termin\u00f3 metiendo entre los 26.<\/p>\n<p style=\"padding-left: 40px;\"><img loading=\"lazy\" decoding=\"async\" class=\"alignnone size-medium wp-image-10602 alignleft\" src=\"https:\/\/www.sportchaco.com.ar\/wp-content\/uploads\/2024\/06\/20240615_103604-300x300.jpg\" alt=\"\" width=\"300\" height=\"300\" srcset=\"https:\/\/www.sportchaco.com.ar\/wp-content\/uploads\/2024\/06\/20240615_103604-300x300.jpg 300w, https:\/\/www.sportchaco.com.ar\/wp-content\/uploads\/2024\/06\/20240615_103604-1024x1024.jpg 1024w, https:\/\/www.sportchaco.com.ar\/wp-content\/uploads\/2024\/06\/20240615_103604-150x150.jpg 150w, https:\/\/www.sportchaco.com.ar\/wp-content\/uploads\/2024\/06\/20240615_103604-768x768.jpg 768w, https:\/\/www.sportchaco.com.ar\/wp-content\/uploads\/2024\/06\/20240615_103604.jpg 1080w\" sizes=\"auto, (max-width: 300px) 100vw, 300px\" \/><\/p>\n<hr \/>\n<h2><\/h2>\n<h2><\/h2>\n<h2><\/h2>\n<h2><\/h2>\n<h2><\/h2>\n<h2>La lista de la Selecci\u00f3n Argentina para la Copa Am\u00e9rica<\/h2>\n<h6><u>Arqueros<\/u><\/h6>\n<ul>\n<li>Emiliano Mart\u00ednez<\/li>\n<li>Franco Armani<\/li>\n<li>Ger\u00f3nimo Rulli<\/li>\n<\/ul>\n<h6><u>Defensores<\/u><\/h6>\n<ul>\n<li>Gonzalo Montiel<\/li>\n<li>Nahuel Molina<\/li>\n<li>Cristian Romero<\/li>\n<li>Germ\u00e1n Pezzella<\/li>\n<li>Lucas Mart\u00ednez Quarta<\/li>\n<li>Nicol\u00e1s Otamendi<\/li>\n<li>Lisandro Mart\u00ednez<\/li>\n<li>Marcos Acu\u00f1a<\/li>\n<li>Nicol\u00e1s Tagliafico<\/li>\n<\/ul>\n<h6><u>Mediocampistas<\/u><\/h6>\n<ul>\n<li>Guido Rodr\u00edguez<\/li>\n<li>Leandro Paredes<\/li>\n<li>Alexis Mac Allister<\/li>\n<li>Rodrigo De Paul<\/li>\n<li>Exequiel Palacios<\/li>\n<li>Enzo Fern\u00e1ndez<\/li>\n<li>Giovani Lo Celso<\/li>\n<\/ul>\n<h6><u>Delanteros<\/u><\/h6>\n<ul>\n<li>\u00c1ngel Di Mar\u00eda<\/li>\n<li>Lionel Messi<\/li>\n<li>Valent\u00edn Carboni<\/li>\n<li>Alejandro Garnacho<\/li>\n<li>Nicol\u00e1s Gonz\u00e1lez<\/li>\n<li>Lautaro Mart\u00ednez<\/li>\n<li>Juli\u00e1n \u00c1lvarez<\/li>\n<\/ul>\n<p>&nbsp;<\/p>\n<p><img loading=\"lazy\" decoding=\"async\" class=\"size-medium wp-image-10485 aligncenter\" src=\"https:\/\/www.sportchaco.com.ar\/wp-content\/uploads\/2024\/06\/Mosquitos-3-1-300x300.jpg\" alt=\"\" width=\"300\" height=\"300\" srcset=\"https:\/\/www.sportchaco.com.ar\/wp-content\/uploads\/2024\/06\/Mosquitos-3-1-300x300.jpg 300w, https:\/\/www.sportchaco.com.ar\/wp-content\/uploads\/2024\/06\/Mosquitos-3-1-1024x1024.jpg 1024w, https:\/\/www.sportchaco.com.ar\/wp-content\/uploads\/2024\/06\/Mosquitos-3-1-150x150.jpg 150w, https:\/\/www.sportchaco.com.ar\/wp-content\/uploads\/2024\/06\/Mosquitos-3-1-768x768.jpg 768w, https:\/\/www.sportchaco.com.ar\/wp-content\/uploads\/2024\/06\/Mosquitos-3-1.jpg 1440w\" sizes=\"auto, (max-width: 300px) 100vw, 300px\" \/><\/p>\n<p>&nbsp;<\/p>\n","protected":false},"excerpt":{"rendered":"<p>15-06-2024 El entrenador de la Selecci\u00f3n Argentina, Lionel Scaloni, defini\u00f3 la lista de 26 jugadores que estar\u00e1n presentes en la Copa Am\u00e9rica que se disptuar\u00e1 desde este jueves 20 de junio hasta el 14 de julio en Estadios Unidos, certamen en el que la Albiceleste encabezar\u00e1 el grupo A, que compartir\u00e1 con Canad\u00e1, Per\u00fa y &hellip;<\/p>\n","protected":false},"author":5,"featured_media":10601,"comment_status":"open","ping_status":"open","sticky":false,"template":"","format":"standard","meta":{"footnotes":""},"categories":[5,6],"tags":[],"class_list":["post-10600","post","type-post","status-publish","format-standard","has-post-thumbnail","hentry","category-futbol","category-internacionales"],"_links":{"self":[{"href":"https:\/\/www.sportchaco.com.ar\/index.php?rest_route=\/wp\/v2\/posts\/10600","targetHints":{"allow":["GET"]}}],"collection":[{"href":"https:\/\/www.sportchaco.com.ar\/index.php?rest_route=\/wp\/v2\/posts"}],"about":[{"href":"https:\/\/www.sportchaco.com.ar\/index.php?rest_route=\/wp\/v2\/types\/post"}],"author":[{"embeddable":true,"href":"https:\/\/www.sportchaco.com.ar\/index.php?rest_route=\/wp\/v2\/users\/5"}],"replies":[{"embeddable":true,"href":"https:\/\/www.sportchaco.com.ar\/index.php?rest_route=%2Fwp%2Fv2%2Fcomments&post=10600"}],"version-history":[{"count":2,"href":"https:\/\/www.sportchaco.com.ar\/index.php?rest_route=\/wp\/v2\/posts\/10600\/revisions"}],"predecessor-version":[{"id":10605,"href":"https:\/\/www.sportchaco.com.ar\/index.php?rest_route=\/wp\/v2\/posts\/10600\/revisions\/10605"}],"wp:featuredmedia":[{"embeddable":true,"href":"https:\/\/www.sportchaco.com.ar\/index.php?rest_route=\/wp\/v2\/media\/10601"}],"wp:attachment":[{"href":"https:\/\/www.sportchaco.com.ar\/index.php?rest_route=%2Fwp%2Fv2%2Fmedia&parent=10600"}],"wp:term":[{"taxonomy":"category","embeddable":true,"href":"https:\/\/www.sportchaco.com.ar\/index.php?rest_route=%2Fwp%2Fv2%2Fcategories&post=10600"},{"taxonomy":"post_tag","embeddable":true,"href":"https:\/\/www.sportchaco.com.ar\/index.php?rest_route=%2Fwp%2Fv2%2Ftags&post=10600"}],"curies":[{"name":"wp","href":"https:\/\/api.w.org\/{rel}","templated":true}]}}