{"id":10619,"date":"2024-06-15T18:38:26","date_gmt":"2024-06-15T21:38:26","guid":{"rendered":"https:\/\/www.sportchaco.com.ar\/?p=10619"},"modified":"2024-06-15T18:38:40","modified_gmt":"2024-06-15T21:38:40","slug":"julio-cesar-falcioni-dejo-de-ser-dt-de-banfield","status":"publish","type":"post","link":"https:\/\/www.sportchaco.com.ar\/?p=10619","title":{"rendered":"Julio Cesar Falcioni dej\u00f3 de ser DT de Banfield"},"content":{"rendered":"<p>Julio C\u00e9sar Falcioni ya no es el entrenador de Banfield, seg\u00fan inform\u00f3 el club a trav\u00e9s de un comunicado en sus redes sociales. Este anuncio marca el final del quinto ciclo del experimentado entrenador al frente del equipo. La decisi\u00f3n fue tomada \u00abde com\u00fan acuerdo\u00bb en una reuni\u00f3n realizada ayer.<\/p>\n<p>El \u00abEmperador\u00bb, como es conocido Falcioni, dirigi\u00f3 su \u00faltimo partido contra Independiente el pasado mi\u00e9rcoles, en donde Banfield termin\u00f3 con una derrota por 2 a 1 como visitante.<\/p>\n<p>Su quinto ciclo con Banfield hab\u00eda comenzado en mayo del a\u00f1o pasado. La salida de Falcioni se produce en un momento clave, \u00aben el comienzo del receso y a 34 d\u00edas para el reinicio de la competencia\u00bb, lo que sugiere que el club no se apresurar\u00e1 en la b\u00fasqueda de un nuevo entrenador.<\/p>\n<p>La Comisi\u00f3n Directiva de Banfield comenz\u00f3 a buscar opciones para la conducci\u00f3n del primer equipo, con la intenci\u00f3n de anunciar el nuevo cuerpo t\u00e9cnico en los pr\u00f3ximos d\u00edas. \u00abReci\u00e9n desde este momento, la Comisi\u00f3n Directiva se encuentra abocada a la b\u00fasqueda de opciones\u00bb, se lee en el comunicado.<\/p>\n<p>Adem\u00e1s, el club expres\u00f3 su agradecimiento a Falcioni por su constante disposici\u00f3n para colaborar con la instituci\u00f3n.\u00a0\u00abAgradecemos como siempre a Julio por su inalterable predisposici\u00f3n\u00bb, destac\u00f3 el comunicado, subrayando el aprecio y respeto que el entrenador ha ganado durante su tiempo en Banfield.<\/p>\n<p><img loading=\"lazy\" decoding=\"async\" class=\"wp-image-10622 aligncenter\" src=\"https:\/\/www.sportchaco.com.ar\/wp-content\/uploads\/2024\/06\/720-2-300x300.webp\" alt=\"\" width=\"375\" height=\"375\" srcset=\"https:\/\/www.sportchaco.com.ar\/wp-content\/uploads\/2024\/06\/720-2-300x300.webp 300w, https:\/\/www.sportchaco.com.ar\/wp-content\/uploads\/2024\/06\/720-2-150x150.webp 150w, https:\/\/www.sportchaco.com.ar\/wp-content\/uploads\/2024\/06\/720-2.webp 720w\" sizes=\"auto, (max-width: 375px) 100vw, 375px\" \/><\/p>\n<p>&nbsp;<\/p>\n<p><img loading=\"lazy\" decoding=\"async\" class=\"size-medium wp-image-10485 aligncenter\" src=\"https:\/\/www.sportchaco.com.ar\/wp-content\/uploads\/2024\/06\/Mosquitos-3-1-300x300.jpg\" alt=\"\" width=\"300\" height=\"300\" srcset=\"https:\/\/www.sportchaco.com.ar\/wp-content\/uploads\/2024\/06\/Mosquitos-3-1-300x300.jpg 300w, https:\/\/www.sportchaco.com.ar\/wp-content\/uploads\/2024\/06\/Mosquitos-3-1-1024x1024.jpg 1024w, https:\/\/www.sportchaco.com.ar\/wp-content\/uploads\/2024\/06\/Mosquitos-3-1-150x150.jpg 150w, https:\/\/www.sportchaco.com.ar\/wp-content\/uploads\/2024\/06\/Mosquitos-3-1-768x768.jpg 768w, https:\/\/www.sportchaco.com.ar\/wp-content\/uploads\/2024\/06\/Mosquitos-3-1.jpg 1440w\" sizes=\"auto, (max-width: 300px) 100vw, 300px\" \/><\/p>\n<p>&nbsp;<\/p>\n<p>&nbsp;<\/p>\n","protected":false},"excerpt":{"rendered":"<p>Julio C\u00e9sar Falcioni ya no es el entrenador de Banfield, seg\u00fan inform\u00f3 el club a trav\u00e9s de un comunicado en sus redes sociales. Este anuncio marca el final del quinto ciclo del experimentado entrenador al frente del equipo. La decisi\u00f3n fue tomada \u00abde com\u00fan acuerdo\u00bb en una reuni\u00f3n realizada ayer. El \u00abEmperador\u00bb, como es conocido &hellip;<\/p>\n","protected":false},"author":5,"featured_media":10623,"comment_status":"open","ping_status":"open","sticky":false,"template":"","format":"standard","meta":{"footnotes":""},"categories":[47],"tags":[],"class_list":["post-10619","post","type-post","status-publish","format-standard","has-post-thumbnail","hentry","category-nacionales"],"_links":{"self":[{"href":"https:\/\/www.sportchaco.com.ar\/index.php?rest_route=\/wp\/v2\/posts\/10619","targetHints":{"allow":["GET"]}}],"collection":[{"href":"https:\/\/www.sportchaco.com.ar\/index.php?rest_route=\/wp\/v2\/posts"}],"about":[{"href":"https:\/\/www.sportchaco.com.ar\/index.php?rest_route=\/wp\/v2\/types\/post"}],"author":[{"embeddable":true,"href":"https:\/\/www.sportchaco.com.ar\/index.php?rest_route=\/wp\/v2\/users\/5"}],"replies":[{"embeddable":true,"href":"https:\/\/www.sportchaco.com.ar\/index.php?rest_route=%2Fwp%2Fv2%2Fcomments&post=10619"}],"version-history":[{"count":1,"href":"https:\/\/www.sportchaco.com.ar\/index.php?rest_route=\/wp\/v2\/posts\/10619\/revisions"}],"predecessor-version":[{"id":10624,"href":"https:\/\/www.sportchaco.com.ar\/index.php?rest_route=\/wp\/v2\/posts\/10619\/revisions\/10624"}],"wp:featuredmedia":[{"embeddable":true,"href":"https:\/\/www.sportchaco.com.ar\/index.php?rest_route=\/wp\/v2\/media\/10623"}],"wp:attachment":[{"href":"https:\/\/www.sportchaco.com.ar\/index.php?rest_route=%2Fwp%2Fv2%2Fmedia&parent=10619"}],"wp:term":[{"taxonomy":"category","embeddable":true,"href":"https:\/\/www.sportchaco.com.ar\/index.php?rest_route=%2Fwp%2Fv2%2Fcategories&post=10619"},{"taxonomy":"post_tag","embeddable":true,"href":"https:\/\/www.sportchaco.com.ar\/index.php?rest_route=%2Fwp%2Fv2%2Ftags&post=10619"}],"curies":[{"name":"wp","href":"https:\/\/api.w.org\/{rel}","templated":true}]}}