{"id":10704,"date":"2024-06-18T12:52:43","date_gmt":"2024-06-18T15:52:43","guid":{"rendered":"https:\/\/www.sportchaco.com.ar\/?p=10704"},"modified":"2024-06-18T12:52:43","modified_gmt":"2024-06-18T15:52:43","slug":"francia-no-pone-plazos-para-el-regreso-de-kylian-mbappe-en-la-eurocopa-tras-su-fractura-vamos-a-ver-como-evoluciona","status":"publish","type":"post","link":"https:\/\/www.sportchaco.com.ar\/?p=10704","title":{"rendered":"Francia no pone plazos para el regreso de Kylian Mbapp\u00e9 en la Eurocopa tras su fractura: \u00abVamos a ver c\u00f3mo evoluciona\u00bb"},"content":{"rendered":"<header class=\"storyfull__header\"><\/header>\n<div class=\"storyfull__content\">\n<div class=\"row\">\n<div class=\"col--main\">\n<div class=\"storyfull__body\">\n<div class=\"storyfull__gallery stickyVideo\">\n<div class=\"cnnvideo responsive fave-wrapper\" data-actual-vid-height=\"\" data-detectedheight=\"0\" data-detectedwidth=\"760\" data-heightratio=\"0.6343\">\n<div id=\"fave-video1\" class=\"first\">\n<div id=\"player-fave-video1\" class=\"fave-player-container fave-top-player fave-no-mobile\">\n<div id=\"top-container-1\" class=\"top-container\" role=\"region\" aria-label=\"video player\">\n<div class=\"tui\">\n<div class=\"tui__control-surface tui__control-surface--control-bar-visible\" role=\"none\">\n<div class=\"tui__slate\"><\/div>\n<div class=\"tui-control-bar\" role=\"none\">\n<div class=\"tui-control-bar__controls--top\">\n<div class=\"tui-controls__top-bar\">\n<div class=\"tui-controls__left\"><\/div>\n<div class=\"tui-controls__right\">\n<h1><\/h1>\n<p class=\"description\"><time datetime=\"2024-06-18T10:25:05-03:00\">18\/06\/202<\/time><\/p>\n<p>&nbsp;<\/p>\n<p class=\"description\">El delantero de Real Madrid sufri\u00f3 una dura lesi\u00f3n en la nariz durante el debut galo ante Austria y, si bien se descart\u00f3 la cirug\u00eda y seguir\u00e1 en el certamen, no van a apresurarlo. Su presencia ante Pa\u00edses Bajos el viernes, una inc\u00f3gnita.<\/p>\n<div class=\"article-info\">\n<div class=\"article-info-left\">\n<div class=\"article-autor-info\">\n<div class=\"article-autor-name\"><\/div>\n<\/div>\n<\/div>\n<\/div>\n<figure class=\"rat16x9\"><figcaption>Kylian Mbapp\u00e9 se fractur\u00f3 la nariz pero seguir\u00e1 jugando la Eurocopa con Francia. (Christina Pahnke &#8211; sampics\/Corbis via Getty Images)<\/figcaption><\/figure>\n<p class=\"capital\"><span style=\"color: #000000;\">Francia\u00a0tuvo su estreno en la\u00a0Eurocopa de Alemania 2024\u00a0con un<a style=\"color: #000000;\" href=\"https:\/\/www.tycsports.com\/eurocopa\/austria-vs-francia-en-vivo-hora-donde-ver-y-formaciones-id590844.html\" target=\"_blank\" rel=\"noopener\">\u00a0triunfo por 1-0 sobre Austria<\/a>. Sin embargo, el final del partido gener\u00f3 preocupaci\u00f3n por\u00a0<a style=\"color: #000000;\" href=\"https:\/\/www.tycsports.com\/eurocopa\/el-durisimo-golpe-que-dejo-ensangrentado-a-mbappe-id591093.html\" target=\"_blank\" rel=\"noopener\">la dura lesi\u00f3n de Kylian Mbapp\u00e9<\/a>: el flamante refuerzo de\u00a0Real Madrid\u00a0se\u00a0fractur\u00f3 la nariz, debi\u00f3 ser reemplazado y, si bien al principio se especul\u00f3 con que se pierda lo que resto del certamen, finalmente\u00a0no necesitar\u00e1 una cirug\u00eda. De todas formas, a\u00fan es una inc\u00f3gnita su presencia el pr\u00f3ximo viernes ante Pa\u00edses Bajos\u00a0por la segunda fecha del Grupo D.<\/span><\/p>\n<p>&nbsp;<\/p>\n<p>&nbsp;<\/p>\n<p>&nbsp;<\/p>\n<div class=\"watchto-wrap\">\n<div class=\"watchto\">\n<div class=\"watchto-text\"><\/div>\n<div class=\"watchto-btn-view\"><\/div>\n<\/div>\n<\/div>\n<p><i>\u00abKylian como saben, tuvo esa lesi\u00f3n en la nariz.\u00a0La noticia fue bastante tranquilizadora en la medida en que no hay operaci\u00f3n, al menos a corto plazo. En cuanto a su participaci\u00f3n en lo que resta de torneo,\u00a0es un poco prematuro establecer un calendario, as\u00ed que vamos a esperar a la informaci\u00f3n m\u00e9dica, a ver c\u00f3mo evoluciona durante el d\u00eda\u00bb,\u00a0<\/i>explic\u00f3\u00a0Phillipe Diallo, presidente de la\u00a0Federaci\u00f3n Francesa de F\u00fatbol, en conferencia de prensa.\u00a0<i>\u00abLa informaci\u00f3n fue bastante positiva con el hecho de que no se someti\u00f3 a una cirug\u00eda que podr\u00eda haberlo apartado definitivamente de la Eurocopa,\u00a0lo cual no es el caso\u00bb<\/i>, complet\u00f3.<\/p>\n<section class=\"fluidMedia\">\n<div id=\"video-genoa-731066\" class=\"player-nota-wrapper genoa-async lazycontainer\" data-contentid=\"1635397\" data-share=\"https:\/\/www.tycsports.com\/eurocopa\/tras-su-fractura-de-nariz-francia-no-pone-plazos-al-regreso-de-kylian-mbappe-en-la-eurocopa-vamos-a-ver-como-evoluciona-id591204.html\">\n<div class=\"player-nota-overlay\">\n<h3>Mbapp\u00e9 zaf\u00f3 de la cirug\u00eda pero le pone fecha a su regreso<\/h3>\n<\/div>\n<\/div>\n<\/section>\n<p>Luego del fuerte golpe, donde qued\u00f3 tendido en el piso con mucha sangre en el rostro,\u00a0Mbapp\u00e9 dej\u00f3 el Estadio Espirit Arena y fue enviado directamente a un centro m\u00e9dico para complementar estudios. Al descartar intervenci\u00f3n quir\u00fargica, al menos en el corto plazo,\u00a0regres\u00f3 a la concentraci\u00f3n junto al resto del plantel que comanda Didier Deschamps\u00a0y evaluar\u00e1n su evoluci\u00f3n para determinar cu\u00e1ndo estar\u00e1 en condiciones de volver a sumar minutos. En ese caso,\u00a0lo har\u00e1 con una m\u00e1scara protectora.<\/p>\n<div class=\"watchto-wrap\"><\/div>\n<p>&nbsp;<\/p>\n<h2>As\u00ed fue la lesi\u00f3n de Mbapp\u00e9<\/h2>\n<p>A los 39 minutos del segundo tiempo, con\u00a0Francia ya ganando 1-0 ante Austria\u00a0por el gol en contra de\u00a0Maximilian W\u00f6ber,\u00a0Kylian Mbapp\u00e9\u00a0salt\u00f3 a cabecear en una pelota parada para liquidar el partido, pero\u00a0choc\u00f3 directamente su nariz contra el cuerpo de Kevin Daso. Fue atendido durante algunos minutos mientras le limpiaban la sangre que ten\u00eda en el rostro y\u00a0sali\u00f3 reemplazado, dejando su lugar a Olivier Giroud.<\/p>\n<p>&nbsp;<\/p>\n<section class=\"fluidMedia\">\n<div id=\"video-genoa-730877\" class=\"player-nota-wrapper genoa-async lazycontainer\" data-contentid=\"1635191\" data-share=\"https:\/\/www.tycsports.com\/eurocopa\/tras-su-fractura-de-nariz-francia-no-pone-plazos-al-regreso-de-kylian-mbappe-en-la-eurocopa-vamos-a-ver-como-evoluciona-id591204.html\"><\/div>\n<\/section>\n<p>&nbsp;<\/p>\n<h2>La broma de Mbapp\u00e9 en redes sociales tras su fractura<\/h2>\n<p>&nbsp;<\/p>\n<p>Tales son las buenas sensaciones de Mbapp\u00e9 que se anim\u00f3 a bromear sobre el hecho en su cuenta personal de X, donde pidi\u00f3 sugerencia sobre qu\u00e9 tipo de m\u00e1scara utilizar para su partido en el marco de la segunda fecha del grupo D de la Eurocopa 2024.\u00a0Una nueva muestra de que no planea bajarse de la competencia.<\/p>\n<\/div>\n<\/div>\n<\/div>\n<div class=\"tui-control-bar__controls--center\">\n<div class=\"tui-controls__center-bar\">\n<div class=\"tui-controls__center\"><\/div>\n<\/div>\n<\/div>\n<div class=\"tui-control-bar__controls\">\n<div class=\"tui-controls__progress-bar\"><\/div>\n<div class=\"tui-controls__bottom-bar\">\n<div class=\"tui-controls__left\" style=\"text-align: center;\"><img loading=\"lazy\" decoding=\"async\" class=\"alignnone size-medium wp-image-10705\" src=\"https:\/\/www.sportchaco.com.ar\/wp-content\/uploads\/2024\/06\/kylian-mbappe-300x169.webp\" alt=\"\" width=\"300\" height=\"169\" srcset=\"https:\/\/www.sportchaco.com.ar\/wp-content\/uploads\/2024\/06\/kylian-mbappe-300x169.webp 300w, https:\/\/www.sportchaco.com.ar\/wp-content\/uploads\/2024\/06\/kylian-mbappe-768x432.webp 768w, https:\/\/www.sportchaco.com.ar\/wp-content\/uploads\/2024\/06\/kylian-mbappe-390x220.webp 390w, https:\/\/www.sportchaco.com.ar\/wp-content\/uploads\/2024\/06\/kylian-mbappe.webp 862w\" sizes=\"auto, (max-width: 300px) 100vw, 300px\" \/><\/div>\n<div class=\"tui-controls__right\"><\/div>\n<\/div>\n<\/div>\n<div class=\"tui-control-bar__background\"><\/div>\n<\/div>\n<\/div>\n<\/div>\n<\/div>\n<\/div>\n<\/div>\n<\/div>\n<\/div>\n<\/div>\n<\/div>\n<\/div>\n<\/div>\n","protected":false},"excerpt":{"rendered":"<p>18\/06\/202 &nbsp; El delantero de Real Madrid sufri\u00f3 una dura lesi\u00f3n en la nariz durante el debut galo ante Austria y, si bien se descart\u00f3 la cirug\u00eda y seguir\u00e1 en el certamen, no van a apresurarlo. Su presencia ante Pa\u00edses Bajos el viernes, una inc\u00f3gnita. Kylian Mbapp\u00e9 se fractur\u00f3 la nariz pero seguir\u00e1 jugando la &hellip;<\/p>\n","protected":false},"author":2,"featured_media":10705,"comment_status":"open","ping_status":"open","sticky":false,"template":"","format":"standard","meta":{"footnotes":""},"categories":[6],"tags":[],"class_list":["post-10704","post","type-post","status-publish","format-standard","has-post-thumbnail","hentry","category-internacionales"],"_links":{"self":[{"href":"https:\/\/www.sportchaco.com.ar\/index.php?rest_route=\/wp\/v2\/posts\/10704","targetHints":{"allow":["GET"]}}],"collection":[{"href":"https:\/\/www.sportchaco.com.ar\/index.php?rest_route=\/wp\/v2\/posts"}],"about":[{"href":"https:\/\/www.sportchaco.com.ar\/index.php?rest_route=\/wp\/v2\/types\/post"}],"author":[{"embeddable":true,"href":"https:\/\/www.sportchaco.com.ar\/index.php?rest_route=\/wp\/v2\/users\/2"}],"replies":[{"embeddable":true,"href":"https:\/\/www.sportchaco.com.ar\/index.php?rest_route=%2Fwp%2Fv2%2Fcomments&post=10704"}],"version-history":[{"count":1,"href":"https:\/\/www.sportchaco.com.ar\/index.php?rest_route=\/wp\/v2\/posts\/10704\/revisions"}],"predecessor-version":[{"id":10706,"href":"https:\/\/www.sportchaco.com.ar\/index.php?rest_route=\/wp\/v2\/posts\/10704\/revisions\/10706"}],"wp:featuredmedia":[{"embeddable":true,"href":"https:\/\/www.sportchaco.com.ar\/index.php?rest_route=\/wp\/v2\/media\/10705"}],"wp:attachment":[{"href":"https:\/\/www.sportchaco.com.ar\/index.php?rest_route=%2Fwp%2Fv2%2Fmedia&parent=10704"}],"wp:term":[{"taxonomy":"category","embeddable":true,"href":"https:\/\/www.sportchaco.com.ar\/index.php?rest_route=%2Fwp%2Fv2%2Fcategories&post=10704"},{"taxonomy":"post_tag","embeddable":true,"href":"https:\/\/www.sportchaco.com.ar\/index.php?rest_route=%2Fwp%2Fv2%2Ftags&post=10704"}],"curies":[{"name":"wp","href":"https:\/\/api.w.org\/{rel}","templated":true}]}}