{"id":10714,"date":"2024-06-18T18:59:12","date_gmt":"2024-06-18T21:59:12","guid":{"rendered":"https:\/\/www.sportchaco.com.ar\/?p=10714"},"modified":"2024-06-18T18:59:12","modified_gmt":"2024-06-18T21:59:12","slug":"presentado-el-primer-refuerzo-de-sarmiento","status":"publish","type":"post","link":"https:\/\/www.sportchaco.com.ar\/?p=10714","title":{"rendered":"Presentado, el primer refuerzo de Sarmiento"},"content":{"rendered":"<p><strong>18-06-2024<\/strong><\/p>\n<p><img loading=\"lazy\" decoding=\"async\" class=\"size-medium wp-image-9468 aligncenter\" src=\"https:\/\/www.sportchaco.com.ar\/wp-content\/uploads\/2024\/05\/Nachec-728x90-2-300x37.gif\" alt=\"\" width=\"300\" height=\"37\" \/><\/p>\n<p>Mat\u00edas Presentado ser\u00e1 la nueva cara en Sarmiento, para reforzar al \u201cDecano\u201d en lo que resta del Torneo Federal \u201cA\u201d. Naci\u00f3 el 13 de agosto de 1992 es un futbolista argentino con ra\u00edces afroargentinas. Juega como defensa central y proviene de Juventud Unida de San Luis.<\/p>\n<p><b>Trayectoria<\/b><br \/>\nSe inici\u00f3 en Alvarado y luego pas\u00f3 por River (ambos de Mar del Plata).<br \/>\nMat\u00edas debut\u00f3 en Estudiantes de la Plata en 2013 por Copa Argentina bajo la direcci\u00f3n t\u00e9cnica de Mauricio Pellegrino cumpliendo una aceptable labor. Tuvo que pasar m\u00e1s de un a\u00f1o para que el marplatense vuelva a ser tenido en cuenta ya que reci\u00e9n en el torneo inicial 2014 volvi\u00f3 a disputar encuentros en la categor\u00eda m\u00e1xima del f\u00fatbol argentino.<\/p>\n<p>Luego de Estudiantes pas\u00f3 a Defensores de Cambaceres en 2016, para luego emigrar al Caracas de Venezuela. Tambi\u00e9n estuvo en 12 de Octubre de Paraguay, en la temporada 2017\/18. Para luego regresar a la Argentina donde jug\u00f3 en Los Andes en la temporada 2022\/23, para luego llegar a Juventud Unida Universitario de San Luis, equipo que juega el Torneo Federal \u201cA\u201d, en la zona 2.<\/p>\n<p>Sin dudas es un refuerzo de experiencia para el conjunto que dirige el \u201cIndio\u201d Ortiz, de cara a la parte m\u00e1s importante del torneo, donde Sarmiento tendr\u00e1 que mantener la categor\u00eda.<\/p>\n<p><em><strong>Fuente: Entretiempo<\/strong><\/em><\/p>\n<p><img loading=\"lazy\" decoding=\"async\" class=\"size-medium wp-image-10651 aligncenter\" src=\"https:\/\/www.sportchaco.com.ar\/wp-content\/uploads\/2024\/06\/Mosquitos-3-2-300x300.jpg\" alt=\"\" width=\"300\" height=\"300\" srcset=\"https:\/\/www.sportchaco.com.ar\/wp-content\/uploads\/2024\/06\/Mosquitos-3-2-300x300.jpg 300w, https:\/\/www.sportchaco.com.ar\/wp-content\/uploads\/2024\/06\/Mosquitos-3-2-1024x1024.jpg 1024w, https:\/\/www.sportchaco.com.ar\/wp-content\/uploads\/2024\/06\/Mosquitos-3-2-150x150.jpg 150w, https:\/\/www.sportchaco.com.ar\/wp-content\/uploads\/2024\/06\/Mosquitos-3-2-768x768.jpg 768w, https:\/\/www.sportchaco.com.ar\/wp-content\/uploads\/2024\/06\/Mosquitos-3-2.jpg 1440w\" sizes=\"auto, (max-width: 300px) 100vw, 300px\" \/><\/p>\n","protected":false},"excerpt":{"rendered":"<p>18-06-2024 Mat\u00edas Presentado ser\u00e1 la nueva cara en Sarmiento, para reforzar al \u201cDecano\u201d en lo que resta del Torneo Federal \u201cA\u201d. Naci\u00f3 el 13 de agosto de 1992 es un futbolista argentino con ra\u00edces afroargentinas. Juega como defensa central y proviene de Juventud Unida de San Luis. Trayectoria Se inici\u00f3 en Alvarado y luego pas\u00f3 &hellip;<\/p>\n","protected":false},"author":3,"featured_media":10716,"comment_status":"open","ping_status":"open","sticky":false,"template":"","format":"standard","meta":{"footnotes":""},"categories":[5],"tags":[],"class_list":["post-10714","post","type-post","status-publish","format-standard","has-post-thumbnail","hentry","category-futbol"],"_links":{"self":[{"href":"https:\/\/www.sportchaco.com.ar\/index.php?rest_route=\/wp\/v2\/posts\/10714","targetHints":{"allow":["GET"]}}],"collection":[{"href":"https:\/\/www.sportchaco.com.ar\/index.php?rest_route=\/wp\/v2\/posts"}],"about":[{"href":"https:\/\/www.sportchaco.com.ar\/index.php?rest_route=\/wp\/v2\/types\/post"}],"author":[{"embeddable":true,"href":"https:\/\/www.sportchaco.com.ar\/index.php?rest_route=\/wp\/v2\/users\/3"}],"replies":[{"embeddable":true,"href":"https:\/\/www.sportchaco.com.ar\/index.php?rest_route=%2Fwp%2Fv2%2Fcomments&post=10714"}],"version-history":[{"count":1,"href":"https:\/\/www.sportchaco.com.ar\/index.php?rest_route=\/wp\/v2\/posts\/10714\/revisions"}],"predecessor-version":[{"id":10715,"href":"https:\/\/www.sportchaco.com.ar\/index.php?rest_route=\/wp\/v2\/posts\/10714\/revisions\/10715"}],"wp:featuredmedia":[{"embeddable":true,"href":"https:\/\/www.sportchaco.com.ar\/index.php?rest_route=\/wp\/v2\/media\/10716"}],"wp:attachment":[{"href":"https:\/\/www.sportchaco.com.ar\/index.php?rest_route=%2Fwp%2Fv2%2Fmedia&parent=10714"}],"wp:term":[{"taxonomy":"category","embeddable":true,"href":"https:\/\/www.sportchaco.com.ar\/index.php?rest_route=%2Fwp%2Fv2%2Fcategories&post=10714"},{"taxonomy":"post_tag","embeddable":true,"href":"https:\/\/www.sportchaco.com.ar\/index.php?rest_route=%2Fwp%2Fv2%2Ftags&post=10714"}],"curies":[{"name":"wp","href":"https:\/\/api.w.org\/{rel}","templated":true}]}}