{"id":10746,"date":"2024-06-20T10:41:52","date_gmt":"2024-06-20T13:41:52","guid":{"rendered":"https:\/\/www.sportchaco.com.ar\/?p=10746"},"modified":"2024-06-20T10:41:52","modified_gmt":"2024-06-20T13:41:52","slug":"raul-valdez-trajimos-buenos-refuerzos","status":"publish","type":"post","link":"https:\/\/www.sportchaco.com.ar\/?p=10746","title":{"rendered":"Ra\u00fal Valdez: \u00abTrajimos buenos refuerzos\u00bb"},"content":{"rendered":"<p><strong>20-06-2024<\/strong><\/p>\n<p><img loading=\"lazy\" decoding=\"async\" class=\" wp-image-9468 aligncenter\" src=\"https:\/\/www.sportchaco.com.ar\/wp-content\/uploads\/2024\/05\/Nachec-728x90-2-300x37.gif\" alt=\"\" width=\"365\" height=\"45\" \/><\/p>\n<p>El entrenador de For Ever, Ra\u00fal Valdez, valor\u00f3 la llegada de los tres refuerzos para el plantel que milita en la Primera Nacional de f\u00fatbol. El \u00abNegro\u00bb busca un delantero m\u00e1s mientras trabaja con la mira puesta en el compromiso del domingo, a las 16, cuando reciba a Gimnasia y Tiro de Salta por la 20\u00aa fecha (inicio de la segunda rueda) de la zona B.<\/p>\n<p>\u00abTrajimos buenos refuerzos. Y est\u00e1n en actividad, a excepci\u00f3n de Luciano Paz que es un interno derecho que viene de un tiempo pronunciado sin competencia porque estuvo sin jugar en Rep\u00fablica Checa, pero es un jugador que le puede dar muchas cosas a For Ever en el corto y largo plazo. Luciano Lapetina (lateral izquierdo) estaba en Estudiantes de R\u00edo Cuarto y Alan Ortiz (extremo) en Maip\u00fa de Mendoza y ven\u00edan con m\u00e1s ritmo. Son buenos valores los tres. Ahora estamos buscando un delantero, est\u00e1 dif\u00edcil porque lo que queremos es que el que venga no sea s\u00f3lo pensando en esta temporada sino tambi\u00e9n en la otra. Recibimos muchas propuestas, incluso de equipos de Primera A que quieren darle lugar a sus apuestas, pero estamos analizando bien todo antes de definir\u00bb.<\/p>\n<p>Al hablar de la posible partida del defensor Mathias Silvera a Correcaminos de la UAT de M\u00e9xico, el DT se\u00f1al\u00f3: \u00abLo de Silvera es una situaci\u00f3n especial. El presidente nos avis\u00f3 que lo utilicemos de manera normal hasta que se resuelva su situaci\u00f3n. A nosotros nos pone contentos que un jugador como Silvera tenga ofertas de un f\u00fatbol como el mexicano\u00bb.<\/p>\n<h2>LOS DOS \u00ab9\u00bb<\/h2>\n<p>En relaci\u00f3n con c\u00f3mo ve la convivencia en el ataque de Jonathan Dellarossa y Genaro Rossi, que jugaron algunos minutos juntos tanto contra Aldosivi como con Mitre, Valdez indic\u00f3: \u00abA Dellarossa y Rossi les gusta jugar juntos y creo que lo pueden hacer, pero hay que trabajarlo. A veces jug\u00e1s con dos puntas, pero si lleg\u00e1s por las bandas y no tir\u00e1s centros, perd\u00e9s opciones. Son dos delanteros distintos y pueden jugar si tenemos laterales y extremos que tiren bien los centros, que es lo que estamos trabajando con un 4-1-3-2 o un 4-4-2 cuando lo necesitamos. No creo que muchos equipos tengan a dos delanteros j\u00f3venes, con las condiciones que tienen y con ganas como tenemos nosotros\u00bb.<\/p>\n<p>Y en referencia a las recuperaciones de los lesionados del plantel, Valdez manifest\u00f3: \u00abEl m\u00e9dico ya los sum\u00f3 a trabajar a Gonzalo Ca\u00f1ete y Gast\u00f3n Novero. \u0091Ca\u00f1a\u0092 est\u00e1 un poco m\u00e1s adelantado porque su lesi\u00f3n fue antes. Y en cuanto a Brian Nievas est\u00e1 recuper\u00e1ndose bien, tuvo dos semanas de muy poca actividad, con trabajos en gimnasio y kinesiolog\u00eda, y ahora se integr\u00f3 al resto del grupo con un poco menos de cargas. Recuperamos tambi\u00e9n a Brandon Obreg\u00f3n que para m\u00ed es un muy buen interno zurdo que ven\u00eda con algunas molestias y creo que puede ser importante para el equipo. Por suerte tenemos a todo el plantel a disposici\u00f3n\u00bb.<\/p>\n<h2>LOS \u00c1RBITROS<\/h2>\n<p>El \u00e1rbitro principal para For Ever- Gimnasia y tiro de Salta ser\u00e1 Adri\u00e1n Franklin, asistido por Emanuel Serale y Mat\u00edas Balmaceda. El cuarto \u00e1rbitro: Dar\u00edo Sandoval.<\/p>\n<p><em><strong>Fuente: Diario NORTE<\/strong><\/em><\/p>\n<p><img loading=\"lazy\" decoding=\"async\" class=\"size-full wp-image-9671 aligncenter\" src=\"https:\/\/www.sportchaco.com.ar\/wp-content\/uploads\/2024\/05\/Nachec1-200x200-1.gif\" alt=\"\" width=\"200\" height=\"200\" \/><\/p>\n","protected":false},"excerpt":{"rendered":"<p>20-06-2024 El entrenador de For Ever, Ra\u00fal Valdez, valor\u00f3 la llegada de los tres refuerzos para el plantel que milita en la Primera Nacional de f\u00fatbol. El \u00abNegro\u00bb busca un delantero m\u00e1s mientras trabaja con la mira puesta en el compromiso del domingo, a las 16, cuando reciba a Gimnasia y Tiro de Salta por &hellip;<\/p>\n","protected":false},"author":3,"featured_media":10747,"comment_status":"open","ping_status":"open","sticky":false,"template":"","format":"standard","meta":{"footnotes":""},"categories":[5],"tags":[],"class_list":["post-10746","post","type-post","status-publish","format-standard","has-post-thumbnail","hentry","category-futbol"],"_links":{"self":[{"href":"https:\/\/www.sportchaco.com.ar\/index.php?rest_route=\/wp\/v2\/posts\/10746","targetHints":{"allow":["GET"]}}],"collection":[{"href":"https:\/\/www.sportchaco.com.ar\/index.php?rest_route=\/wp\/v2\/posts"}],"about":[{"href":"https:\/\/www.sportchaco.com.ar\/index.php?rest_route=\/wp\/v2\/types\/post"}],"author":[{"embeddable":true,"href":"https:\/\/www.sportchaco.com.ar\/index.php?rest_route=\/wp\/v2\/users\/3"}],"replies":[{"embeddable":true,"href":"https:\/\/www.sportchaco.com.ar\/index.php?rest_route=%2Fwp%2Fv2%2Fcomments&post=10746"}],"version-history":[{"count":1,"href":"https:\/\/www.sportchaco.com.ar\/index.php?rest_route=\/wp\/v2\/posts\/10746\/revisions"}],"predecessor-version":[{"id":10748,"href":"https:\/\/www.sportchaco.com.ar\/index.php?rest_route=\/wp\/v2\/posts\/10746\/revisions\/10748"}],"wp:featuredmedia":[{"embeddable":true,"href":"https:\/\/www.sportchaco.com.ar\/index.php?rest_route=\/wp\/v2\/media\/10747"}],"wp:attachment":[{"href":"https:\/\/www.sportchaco.com.ar\/index.php?rest_route=%2Fwp%2Fv2%2Fmedia&parent=10746"}],"wp:term":[{"taxonomy":"category","embeddable":true,"href":"https:\/\/www.sportchaco.com.ar\/index.php?rest_route=%2Fwp%2Fv2%2Fcategories&post=10746"},{"taxonomy":"post_tag","embeddable":true,"href":"https:\/\/www.sportchaco.com.ar\/index.php?rest_route=%2Fwp%2Fv2%2Ftags&post=10746"}],"curies":[{"name":"wp","href":"https:\/\/api.w.org\/{rel}","templated":true}]}}