{"id":10779,"date":"2024-06-20T18:43:28","date_gmt":"2024-06-20T21:43:28","guid":{"rendered":"https:\/\/www.sportchaco.com.ar\/?p=10779"},"modified":"2024-06-20T18:45:43","modified_gmt":"2024-06-20T21:45:43","slug":"martin-cabral-vuelve-a-ser-dt-de-for-ever-en-la-liga-chaquena","status":"publish","type":"post","link":"https:\/\/www.sportchaco.com.ar\/?p=10779","title":{"rendered":"Mart\u00edn Cabral vuelve a ser DT de For Ever en la Liga Chaque\u00f1a"},"content":{"rendered":"<p><strong>20-06-2024<\/strong><\/p>\n<p>Este jueves, en las instalaciones del predio San Diego, Mart\u00edn Cabral fue anunciado y comenz\u00f3 a trabajar un nuevo ciclo como director t\u00e9cnico del plantel de la primera divisi\u00f3n local de Chaco For Ever.<\/p>\n<p>Ser\u00e1 el 3\u00b0 DT del \u00abnegro\u00bb en este a\u00f1o luego de las salidas de Santiago Godoy y Pablo R\u00edos. Debutar\u00e1 el s\u00e1bado, a las 15:30, cuando visite a Deportivo Itat\u00ed en cancha de San Fernando.<\/p>\n<p>fue presentado por el presidente, H\u00e9ctor G\u00f3mez, junto al tesorero Ricardo Dur\u00e9, quienes le dieron la bienvenida al nuevo entrenador frente a los jugadores.<\/p>\n<p>El DT estar\u00e1 acompa\u00f1ado por Natalio Segovia, c\u00f3mo preparador f\u00edsico, Santiago Ojeda, coordinador de f\u00fatbol formativo y Diego Lezcano, ayudante de campo.<\/p>\n<p><img loading=\"lazy\" decoding=\"async\" class=\"size-medium wp-image-10651 aligncenter\" src=\"https:\/\/www.sportchaco.com.ar\/wp-content\/uploads\/2024\/06\/Mosquitos-3-2-300x300.jpg\" alt=\"\" width=\"300\" height=\"300\" srcset=\"https:\/\/www.sportchaco.com.ar\/wp-content\/uploads\/2024\/06\/Mosquitos-3-2-300x300.jpg 300w, https:\/\/www.sportchaco.com.ar\/wp-content\/uploads\/2024\/06\/Mosquitos-3-2-1024x1024.jpg 1024w, https:\/\/www.sportchaco.com.ar\/wp-content\/uploads\/2024\/06\/Mosquitos-3-2-150x150.jpg 150w, https:\/\/www.sportchaco.com.ar\/wp-content\/uploads\/2024\/06\/Mosquitos-3-2-768x768.jpg 768w, https:\/\/www.sportchaco.com.ar\/wp-content\/uploads\/2024\/06\/Mosquitos-3-2.jpg 1440w\" sizes=\"auto, (max-width: 300px) 100vw, 300px\" \/><\/p>\n","protected":false},"excerpt":{"rendered":"<p>20-06-2024 Este jueves, en las instalaciones del predio San Diego, Mart\u00edn Cabral fue anunciado y comenz\u00f3 a trabajar un nuevo ciclo como director t\u00e9cnico del plantel de la primera divisi\u00f3n local de Chaco For Ever. Ser\u00e1 el 3\u00b0 DT del \u00abnegro\u00bb en este a\u00f1o luego de las salidas de Santiago Godoy y Pablo R\u00edos. Debutar\u00e1 &hellip;<\/p>\n","protected":false},"author":5,"featured_media":10780,"comment_status":"open","ping_status":"open","sticky":false,"template":"","format":"standard","meta":{"footnotes":""},"categories":[5],"tags":[],"class_list":["post-10779","post","type-post","status-publish","format-standard","has-post-thumbnail","hentry","category-futbol"],"_links":{"self":[{"href":"https:\/\/www.sportchaco.com.ar\/index.php?rest_route=\/wp\/v2\/posts\/10779","targetHints":{"allow":["GET"]}}],"collection":[{"href":"https:\/\/www.sportchaco.com.ar\/index.php?rest_route=\/wp\/v2\/posts"}],"about":[{"href":"https:\/\/www.sportchaco.com.ar\/index.php?rest_route=\/wp\/v2\/types\/post"}],"author":[{"embeddable":true,"href":"https:\/\/www.sportchaco.com.ar\/index.php?rest_route=\/wp\/v2\/users\/5"}],"replies":[{"embeddable":true,"href":"https:\/\/www.sportchaco.com.ar\/index.php?rest_route=%2Fwp%2Fv2%2Fcomments&post=10779"}],"version-history":[{"count":2,"href":"https:\/\/www.sportchaco.com.ar\/index.php?rest_route=\/wp\/v2\/posts\/10779\/revisions"}],"predecessor-version":[{"id":10782,"href":"https:\/\/www.sportchaco.com.ar\/index.php?rest_route=\/wp\/v2\/posts\/10779\/revisions\/10782"}],"wp:featuredmedia":[{"embeddable":true,"href":"https:\/\/www.sportchaco.com.ar\/index.php?rest_route=\/wp\/v2\/media\/10780"}],"wp:attachment":[{"href":"https:\/\/www.sportchaco.com.ar\/index.php?rest_route=%2Fwp%2Fv2%2Fmedia&parent=10779"}],"wp:term":[{"taxonomy":"category","embeddable":true,"href":"https:\/\/www.sportchaco.com.ar\/index.php?rest_route=%2Fwp%2Fv2%2Fcategories&post=10779"},{"taxonomy":"post_tag","embeddable":true,"href":"https:\/\/www.sportchaco.com.ar\/index.php?rest_route=%2Fwp%2Fv2%2Ftags&post=10779"}],"curies":[{"name":"wp","href":"https:\/\/api.w.org\/{rel}","templated":true}]}}