{"id":10823,"date":"2024-06-22T23:06:55","date_gmt":"2024-06-23T02:06:55","guid":{"rendered":"https:\/\/www.sportchaco.com.ar\/?p=10823"},"modified":"2024-06-24T18:47:45","modified_gmt":"2024-06-24T21:47:45","slug":"victorias-de-regional-y-fontana","status":"publish","type":"post","link":"https:\/\/www.sportchaco.com.ar\/?p=10823","title":{"rendered":"Victorias de Regional y Fontana"},"content":{"rendered":"<div class=\"row\">\n<div class=\"col-lg-6 col-sm-6 col-6 fecha\"><strong>22\/06\/2024<\/strong><\/div>\n<\/div>\n<div><\/div>\n<div><img loading=\"lazy\" decoding=\"async\" class=\"size-medium wp-image-6744 aligncenter\" src=\"https:\/\/www.sportchaco.com.ar\/wp-content\/uploads\/2024\/02\/aVISO-2-300x50.jpeg\" alt=\"\" width=\"300\" height=\"50\" srcset=\"https:\/\/www.sportchaco.com.ar\/wp-content\/uploads\/2024\/02\/aVISO-2-300x50.jpeg 300w, https:\/\/www.sportchaco.com.ar\/wp-content\/uploads\/2024\/02\/aVISO-2-1024x171.jpeg 1024w, https:\/\/www.sportchaco.com.ar\/wp-content\/uploads\/2024\/02\/aVISO-2-768x128.jpeg 768w, https:\/\/www.sportchaco.com.ar\/wp-content\/uploads\/2024\/02\/aVISO-2.jpeg 1200w\" sizes=\"auto, (max-width: 300px) 100vw, 300px\" \/><\/div>\n<h1>\u201cResi\u201d fue el due\u00f1o del cl\u00e1sico ante Regional<\/h1>\n<p class=\"bajada\">Fue goleada por 3 a 0 en Villa Mar\u00edn ante el \u00abExpreso\u00bb. Barberis, Cristian Fern\u00e1ndez y Sergio Cort\u00e9s fueron los autores de los tantos. El \u00abAlbo\u00bb ahora comparte la tercera ubicaci\u00f3n, aunque sigue a once puntos del l\u00edder. Lo derrot\u00f3 de manera ajustada por 2 a 1.\u00a0 Fontana se llev\u00f3 la gran alegr\u00eda en su casa al vencer por 2 a 1 a San Mart\u00edn de Margarita Bel\u00e9n, en juego de la 9\u00aa fecha de la \u201cA\u201d liguista de f\u00fatbol. Caba\u00f1a y Paniagua los goles del local, descont\u00f3 Alvarenga. El equipo de \u201cJuanma\u201d Franco trep\u00f3 a los 14 puntos, pero sigue lejos de la cima (a 11 de Defensores).<\/p>\n<figure class=\"\"><\/figure>\n<p class=\"epigrafe \"><strong><i class=\"fas fa-camera\" aria-hidden=\"true\"><\/i>Foto portada:\u00a0 Maximiliano Barberis (con la pelota), seguido por C\u00e1ceres y Z\u00e1rate. Al costado, Luciano Monz\u00f3n. Resistencia gan\u00f3 3-0 (foto: gentileza Jorge Flores, diario Norte).<\/strong><\/p>\n<p>\u00a0 Resistencia Central gole\u00f3 por 3 a 0 a Regional en el cl\u00e1sico jugado ayer en Villa Mar\u00edn por la 9\u00aa fecha de la \u201cA\u201d liguista de f\u00fatbol. Maximiliano Barberis, Cristian Fern\u00e1ndez y Sergio Cort\u00e9s los goles de una \u201calbo\u201d que trep\u00f3 a los 14 puntos pero sigue lejos de la cima (a 11 unidades de Defensores).<\/p>\n<p><b>EL PARTIDO (Cr\u00f3nica: Francisco Gural, para diario Norte)<br \/>\n<\/b>Los primeros minutos los manej\u00f3 Regional. Tuvo la pelota y busc\u00f3 ser profundo y vertical para lograr la ventaja ante un \u201cResi\u201d que esper\u00f3 para salir. Conforme pasaron los minutos, el equipo de \u201cRoly\u201d L\u00f3pez mejor\u00f3 y a los 23\u2019, tras un centro de Fern\u00e1ndez, la baj\u00f3 Monz\u00f3n y remat\u00f3 Maximiliano Barberis para el 1-0 del \u201calbo\u201d.<\/p>\n<p>Resistencia recuper\u00f3 el juego en mitad de cancha y quiso llegar al segundo. Regional quer\u00eda copar las bandas, salir r\u00e1pido y atacar pero no pudo ser certero en los \u00faltimos metros. Sobre el cierre del primer tiempo, Cort\u00e9s habilit\u00f3 a Cristian Fern\u00e1ndez que remat\u00f3 ante la salida del arquero y puso el 2 a 0 para el local.<\/p>\n<p>Ya en el segundo tiempo, el \u201cexpreso\u201d tuvo m\u00e1s transiciones y buen juego ante un \u201calbo\u201d que se sab\u00eda con una buena ventaja. Lo tuvieron Jos\u00e9 Valdez para la visita (lo taparon justo) y Fern\u00e1ndez para el local (contuvo Gonz\u00e1lez). Regional sigui\u00f3 intentando pero perdi\u00f3 claridad. Y Resistencia fall\u00f3 en los \u00faltimos metros. Hasta que en el minuto 46 Sergio \u201cHuevo\u201d Cort\u00e9s le gan\u00f3 en las alturas al \u201c1\u201d de Regional y cabece\u00f3 para redondear el justo 3-0.<\/p>\n<p><b>S\u00cdNTESIS<\/b><br \/>\n<b>RCIA. CENTRAL 3:\u00a0<\/b>Gabriel S\u00e1nchez; Marcelo Alderete, Gerardo Sandoval, Kevin Medina y Franco Valdez; Maximiliano Barberis, Gabriel Valdez, Luciano Monz\u00f3n y Cristian Fern\u00e1ndez; Facundo Fern\u00e1ndez y Luis G\u00f3mez.\u00a0<b>DT:\u00a0<\/b>Rolando L\u00f3pez.<br \/>\n<b>REGIONAL 0:\u00a0<\/b>Rodrigo Gonz\u00e1lez; Axel Mendoza, Nicol\u00e1s Bernasconi, Fernando Espinoza e Iv\u00e1n Z\u00e1rate; Nicol\u00e1s Gamarra, Facundo C\u00e1ceres y Pablo Cravero; Jos\u00e9 Valdez, Rodrigo Mart\u00ednez y Max Pared.\u00a0<b>DT:<\/b>\u00a0Jos\u00e9 M. Fern\u00e1ndez.<br \/>\n<b>Goles:<\/b>\u00a023PT Maximiliano Barberis (RC); 46PT Cristian Fern\u00e1ndez (RC). 46ST Sergio Cort\u00e9s (RC).<br \/>\n<b>Cambios:<\/b>\u00a031PT Sergio Cort\u00e9s por L. G\u00f3mez (RC). Inicio ST V\u00edctor Peralta por P. Cravero (R) y Federico Fleitas por R. Mart\u00ednez (R); 18ST Gast\u00f3n Esp\u00ednola por F. C\u00e1ceres (R); 20ST Santiago Centuri\u00f3n por M. Barberis (RC) y Roque Villaslova por G. Valdez (RC); 27ST David Quintana por C. Fern\u00e1ndez (RC).<br \/>\n<b>\u00c1rbitro:\u00a0<\/b>Dami\u00e1n Amarilla.\u00a0<b>Asistentes:\u00a0<\/b>Mar\u00eda S. R\u00edos y Maximiliano Zamudio.<b>\u00a0Estadio:<\/b>\u00a0Baltasar Colombo, de Rcia. Central.\u00a0<b>Tercera:<\/b>\u00a0Rcia. Central 1- Regional 0.<\/p>\n<h1>Fontana sum\u00f3 de a tres ante San Mart\u00edn<\/h1>\n<p class=\"bajada\">Lo derrot\u00f3 de manera ajustada por 2 a 1. Mat\u00edas Caba\u00f1a y Alejandro Paniagua adelantaron al \u00abTaninero\u00bb, mientras que Alvarenga descont\u00f3 en la visita. Tres puntos para Fontana que se ubica tercero, aunque bastante lejos de la punta.<\/p>\n<figure class=\"\"><img decoding=\"async\" class=\"img-fluid m-auto d-block aligncenter\" src=\"https:\/\/entretiempo.info\/vista\/fotos\/246222852.jpg\" alt=\"\" \/><\/figure>\n<p class=\"epigrafe \"><i class=\"fas fa-camera\" aria-hidden=\"true\"><\/i>\u00a0La foto protocolar de capitanes y terna arbitral previa a lo que fue victoria de Fontana. (Foto: gentileza Soy de Fontana)<\/p>\n<p>\u00a0 Fontana se llev\u00f3 la gran alegr\u00eda en su casa al vencer por 2 a 1 a San Mart\u00edn de Margarita Bel\u00e9n, en juego de la 9\u00aa fecha de la \u201cA\u201d liguista de f\u00fatbol. Caba\u00f1a y Paniagua los goles del local, descont\u00f3 Alvarenga. El equipo de \u201cJuanma\u201d Franco trep\u00f3 a los 14 puntos, pero sigue lejos de la cima (a 11 de Defensores).<\/p>\n<p><b>Facundo Bruno.<\/b><\/p>\n<p><b>S\u00cdNTESIS<\/b><br \/>\n<b>FONTANA 2:\u00a0<\/b>Hugo Romero; Lucas L\u00f3pez, Joaqu\u00edn Cardozo, Daniel Villalba y Mat\u00edas Alderete; Gabriel Aguirre, Nicol\u00e1s L\u00f3pez, William Sosa y Alejandro Paniagua; Mat\u00edas Q. Caba\u00f1a e Ivan Leguizam\u00f3n.\u00a0<b>DT:<\/b>\u00a0Juan Franco.<br \/>\n<b>SAN MART\u00cdN 1:\u00a0<\/b>Cristian Molina; Lautaro Rocha, Danilo Gallardo, Javier Barlessi y Gustavo Morales; Nahuel Encina, Guido Garc\u00eda, Lucas Oviedo y Luciano Herrera; Rito Duarte y Tomas Ortiz.\u00a0<b>DT:<\/b>\u00a0Rolando Ricardone.<br \/>\n<b>Goles:\u00a0<\/b>39PT Mat\u00edas Q. Caba\u00f1a (F). 25ST Alejandro Paniagua (F); 30T Juan Alvarenga (SM).<br \/>\n<b>Cambios:<\/b>\u00a0inicio Juan Ar\u00e9valo y Juan Alvarenga por Oviedo y Herrera (SM); 20ST Toribio Ortiz por Barlessi (SM); 25ST Carlos Gonz\u00e1lez y Tiago Ben\u00edtez por T. Ortiz y Rocha (SM), 32ST Axel Ortiz por N. L\u00f3pez (F); 39ST Leandro Rivero por Leguizam\u00f3n (F).<br \/>\n<b>\u00c1rbitro:\u00a0<\/b>Sebasti\u00e1n Ver\u00f3n.\u00a0<b>Asistentes:<\/b>\u00a0Diego Mitoire y Hern\u00e1n Torales.\u00a0<b>Cancha:<\/b>\u00a0Fontana.\u00a0<b>Tercera:<\/b>\u00a0Fontana 3- San Mart\u00edn 0.<\/p>\n<p><img loading=\"lazy\" decoding=\"async\" class=\"alignnone size-medium wp-image-10821 aligncenter\" src=\"https:\/\/www.sportchaco.com.ar\/wp-content\/uploads\/2024\/06\/Gobierno-paisaje-1-300x116.png\" alt=\"\" width=\"300\" height=\"116\" srcset=\"https:\/\/www.sportchaco.com.ar\/wp-content\/uploads\/2024\/06\/Gobierno-paisaje-1-300x116.png 300w, https:\/\/www.sportchaco.com.ar\/wp-content\/uploads\/2024\/06\/Gobierno-paisaje-1-768x297.png 768w, https:\/\/www.sportchaco.com.ar\/wp-content\/uploads\/2024\/06\/Gobierno-paisaje-1.png 800w\" sizes=\"auto, (max-width: 300px) 100vw, 300px\" \/><\/p>\n","protected":false},"excerpt":{"rendered":"<p>22\/06\/2024 \u201cResi\u201d fue el due\u00f1o del cl\u00e1sico ante Regional Fue goleada por 3 a 0 en Villa Mar\u00edn ante el \u00abExpreso\u00bb. Barberis, Cristian Fern\u00e1ndez y Sergio Cort\u00e9s fueron los autores de los tantos. El \u00abAlbo\u00bb ahora comparte la tercera ubicaci\u00f3n, aunque sigue a once puntos del l\u00edder. Lo derrot\u00f3 de manera ajustada por 2 a &hellip;<\/p>\n","protected":false},"author":2,"featured_media":10824,"comment_status":"open","ping_status":"open","sticky":false,"template":"","format":"standard","meta":{"footnotes":""},"categories":[5],"tags":[],"class_list":["post-10823","post","type-post","status-publish","format-standard","has-post-thumbnail","hentry","category-futbol"],"_links":{"self":[{"href":"https:\/\/www.sportchaco.com.ar\/index.php?rest_route=\/wp\/v2\/posts\/10823","targetHints":{"allow":["GET"]}}],"collection":[{"href":"https:\/\/www.sportchaco.com.ar\/index.php?rest_route=\/wp\/v2\/posts"}],"about":[{"href":"https:\/\/www.sportchaco.com.ar\/index.php?rest_route=\/wp\/v2\/types\/post"}],"author":[{"embeddable":true,"href":"https:\/\/www.sportchaco.com.ar\/index.php?rest_route=\/wp\/v2\/users\/2"}],"replies":[{"embeddable":true,"href":"https:\/\/www.sportchaco.com.ar\/index.php?rest_route=%2Fwp%2Fv2%2Fcomments&post=10823"}],"version-history":[{"count":3,"href":"https:\/\/www.sportchaco.com.ar\/index.php?rest_route=\/wp\/v2\/posts\/10823\/revisions"}],"predecessor-version":[{"id":10888,"href":"https:\/\/www.sportchaco.com.ar\/index.php?rest_route=\/wp\/v2\/posts\/10823\/revisions\/10888"}],"wp:featuredmedia":[{"embeddable":true,"href":"https:\/\/www.sportchaco.com.ar\/index.php?rest_route=\/wp\/v2\/media\/10824"}],"wp:attachment":[{"href":"https:\/\/www.sportchaco.com.ar\/index.php?rest_route=%2Fwp%2Fv2%2Fmedia&parent=10823"}],"wp:term":[{"taxonomy":"category","embeddable":true,"href":"https:\/\/www.sportchaco.com.ar\/index.php?rest_route=%2Fwp%2Fv2%2Fcategories&post=10823"},{"taxonomy":"post_tag","embeddable":true,"href":"https:\/\/www.sportchaco.com.ar\/index.php?rest_route=%2Fwp%2Fv2%2Ftags&post=10823"}],"curies":[{"name":"wp","href":"https:\/\/api.w.org\/{rel}","templated":true}]}}