{"id":10826,"date":"2024-06-22T23:16:08","date_gmt":"2024-06-23T02:16:08","guid":{"rendered":"https:\/\/www.sportchaco.com.ar\/?p=10826"},"modified":"2024-06-22T23:17:38","modified_gmt":"2024-06-23T02:17:38","slug":"corbalan-luga-y-conradi-en-la-seleccion-de-jovenes-talentos","status":"publish","type":"post","link":"https:\/\/www.sportchaco.com.ar\/?p=10826","title":{"rendered":"Corbal\u00e1n, Lugo y Conradi en la selecci\u00f3n de j\u00f3venes talentos"},"content":{"rendered":"<p>&nbsp;<\/p>\n<p>Tras una semana de entrenamientos en Buenos Aires, el cuerpo t\u00e9cnico de la Selecci\u00f3n Argentina defini\u00f3 los 12 jugadores que viajar\u00e1n a M\u00e9xico para disputar tres partidos amistosos. Esta Selecci\u00f3n Argentina con j\u00f3venes talentos que son presente y futuro del equipo mayor enfrentar\u00e1 al local, que se prepara para el Clasificatorio Ol\u00edmpico.<\/p>\n<p>Ante la baja de Marcus Adams Jr. (sindrome gripal) y M\u00e1ximo Adams (gonalgia derecha), el entrenador Herman Mandole defini\u00f3 que Francisco Conrradi, uno de los cuatro jugadores invitados a los entrenamientos, y Sebasti\u00e1n Lugo, quien se sum\u00f3 en la tarde del jueves, completen la lista de 12 que viajar\u00e1 a Ciudad de M\u00e9xico el s\u00e1bado por la noche. M\u00e1ximo Milovich, Bautista Giralt y St\u00e9fano Alesso entrenaron durante toda la semana como invitados y ya fueron desafectados.<\/p>\n<p>Los tres partidos se disputar\u00e1n el lunes 24 (Ciudad Ju\u00e1rez), martes 25 (Chihuahua) y s\u00e1bado 29 (Ciudad de M\u00e9xico). En Argentina podr\u00e1n seguirse en vivo a trav\u00e9s de B\u00e1squet Pass.<\/p>\n<p>Una vez terminada esta Gira, tanto Juan Ignacio Marcos como Juan Fern\u00e1ndez ya fueron convocados por Pablo Prigioni, Head Coach de la Selecci\u00f3n Mayor, para los entrenamientos y amistosos del primer equipo en Europa. A estos jugadores podr\u00e1n sumarse otros 4 provenientes de la Selecci\u00f3n de j\u00f3venes talentos.<\/p>\n<p>LOS CONVOCADOS<\/p>\n<p>\u2022 Aaliya, Lee (2004 &#8211; Palmer Basket Mallorca, Espa\u00f1a)<br \/>\n\u2022 Bocca, Juan (2005- Monbus Obradoiro, Espa\u00f1a)<br \/>\n\u2022 Bressan, Gonzalo (2001 &#8211; TAU Castell\u00f3, Espa\u00f1a)<br \/>\n\u2022 Chapero, Tom\u00e1s (2001 \u2013 Obras Sanitarias)<br \/>\n\u2022 Conrradi, Francisco (2003 \u2013 San Lorenzo, Argentina)<br \/>\n\u2022 Corbal\u00e1n, Gonzalo (2002 &#8211; San Pablo Burgos, Espa\u00f1a)<br \/>\n\u2022 Farabello, Francisco (2000 &#8211; Creighton University, Estados Unidos) *\u00faltimo club<br \/>\n\u2022 Fern\u00e1ndez, Juan (2002 &#8211; CB Breog\u00e1n, Espa\u00f1a)<br \/>\n\u2022 Giovanetti, Lucas (2005 &#8211; Movistar Estudiantes, Espa\u00f1a)<br \/>\n\u2022 Lugo, Sebasti\u00e1n (1998 \u2013 San Lorenzo, Argentina)<br \/>\n\u2022 Marcos, Juan Ignacio (2000 &#8211; B\u00e1squet Girona, Espa\u00f1a)<br \/>\n\u2022 Trouet, Santiago (2004 &#8211; University of San Diego, Estados Unidos)<\/p>\n<p>STAFF<\/p>\n<p>\u2022 Entrenador: Herman Mandole<br \/>\n\u2022 Asistente: Mart\u00edn Villagr\u00e1n<br \/>\n\u2022 Asistente: Federico Fern\u00e1ndez<br \/>\n\u2022 Asistente: Tom\u00e1s Lamas<br \/>\n\u2022 Preparador F\u00edsico: Rafael L\u00faquez<br \/>\n\u2022 M\u00e9dico: Mariano Del\u00eda<br \/>\n\u2022 Kinesi\u00f3logo: Mario Pi\u00f1eiro<br \/>\n\u2022 Utilero: Facundo Vartanian<br \/>\n\u2022 Team Manager: Agustina Smaniotti<\/p>\n<p>&nbsp;<\/p>\n<p><strong>Foto portada: Ultimo entrenamiento con la presencia de Gonzalo Corbal\u00e1n<\/strong><\/p>\n<p>&nbsp;<\/p>\n<p style=\"text-align: center;\"><img loading=\"lazy\" decoding=\"async\" class=\"alignnone size-medium wp-image-10821\" src=\"https:\/\/www.sportchaco.com.ar\/wp-content\/uploads\/2024\/06\/Gobierno-paisaje-1-300x116.png\" alt=\"\" width=\"300\" height=\"116\" srcset=\"https:\/\/www.sportchaco.com.ar\/wp-content\/uploads\/2024\/06\/Gobierno-paisaje-1-300x116.png 300w, https:\/\/www.sportchaco.com.ar\/wp-content\/uploads\/2024\/06\/Gobierno-paisaje-1-768x297.png 768w, https:\/\/www.sportchaco.com.ar\/wp-content\/uploads\/2024\/06\/Gobierno-paisaje-1.png 800w\" sizes=\"auto, (max-width: 300px) 100vw, 300px\" \/><\/p>\n","protected":false},"excerpt":{"rendered":"<p>&nbsp; Tras una semana de entrenamientos en Buenos Aires, el cuerpo t\u00e9cnico de la Selecci\u00f3n Argentina defini\u00f3 los 12 jugadores que viajar\u00e1n a M\u00e9xico para disputar tres partidos amistosos. Esta Selecci\u00f3n Argentina con j\u00f3venes talentos que son presente y futuro del equipo mayor enfrentar\u00e1 al local, que se prepara para el Clasificatorio Ol\u00edmpico. Ante la &hellip;<\/p>\n","protected":false},"author":2,"featured_media":10827,"comment_status":"open","ping_status":"open","sticky":false,"template":"","format":"standard","meta":{"footnotes":""},"categories":[3],"tags":[],"class_list":["post-10826","post","type-post","status-publish","format-standard","has-post-thumbnail","hentry","category-basquetbol"],"_links":{"self":[{"href":"https:\/\/www.sportchaco.com.ar\/index.php?rest_route=\/wp\/v2\/posts\/10826","targetHints":{"allow":["GET"]}}],"collection":[{"href":"https:\/\/www.sportchaco.com.ar\/index.php?rest_route=\/wp\/v2\/posts"}],"about":[{"href":"https:\/\/www.sportchaco.com.ar\/index.php?rest_route=\/wp\/v2\/types\/post"}],"author":[{"embeddable":true,"href":"https:\/\/www.sportchaco.com.ar\/index.php?rest_route=\/wp\/v2\/users\/2"}],"replies":[{"embeddable":true,"href":"https:\/\/www.sportchaco.com.ar\/index.php?rest_route=%2Fwp%2Fv2%2Fcomments&post=10826"}],"version-history":[{"count":2,"href":"https:\/\/www.sportchaco.com.ar\/index.php?rest_route=\/wp\/v2\/posts\/10826\/revisions"}],"predecessor-version":[{"id":10829,"href":"https:\/\/www.sportchaco.com.ar\/index.php?rest_route=\/wp\/v2\/posts\/10826\/revisions\/10829"}],"wp:featuredmedia":[{"embeddable":true,"href":"https:\/\/www.sportchaco.com.ar\/index.php?rest_route=\/wp\/v2\/media\/10827"}],"wp:attachment":[{"href":"https:\/\/www.sportchaco.com.ar\/index.php?rest_route=%2Fwp%2Fv2%2Fmedia&parent=10826"}],"wp:term":[{"taxonomy":"category","embeddable":true,"href":"https:\/\/www.sportchaco.com.ar\/index.php?rest_route=%2Fwp%2Fv2%2Fcategories&post=10826"},{"taxonomy":"post_tag","embeddable":true,"href":"https:\/\/www.sportchaco.com.ar\/index.php?rest_route=%2Fwp%2Fv2%2Ftags&post=10826"}],"curies":[{"name":"wp","href":"https:\/\/api.w.org\/{rel}","templated":true}]}}