{"id":10830,"date":"2024-06-22T23:24:46","date_gmt":"2024-06-23T02:24:46","guid":{"rendered":"https:\/\/www.sportchaco.com.ar\/?p=10830"},"modified":"2024-06-22T23:25:34","modified_gmt":"2024-06-23T02:25:34","slug":"efemerides-del-23-de-junio","status":"publish","type":"post","link":"https:\/\/www.sportchaco.com.ar\/?p=10830","title":{"rendered":"Efem\u00e9rides del 23 de junio"},"content":{"rendered":"<p><strong>Esta es la Efem\u00e9rides del Deporte en el Chaco de un 23 de junio del periodista Luis Dar\u00edo Molodezky.<\/strong><\/p>\n<p>&nbsp;<\/p>\n<p><strong><em>\u00a0<\/em><\/strong><\/p>\n<p><img loading=\"lazy\" decoding=\"async\" class=\"alignnone size-medium wp-image-10790\" src=\"https:\/\/www.sportchaco.com.ar\/wp-content\/uploads\/2024\/06\/Luis-Molodezky-210x300.jpg\" alt=\"\" width=\"210\" height=\"300\" srcset=\"https:\/\/www.sportchaco.com.ar\/wp-content\/uploads\/2024\/06\/Luis-Molodezky-210x300.jpg 210w, https:\/\/www.sportchaco.com.ar\/wp-content\/uploads\/2024\/06\/Luis-Molodezky.jpg 275w\" sizes=\"auto, (max-width: 210px) 100vw, 210px\" \/><\/p>\n<p>&nbsp;<\/p>\n<p><strong>1932 \/<\/strong> Nace en San Telmo, Roberto Garc\u00eda, conocido en el ambiente del automovilismo como el Sargento Garc\u00eda.\u00a0 Tras pasar por distintos talleres del Gran Buenos Aires, llega a Resistencia en la d\u00e9cada el \u201960. Trabaj\u00f3 con autos de calle hasta que se meti\u00f3 en el mundo del automovilismo deportivo trabajando e la rectificadora de Adelquis Facal. Se suma al Zonal trabajando con Borchichi, atendiendo autos de punta como el 128 de Szymanski, el Torino de Rabino y el Peugeot 504 del \u201cTurco\u201d Mehechen, entre otros. En la d\u00e9cada del \u201980 muchos autos ya ten\u00edan la atenci\u00f3n exclusiva del Sargento. As\u00ed fue creciendo su prestigio y acompa\u00f1ado de su secretario \u201cRamoncito\u201d. En 2011 se dedic\u00f3 al Rally atendiendo autos del Nea en ZTT, hasta que la muerte lo sorprendi\u00f3 un 1 de octubre de ese a\u00f1o.<\/p>\n<p><strong>1982 \/<\/strong> Con 29 a\u00f1os asume como presidente del C\u00edrculo de Periodistas Deportivos del Chaco Luis Dar\u00edo Molodezky, en el primero de sus seis mandatos. Esa fue la tercera y definitiva fundaci\u00f3n, porque la primera tuvo lugar el 7 de mayo de 1973 con Edison Omar Rodr\u00edguez como presidente y la segunda en 1977 con Emilio Miguel Lagranja. Ese mismo a\u00f1o se realiza en el mes de diciembre se realiz\u00f3 la Primera Fiesta Anual del Deporte que se prolong\u00f3 a lo largo de los a\u00f1os. Integraron adem\u00e1s esa CD Edison Omar Rodr\u00edguez como vicepresidente, secretario Jorge Luis Altamirano, secretario de actas Julio Ramos, tesorero Ricardo Na\u00f3n, protesorero Jos\u00e9 R. Romero y los vocales Julio Silgueiro, Emilio M. Lagranja, Jorge Diel, Pedro Mart\u00edn Vera, Arnaldo Federico Bejarano, Ram\u00f3n Gonz\u00e1lez y Ram\u00f3n Ben\u00edtez. Revisores de Cuentas Luis Fiori\u00a0 y Rolando Moro. Tribunal de Honor Alejandro Leonel Cardozo, Pablo Sansone y Carlos Obreg\u00f3n. Asesor General Pedro Enrique Zeinsteger.<\/p>\n<p><img loading=\"lazy\" decoding=\"async\" class=\"alignnone wp-image-10832\" src=\"https:\/\/www.sportchaco.com.ar\/wp-content\/uploads\/2024\/06\/Molodezky-pte-circulo-1982-157x300.jpg\" alt=\"\" width=\"181\" height=\"346\" srcset=\"https:\/\/www.sportchaco.com.ar\/wp-content\/uploads\/2024\/06\/Molodezky-pte-circulo-1982-157x300.jpg 157w, https:\/\/www.sportchaco.com.ar\/wp-content\/uploads\/2024\/06\/Molodezky-pte-circulo-1982.jpg 517w\" sizes=\"auto, (max-width: 181px) 100vw, 181px\" \/><\/p>\n<p><strong>2023 \/<\/strong> Fallece N\u00e9stor Carlen a los 79 a\u00f1os- Se inici\u00f3 en el Club de Regatas y luego jug\u00f3 en San Lorenzo, luego en Bah\u00eda Balnca. Fue el m\u00e1s joven integrante del equipo subcampe\u00f3n en el Argentino de Mendoza donde Chaco fue subcampe\u00f3n. A su regreso de Buenos Aires se incorpor\u00f3 a Villa donde termin\u00f3 su carrera jugando con su hermano Osvaldo.\u00a0 En el tricolor ocup\u00f3 varios puestos dirigenciales, culminando como presidente durante dos ciclos. Chiqui hab\u00eda nacido un 23 de septiembre de 1943<\/p>\n<p><strong>\u00a0Foto portada: Roberto \u00abSargento\u00bb Garc\u00eda<\/strong><\/p>\n<p>&nbsp;<\/p>\n<p>&nbsp;<\/p>\n<p style=\"text-align: center;\"><img loading=\"lazy\" decoding=\"async\" class=\"alignnone size-medium wp-image-10833\" src=\"https:\/\/www.sportchaco.com.ar\/wp-content\/uploads\/2024\/06\/gobierno-del-Chaco-300x297.jpg\" alt=\"\" width=\"300\" height=\"297\" srcset=\"https:\/\/www.sportchaco.com.ar\/wp-content\/uploads\/2024\/06\/gobierno-del-Chaco-300x297.jpg 300w, https:\/\/www.sportchaco.com.ar\/wp-content\/uploads\/2024\/06\/gobierno-del-Chaco-150x150.jpg 150w, https:\/\/www.sportchaco.com.ar\/wp-content\/uploads\/2024\/06\/gobierno-del-Chaco.jpg 442w\" sizes=\"auto, (max-width: 300px) 100vw, 300px\" \/><\/p>\n<p>&nbsp;<\/p>\n<p>&nbsp;<\/p>\n","protected":false},"excerpt":{"rendered":"<p>Esta es la Efem\u00e9rides del Deporte en el Chaco de un 23 de junio del periodista Luis Dar\u00edo Molodezky. &nbsp; \u00a0 &nbsp; 1932 \/ Nace en San Telmo, Roberto Garc\u00eda, conocido en el ambiente del automovilismo como el Sargento Garc\u00eda.\u00a0 Tras pasar por distintos talleres del Gran Buenos Aires, llega a Resistencia en la d\u00e9cada &hellip;<\/p>\n","protected":false},"author":2,"featured_media":10831,"comment_status":"open","ping_status":"open","sticky":false,"template":"","format":"standard","meta":{"footnotes":""},"categories":[45,36],"tags":[],"class_list":["post-10830","post","type-post","status-publish","format-standard","has-post-thumbnail","hentry","category-efemerides-dia-por-dia","category-junio"],"_links":{"self":[{"href":"https:\/\/www.sportchaco.com.ar\/index.php?rest_route=\/wp\/v2\/posts\/10830","targetHints":{"allow":["GET"]}}],"collection":[{"href":"https:\/\/www.sportchaco.com.ar\/index.php?rest_route=\/wp\/v2\/posts"}],"about":[{"href":"https:\/\/www.sportchaco.com.ar\/index.php?rest_route=\/wp\/v2\/types\/post"}],"author":[{"embeddable":true,"href":"https:\/\/www.sportchaco.com.ar\/index.php?rest_route=\/wp\/v2\/users\/2"}],"replies":[{"embeddable":true,"href":"https:\/\/www.sportchaco.com.ar\/index.php?rest_route=%2Fwp%2Fv2%2Fcomments&post=10830"}],"version-history":[{"count":2,"href":"https:\/\/www.sportchaco.com.ar\/index.php?rest_route=\/wp\/v2\/posts\/10830\/revisions"}],"predecessor-version":[{"id":10835,"href":"https:\/\/www.sportchaco.com.ar\/index.php?rest_route=\/wp\/v2\/posts\/10830\/revisions\/10835"}],"wp:featuredmedia":[{"embeddable":true,"href":"https:\/\/www.sportchaco.com.ar\/index.php?rest_route=\/wp\/v2\/media\/10831"}],"wp:attachment":[{"href":"https:\/\/www.sportchaco.com.ar\/index.php?rest_route=%2Fwp%2Fv2%2Fmedia&parent=10830"}],"wp:term":[{"taxonomy":"category","embeddable":true,"href":"https:\/\/www.sportchaco.com.ar\/index.php?rest_route=%2Fwp%2Fv2%2Fcategories&post=10830"},{"taxonomy":"post_tag","embeddable":true,"href":"https:\/\/www.sportchaco.com.ar\/index.php?rest_route=%2Fwp%2Fv2%2Ftags&post=10830"}],"curies":[{"name":"wp","href":"https:\/\/api.w.org\/{rel}","templated":true}]}}