{"id":10863,"date":"2024-06-23T23:03:24","date_gmt":"2024-06-24T02:03:24","guid":{"rendered":"https:\/\/www.sportchaco.com.ar\/?p=10863"},"modified":"2024-06-23T23:03:40","modified_gmt":"2024-06-24T02:03:40","slug":"efemerides-de4l-24-de-junio","status":"publish","type":"post","link":"https:\/\/www.sportchaco.com.ar\/?p=10863","title":{"rendered":"Efem\u00e9rides de4l 24 de junio"},"content":{"rendered":"<p><strong>Esta es la Efem\u00e9rides del Deporte en el Chaco de un 23 de junio del periodista Luis Dar\u00edo Molodezky.<\/strong><\/p>\n<p><strong> <img loading=\"lazy\" decoding=\"async\" class=\"alignnone size-medium wp-image-10790\" src=\"https:\/\/www.sportchaco.com.ar\/wp-content\/uploads\/2024\/06\/Luis-Molodezky-210x300.jpg\" alt=\"\" width=\"210\" height=\"300\" srcset=\"https:\/\/www.sportchaco.com.ar\/wp-content\/uploads\/2024\/06\/Luis-Molodezky-210x300.jpg 210w, https:\/\/www.sportchaco.com.ar\/wp-content\/uploads\/2024\/06\/Luis-Molodezky.jpg 275w\" sizes=\"auto, (max-width: 210px) 100vw, 210px\" \/><\/strong><\/p>\n<p><strong>\u00a0<\/strong><\/p>\n<p><strong>1935 \/ <\/strong>Naci\u00f3 en \u00c1rbol Solo, provincia del Chaco, Juan Carlos Rousselot, locutor de radio y tv, pol\u00edtico. En deportes incursion\u00f3 como relator de f\u00fatbol y boxeo. \u00a0A los 18 a\u00f1os cubri\u00f3 una vacante como locutor en LT 5 Radio Chaco de Resistencia. En 1958 se traslad\u00f3 a Buenos Aires y se incorpor\u00f3 a Radio El Mundo. En televisi\u00f3n se desempe\u00f1\u00f3 como periodista deportivo y relator, tanto de f\u00fatbol como de boxeo. Durante su paso por Canal 11 relat\u00f3 en vivo y en directo la transmisi\u00f3n de la llegada del hombre a la Luna, el 20 de julio de 1969.En 1973 adquiri\u00f3 el diario Norte de Resistencia al que moderniz\u00f3 convirti\u00e9ndolo en el primer peri\u00f3dico en el nordeste argentino en utilizar el sistema de impresi\u00f3n color Offset.<\/p>\n<p><strong>1979 <\/strong>\/ Qued\u00f3 inaugurado el \u201cAut\u00f3dromo de Resistencia\u201d hoy Yaco Guarnieri, con la presencia de la Mec\u00e1nica Argentina F\u00f3rmula 1 que gan\u00f3 Mauricio Garc\u00eda y la F\u00f3rmula Chaque\u00f1a, que qued\u00f3 para el charatense Carlos G\u00f3mez Luna. El corte de cintas estuvo a cargo del gobernador militar Antonio Serrano, el presidente del Chaco Automoto Club Roberto Longhi y el presidente del ACA, C\u00e9sar Carman. Como invitados especiales estuvieron Juan Manuel Fangio y Jos\u00e9 Froil\u00e1n Gonz\u00e1lez.<\/p>\n<p><strong>2007 <\/strong>\/ El aficionado Ignacio Maidana se adjudic\u00f3 el torneo Abierto del Nordeste de aficionados, que se disput\u00f3 en el Chaco Golf Club. En damas se impuso Anah\u00ed Vega Fern\u00e1ndez.<\/p>\n<p>&nbsp;<\/p>\n<p>&nbsp;<\/p>\n<p><strong>Foto portada: Juan Manuel Fangio estuvo el 24 de junio de 1979 en la inauguraci\u00f3n del Aut\u00f3rdomo de Resistencia. Aqu\u00ed entrevistado por Luis Dar\u00edo Molodezky.<\/strong><\/p>\n<p>&nbsp;<\/p>\n<p><img loading=\"lazy\" decoding=\"async\" class=\"alignnone size-medium wp-image-10833\" src=\"https:\/\/www.sportchaco.com.ar\/wp-content\/uploads\/2024\/06\/gobierno-del-Chaco-300x297.jpg\" alt=\"\" width=\"300\" height=\"297\" srcset=\"https:\/\/www.sportchaco.com.ar\/wp-content\/uploads\/2024\/06\/gobierno-del-Chaco-300x297.jpg 300w, https:\/\/www.sportchaco.com.ar\/wp-content\/uploads\/2024\/06\/gobierno-del-Chaco-150x150.jpg 150w, https:\/\/www.sportchaco.com.ar\/wp-content\/uploads\/2024\/06\/gobierno-del-Chaco.jpg 442w\" sizes=\"auto, (max-width: 300px) 100vw, 300px\" \/><img loading=\"lazy\" decoding=\"async\" class=\"alignnone size-medium wp-image-10763\" src=\"https:\/\/www.sportchaco.com.ar\/wp-content\/uploads\/2024\/06\/Mosquitos-300x300.jpg\" alt=\"\" width=\"300\" height=\"300\" srcset=\"https:\/\/www.sportchaco.com.ar\/wp-content\/uploads\/2024\/06\/Mosquitos-300x300.jpg 300w, https:\/\/www.sportchaco.com.ar\/wp-content\/uploads\/2024\/06\/Mosquitos-1024x1024.jpg 1024w, https:\/\/www.sportchaco.com.ar\/wp-content\/uploads\/2024\/06\/Mosquitos-150x150.jpg 150w, https:\/\/www.sportchaco.com.ar\/wp-content\/uploads\/2024\/06\/Mosquitos-768x768.jpg 768w, https:\/\/www.sportchaco.com.ar\/wp-content\/uploads\/2024\/06\/Mosquitos.jpg 1440w\" sizes=\"auto, (max-width: 300px) 100vw, 300px\" \/>03<\/p>\n","protected":false},"excerpt":{"rendered":"<p>Esta es la Efem\u00e9rides del Deporte en el Chaco de un 23 de junio del periodista Luis Dar\u00edo Molodezky. \u00a0 1935 \/ Naci\u00f3 en \u00c1rbol Solo, provincia del Chaco, Juan Carlos Rousselot, locutor de radio y tv, pol\u00edtico. En deportes incursion\u00f3 como relator de f\u00fatbol y boxeo. \u00a0A los 18 a\u00f1os cubri\u00f3 una vacante como &hellip;<\/p>\n","protected":false},"author":2,"featured_media":10864,"comment_status":"open","ping_status":"open","sticky":false,"template":"","format":"standard","meta":{"footnotes":""},"categories":[45,36],"tags":[],"class_list":["post-10863","post","type-post","status-publish","format-standard","has-post-thumbnail","hentry","category-efemerides-dia-por-dia","category-junio"],"_links":{"self":[{"href":"https:\/\/www.sportchaco.com.ar\/index.php?rest_route=\/wp\/v2\/posts\/10863","targetHints":{"allow":["GET"]}}],"collection":[{"href":"https:\/\/www.sportchaco.com.ar\/index.php?rest_route=\/wp\/v2\/posts"}],"about":[{"href":"https:\/\/www.sportchaco.com.ar\/index.php?rest_route=\/wp\/v2\/types\/post"}],"author":[{"embeddable":true,"href":"https:\/\/www.sportchaco.com.ar\/index.php?rest_route=\/wp\/v2\/users\/2"}],"replies":[{"embeddable":true,"href":"https:\/\/www.sportchaco.com.ar\/index.php?rest_route=%2Fwp%2Fv2%2Fcomments&post=10863"}],"version-history":[{"count":1,"href":"https:\/\/www.sportchaco.com.ar\/index.php?rest_route=\/wp\/v2\/posts\/10863\/revisions"}],"predecessor-version":[{"id":10865,"href":"https:\/\/www.sportchaco.com.ar\/index.php?rest_route=\/wp\/v2\/posts\/10863\/revisions\/10865"}],"wp:featuredmedia":[{"embeddable":true,"href":"https:\/\/www.sportchaco.com.ar\/index.php?rest_route=\/wp\/v2\/media\/10864"}],"wp:attachment":[{"href":"https:\/\/www.sportchaco.com.ar\/index.php?rest_route=%2Fwp%2Fv2%2Fmedia&parent=10863"}],"wp:term":[{"taxonomy":"category","embeddable":true,"href":"https:\/\/www.sportchaco.com.ar\/index.php?rest_route=%2Fwp%2Fv2%2Fcategories&post=10863"},{"taxonomy":"post_tag","embeddable":true,"href":"https:\/\/www.sportchaco.com.ar\/index.php?rest_route=%2Fwp%2Fv2%2Ftags&post=10863"}],"curies":[{"name":"wp","href":"https:\/\/api.w.org\/{rel}","templated":true}]}}