{"id":10894,"date":"2024-06-24T21:41:17","date_gmt":"2024-06-25T00:41:17","guid":{"rendered":"https:\/\/www.sportchaco.com.ar\/?p=10894"},"modified":"2024-06-24T21:41:17","modified_gmt":"2024-06-25T00:41:17","slug":"for-ever-completo-el-cupo-de-refuerzos","status":"publish","type":"post","link":"https:\/\/www.sportchaco.com.ar\/?p=10894","title":{"rendered":"For Ever complet\u00f3 el cupo de refuerzos"},"content":{"rendered":"<p><strong>24-06-2024<\/strong><\/p>\n<p><img loading=\"lazy\" decoding=\"async\" class=\" wp-image-9468 aligncenter\" src=\"https:\/\/www.sportchaco.com.ar\/wp-content\/uploads\/2024\/05\/Nachec-728x90-2-300x37.gif\" alt=\"\" width=\"341\" height=\"42\" \/><\/p>\n<p>For Ever oficializ\u00f3 la llegada del cuarto refuerzo para afrontar la segunda ronda del torneo de la Primera Nacional. De esta manera complet\u00f3 todos los cupos disponibles para incorporar.<\/p>\n<p>Se trata del juvenil delantero M\u00e1ximo Pereira. Tiene 19 a\u00f1os, llega proveniente desde Atl\u00e9tico Tucum\u00e1n y en las pr\u00f3ximas horas ya estar\u00e1 a disposici\u00f3n del cuerpo t\u00e9cnico para afrontar la segunda mitad del campeonato. Llega a pr\u00e9stamo hasta el 31 de diciembre de 2024.<\/p>\n<p>El \u00abnegro\u00bb ya hab\u00eda sumado a su plantel a Luciano Paz, Alan Ortiz y Luciano Lapetino, estos \u00faltimos dos ya han debutado en lo que fue la derrota ante Gimnasia y Tiro de Salta el pasado domingo.<\/p>\n<p><img loading=\"lazy\" decoding=\"async\" class=\"size-medium wp-image-9746 aligncenter\" src=\"https:\/\/www.sportchaco.com.ar\/wp-content\/uploads\/2024\/05\/Mosquitos-aviso-240x300.jpeg\" alt=\"\" width=\"240\" height=\"300\" srcset=\"https:\/\/www.sportchaco.com.ar\/wp-content\/uploads\/2024\/05\/Mosquitos-aviso-240x300.jpeg 240w, https:\/\/www.sportchaco.com.ar\/wp-content\/uploads\/2024\/05\/Mosquitos-aviso-819x1024.jpeg 819w, https:\/\/www.sportchaco.com.ar\/wp-content\/uploads\/2024\/05\/Mosquitos-aviso-768x960.jpeg 768w, https:\/\/www.sportchaco.com.ar\/wp-content\/uploads\/2024\/05\/Mosquitos-aviso.jpeg 1080w\" sizes=\"auto, (max-width: 240px) 100vw, 240px\" \/><\/p>\n","protected":false},"excerpt":{"rendered":"<p>24-06-2024 For Ever oficializ\u00f3 la llegada del cuarto refuerzo para afrontar la segunda ronda del torneo de la Primera Nacional. De esta manera complet\u00f3 todos los cupos disponibles para incorporar. Se trata del juvenil delantero M\u00e1ximo Pereira. Tiene 19 a\u00f1os, llega proveniente desde Atl\u00e9tico Tucum\u00e1n y en las pr\u00f3ximas horas ya estar\u00e1 a disposici\u00f3n del &hellip;<\/p>\n","protected":false},"author":3,"featured_media":10895,"comment_status":"open","ping_status":"open","sticky":false,"template":"","format":"standard","meta":{"footnotes":""},"categories":[5],"tags":[],"class_list":["post-10894","post","type-post","status-publish","format-standard","has-post-thumbnail","hentry","category-futbol"],"_links":{"self":[{"href":"https:\/\/www.sportchaco.com.ar\/index.php?rest_route=\/wp\/v2\/posts\/10894","targetHints":{"allow":["GET"]}}],"collection":[{"href":"https:\/\/www.sportchaco.com.ar\/index.php?rest_route=\/wp\/v2\/posts"}],"about":[{"href":"https:\/\/www.sportchaco.com.ar\/index.php?rest_route=\/wp\/v2\/types\/post"}],"author":[{"embeddable":true,"href":"https:\/\/www.sportchaco.com.ar\/index.php?rest_route=\/wp\/v2\/users\/3"}],"replies":[{"embeddable":true,"href":"https:\/\/www.sportchaco.com.ar\/index.php?rest_route=%2Fwp%2Fv2%2Fcomments&post=10894"}],"version-history":[{"count":1,"href":"https:\/\/www.sportchaco.com.ar\/index.php?rest_route=\/wp\/v2\/posts\/10894\/revisions"}],"predecessor-version":[{"id":10896,"href":"https:\/\/www.sportchaco.com.ar\/index.php?rest_route=\/wp\/v2\/posts\/10894\/revisions\/10896"}],"wp:featuredmedia":[{"embeddable":true,"href":"https:\/\/www.sportchaco.com.ar\/index.php?rest_route=\/wp\/v2\/media\/10895"}],"wp:attachment":[{"href":"https:\/\/www.sportchaco.com.ar\/index.php?rest_route=%2Fwp%2Fv2%2Fmedia&parent=10894"}],"wp:term":[{"taxonomy":"category","embeddable":true,"href":"https:\/\/www.sportchaco.com.ar\/index.php?rest_route=%2Fwp%2Fv2%2Fcategories&post=10894"},{"taxonomy":"post_tag","embeddable":true,"href":"https:\/\/www.sportchaco.com.ar\/index.php?rest_route=%2Fwp%2Fv2%2Ftags&post=10894"}],"curies":[{"name":"wp","href":"https:\/\/api.w.org\/{rel}","templated":true}]}}