{"id":10956,"date":"2024-06-26T18:43:27","date_gmt":"2024-06-26T21:43:27","guid":{"rendered":"https:\/\/www.sportchaco.com.ar\/?p=10956"},"modified":"2024-06-26T18:43:27","modified_gmt":"2024-06-26T21:43:27","slug":"la-copa-nacional-de-ciclismo-infanto-juvenil-se-realizara-en-las-brenas","status":"publish","type":"post","link":"https:\/\/www.sportchaco.com.ar\/?p=10956","title":{"rendered":"La Copa Nacional de ciclismo infanto-juvenil se realizar\u00e1 en Las Bre\u00f1as"},"content":{"rendered":"<p><strong>26-06-2024<\/strong><\/p>\n<p><img loading=\"lazy\" decoding=\"async\" class=\" wp-image-7879 aligncenter\" src=\"https:\/\/www.sportchaco.com.ar\/wp-content\/uploads\/2024\/04\/Nachec-728x90-1-300x37.gif\" alt=\"\" width=\"316\" height=\"39\" \/><\/p>\n<p>Autoridades del Instituto del Deporte Chaque\u00f1o (IDCh) y Loter\u00eda Chaque\u00f1a anunciaron, este mi\u00e9rcoles, la tercera fecha de la 18va. edici\u00f3n de la Copa Nacional de Ciclismo Infanto \u2013 Juvenil que se realizar\u00e1 el 13 y 14 de julio en Las Bre\u00f1as.<\/p>\n<p>\u201cEsperamos m\u00e1s de 300 ciclistas de 16 provincias argentinas y de pa\u00edses vecinos\u201d, adelant\u00f3 el presidente del IDCh Fabio V\u00e1zquez.<br \/>\nLa actividad, organizada por la Asociaci\u00f3n de Ciclistas de Las Bre\u00f1as, que cumple 25 a\u00f1os, cuenta con el apoyo del gobierno provincial y la fiscalizaci\u00f3n de la Federaci\u00f3n Chaque\u00f1a de Ciclismo y la Comisi\u00f3n Argentina de Ciclismo Infanto-Juvenil. Esta ser\u00e1 la oportunidad de mostrar los talentos que tenemos en el Chaco para que puedan trascender a nivel nacional e internacional ya que entendemos que tenemos que fomentar y potenciar a los deportistas j\u00f3venes\u201d, se\u00f1al\u00f3 V\u00e1zquez.<\/p>\n<p>El presidente de Loter\u00eda Chaque\u00f1a Lucas Apud Mas\u00edn invit\u00f3 a toda la ciudadan\u00eda a participar del evento que contar\u00e1 con actividades para toda la familia. \u201cEs un evento para que pueda disfrutar toda la familia por lo que invitamos a todos\u00bb, sostuvo.<\/p>\n<p>En ese contexto destac\u00f3 el efecto dinamizador de estos eventos para potenciar distintos sectores de la econom\u00eda provincial. \u201cSon eventos que generan una din\u00e1mica en la gastronom\u00eda y los emprendedores locales y la Hoteler\u00eda, no solo de Las Bre\u00f1as, sino tambi\u00e9n de localidades vecinas y de la capital provincial\u201d, resalt\u00f3.<\/p>\n<p>La secretaria de Municipios, Gabriela Galarza remarc\u00f3 el crecimiento de este evento que adem\u00e1s tiene un valor deportivo e impacto social. \u201cEsto se mide en la formaci\u00f3n de valores, los deportistas se forman con una constancia que va marcando el rumbo de sus vidas\u201d, manifest\u00f3.<\/p>\n<p>Por \u00faltimo, el presidente de la Asociaci\u00f3n de Ciclistas de Las Bre\u00f1as, Ademar Acosta record\u00f3 que se trata de la tercera de un total de 7 fechas. \u201cSon seis provincias las que tendr\u00e1n una fecha del calendario nacional y nosotros tenemos el compromiso por la importancia del evento ya que clasifica con puntaje a los campeones para correr en la selecci\u00f3n Argentina\u201d, sostuvo.<\/p>\n<p>Estuvieron presentes tambi\u00e9n el vocal oficial de Loter\u00eda Chaque\u00f1a Juan Chaussivert; el vicepresidente de la asociaci\u00f3n de Ciclistas de las Bre\u00f1as Edgardo Bonillo y el secretario de Gobierno de la Municipalidad de Las Bre\u00f1as, Ariel Eguiazabal.<\/p>\n<p><img loading=\"lazy\" decoding=\"async\" class=\"size-full wp-image-7881 aligncenter\" src=\"https:\/\/www.sportchaco.com.ar\/wp-content\/uploads\/2024\/04\/Copia-de-Nachec1-300x250-1.gif\" alt=\"\" width=\"300\" height=\"250\" \/><\/p>\n","protected":false},"excerpt":{"rendered":"<p>26-06-2024 Autoridades del Instituto del Deporte Chaque\u00f1o (IDCh) y Loter\u00eda Chaque\u00f1a anunciaron, este mi\u00e9rcoles, la tercera fecha de la 18va. edici\u00f3n de la Copa Nacional de Ciclismo Infanto \u2013 Juvenil que se realizar\u00e1 el 13 y 14 de julio en Las Bre\u00f1as. \u201cEsperamos m\u00e1s de 300 ciclistas de 16 provincias argentinas y de pa\u00edses vecinos\u201d, &hellip;<\/p>\n","protected":false},"author":3,"featured_media":10958,"comment_status":"open","ping_status":"open","sticky":false,"template":"","format":"standard","meta":{"footnotes":""},"categories":[51],"tags":[],"class_list":["post-10956","post","type-post","status-publish","format-standard","has-post-thumbnail","hentry","category-ciclismo"],"_links":{"self":[{"href":"https:\/\/www.sportchaco.com.ar\/index.php?rest_route=\/wp\/v2\/posts\/10956","targetHints":{"allow":["GET"]}}],"collection":[{"href":"https:\/\/www.sportchaco.com.ar\/index.php?rest_route=\/wp\/v2\/posts"}],"about":[{"href":"https:\/\/www.sportchaco.com.ar\/index.php?rest_route=\/wp\/v2\/types\/post"}],"author":[{"embeddable":true,"href":"https:\/\/www.sportchaco.com.ar\/index.php?rest_route=\/wp\/v2\/users\/3"}],"replies":[{"embeddable":true,"href":"https:\/\/www.sportchaco.com.ar\/index.php?rest_route=%2Fwp%2Fv2%2Fcomments&post=10956"}],"version-history":[{"count":1,"href":"https:\/\/www.sportchaco.com.ar\/index.php?rest_route=\/wp\/v2\/posts\/10956\/revisions"}],"predecessor-version":[{"id":10957,"href":"https:\/\/www.sportchaco.com.ar\/index.php?rest_route=\/wp\/v2\/posts\/10956\/revisions\/10957"}],"wp:featuredmedia":[{"embeddable":true,"href":"https:\/\/www.sportchaco.com.ar\/index.php?rest_route=\/wp\/v2\/media\/10958"}],"wp:attachment":[{"href":"https:\/\/www.sportchaco.com.ar\/index.php?rest_route=%2Fwp%2Fv2%2Fmedia&parent=10956"}],"wp:term":[{"taxonomy":"category","embeddable":true,"href":"https:\/\/www.sportchaco.com.ar\/index.php?rest_route=%2Fwp%2Fv2%2Fcategories&post=10956"},{"taxonomy":"post_tag","embeddable":true,"href":"https:\/\/www.sportchaco.com.ar\/index.php?rest_route=%2Fwp%2Fv2%2Ftags&post=10956"}],"curies":[{"name":"wp","href":"https:\/\/api.w.org\/{rel}","templated":true}]}}