{"id":10961,"date":"2024-06-26T23:53:14","date_gmt":"2024-06-27T02:53:14","guid":{"rendered":"https:\/\/www.sportchaco.com.ar\/?p=10961"},"modified":"2024-06-27T11:07:01","modified_gmt":"2024-06-27T14:07:01","slug":"efemerides-del-27-de-junio","status":"publish","type":"post","link":"https:\/\/www.sportchaco.com.ar\/?p=10961","title":{"rendered":"Efem\u00e9rides del 27 de junio"},"content":{"rendered":"<p><strong>Esta es la Efem\u00e9rides del Deporte en el Chaco de un 27 de junio del periodista Luis Dar\u00edo Molodezky.<\/strong><\/p>\n<p>&nbsp;<\/p>\n<p><img loading=\"lazy\" decoding=\"async\" class=\"alignnone size-medium wp-image-10902\" src=\"https:\/\/www.sportchaco.com.ar\/wp-content\/uploads\/2024\/06\/Luis-Molodezky-1-210x300.jpg\" alt=\"\" width=\"210\" height=\"300\" srcset=\"https:\/\/www.sportchaco.com.ar\/wp-content\/uploads\/2024\/06\/Luis-Molodezky-1-210x300.jpg 210w, https:\/\/www.sportchaco.com.ar\/wp-content\/uploads\/2024\/06\/Luis-Molodezky-1.jpg 275w\" sizes=\"auto, (max-width: 210px) 100vw, 210px\" \/><\/p>\n<p><strong>1950 <\/strong>\/ La Municipalidad, por un decreto, ordena al Club Regional levantar sus instalaciones del campo de deportes ubicado, en la avenida Las Heras, dentro de una plaza de treinta d\u00edas.<\/p>\n<p>&nbsp;<\/p>\n<p>&nbsp;<\/p>\n<p>&nbsp;<\/p>\n<p><strong>1989 <\/strong>\/ Rub\u00e9n Glar\u00eda, ex defensor de San Lorenzo de Almagro, es designado entrenador de Chaco For Ever, con miras a su participaci\u00f3n en el torneo de Primera Divisi\u00f3n A. El anuncio del presidente Jorge Yunes, sorprendi\u00f3 por sus escasos antecedentes. Reemplaz\u00f3 a Oscar Palavecino t\u00e9cnico del campe\u00f3n en el Nacional B.<\/p>\n<p>&nbsp;<\/p>\n<p><strong>2000 <\/strong>\/ Faltando una fecha para la culminaci\u00f3n del Apertura, Chaco For Ever se consagra campe\u00f3n despu\u00e9s de 15 a\u00f1os, al igualar con Sarmiento, su inmediato perseguidor uno a uno. El partido se jug\u00f3 en la cancha del Club Fontana, ante 1.700 espectadores, lo m\u00e1ximo permitido por las autoridades municipales y policiales. Los jugadores y cuerpo t\u00e9cnico que obtuvieron el torneo Apertura y el oficial de la liga chaque\u00f1a m\u00e1s algunos integrantes de tercera divisi\u00f3n. Abajo: Martin Cabral, Aldo Alsina, Santiago Aguz\u00edn, Ariel Medina, Juan Fern\u00e1ndez, Ariel Godoy, S. Godoy, Daniel Acevedo, Ariel Ebel y Santiago Ojeda. Segunda fila: Cristian Escobar, Diego Dom\u00ednguez, Martin \u00c1lvarez, Fernando \u00c1lvarez, Mauro Griffith, Carlos Acu\u00f1a, Martin Romero, Andr\u00e9s Villalba y Roberto Mi\u00e9rez. Tercera fila: Javier Romero, Juan Gir\u00f3n, Arnaldo Morales, Ariel Silva, Ra\u00fal Ram\u00edrez, Gast\u00f3n G\u00f3mez, Favio Zachozy, Horacio Gim\u00e9nez y Adelmo Romero (Dt). Cuarta fila: Gustavo Vallejos, Mario Valenzuela, Guillermo Biazevich, Guillermo Alarc\u00f3n, Leonardo Scarel, Jos\u00e9 Forl\u00edn, Marcelo Romero y Juan Miner. Arriba: Fernando Luque, Alarc\u00f3n (PF) Pacho (utilero) Sergio L\u00f3pez, Kilo Alarc\u00f3n, Marcelo Godoy e Inocencio Gonz\u00e1lez.<\/p>\n<p>&nbsp;<\/p>\n<p>&nbsp;<\/p>\n<p><strong>2012 \/<\/strong> Fallece en Resistencia a los 54 a\u00f1os el m\u00e9dico, periodista y pol\u00edtico Jorge Ra\u00fal Diel. Fue concejal, presidente de concejo deliberante e intendente de Barranqueras, dirigente gremial y social (ex presidente del C\u00edrculo de Periodistas Deportivos del Chaco y vice de la Federaci\u00f3n Argentina de Periodistas Deportivos \u2013FAPED-), Nacido en Villa \u00c1ngela el 6 de diciembre de 1957 lleg\u00f3 a Resistencia para iniciar los estudios de Medicina. Sin embargo, se sinti\u00f3 atra\u00eddo por el periodismo y primero ingres\u00f3 en LT 5 Radio Chaco, donde junto a Jorge Altamirano y con la gu\u00eda de Eduardo Rub\u00e9n Ferreyra particip\u00f3 del programa \u201cDeportivas Chaco\u201d y de transmisiones deportivas de f\u00fatbol, automovilismo, b\u00e1squetbol y otras. Tambi\u00e9n incursion\u00f3 en Canal 9 de Resistencia en tiempos iniciales y con Altamirano cre\u00f3 \u201cDeportTV\u201d en 1980 que ocup\u00f3 la pantalla por muchos a\u00f1os. Tambi\u00e9n condujo el noticiero del Canal 9. En la Fiesta del Deporte de 2011 recibi\u00f3 un reconocimiento a su trayectoria. Casado con M\u00f3nica Beatriz Vargas fue padre de cuatro hijos. Su \u00faltima voluntad fue que su f\u00e9retro pasara por el Partido Socialista, el C\u00edrculo de Periodista Deportivos del Chaco y Canal 9.<\/p>\n<p><strong>Foto de Jorge Ra\u00fal Diel<\/strong><\/p>\n<p>&nbsp;<\/p>\n<p style=\"text-align: center;\"><img loading=\"lazy\" decoding=\"async\" class=\"alignnone size-medium wp-image-10833\" src=\"https:\/\/www.sportchaco.com.ar\/wp-content\/uploads\/2024\/06\/gobierno-del-Chaco-300x297.jpg\" alt=\"\" width=\"300\" height=\"297\" srcset=\"https:\/\/www.sportchaco.com.ar\/wp-content\/uploads\/2024\/06\/gobierno-del-Chaco-300x297.jpg 300w, https:\/\/www.sportchaco.com.ar\/wp-content\/uploads\/2024\/06\/gobierno-del-Chaco-150x150.jpg 150w, https:\/\/www.sportchaco.com.ar\/wp-content\/uploads\/2024\/06\/gobierno-del-Chaco.jpg 442w\" sizes=\"auto, (max-width: 300px) 100vw, 300px\" \/> <img loading=\"lazy\" decoding=\"async\" class=\"alignnone size-medium wp-image-10763\" src=\"https:\/\/www.sportchaco.com.ar\/wp-content\/uploads\/2024\/06\/Mosquitos-300x300.jpg\" alt=\"\" width=\"300\" height=\"300\" srcset=\"https:\/\/www.sportchaco.com.ar\/wp-content\/uploads\/2024\/06\/Mosquitos-300x300.jpg 300w, https:\/\/www.sportchaco.com.ar\/wp-content\/uploads\/2024\/06\/Mosquitos-1024x1024.jpg 1024w, https:\/\/www.sportchaco.com.ar\/wp-content\/uploads\/2024\/06\/Mosquitos-150x150.jpg 150w, https:\/\/www.sportchaco.com.ar\/wp-content\/uploads\/2024\/06\/Mosquitos-768x768.jpg 768w, https:\/\/www.sportchaco.com.ar\/wp-content\/uploads\/2024\/06\/Mosquitos.jpg 1440w\" sizes=\"auto, (max-width: 300px) 100vw, 300px\" \/><\/p>\n","protected":false},"excerpt":{"rendered":"<p>Esta es la Efem\u00e9rides del Deporte en el Chaco de un 27 de junio del periodista Luis Dar\u00edo Molodezky. &nbsp; 1950 \/ La Municipalidad, por un decreto, ordena al Club Regional levantar sus instalaciones del campo de deportes ubicado, en la avenida Las Heras, dentro de una plaza de treinta d\u00edas. &nbsp; &nbsp; &nbsp; 1989 &hellip;<\/p>\n","protected":false},"author":2,"featured_media":10962,"comment_status":"open","ping_status":"open","sticky":false,"template":"","format":"standard","meta":{"footnotes":""},"categories":[45,36],"tags":[],"class_list":["post-10961","post","type-post","status-publish","format-standard","has-post-thumbnail","hentry","category-efemerides-dia-por-dia","category-junio"],"_links":{"self":[{"href":"https:\/\/www.sportchaco.com.ar\/index.php?rest_route=\/wp\/v2\/posts\/10961","targetHints":{"allow":["GET"]}}],"collection":[{"href":"https:\/\/www.sportchaco.com.ar\/index.php?rest_route=\/wp\/v2\/posts"}],"about":[{"href":"https:\/\/www.sportchaco.com.ar\/index.php?rest_route=\/wp\/v2\/types\/post"}],"author":[{"embeddable":true,"href":"https:\/\/www.sportchaco.com.ar\/index.php?rest_route=\/wp\/v2\/users\/2"}],"replies":[{"embeddable":true,"href":"https:\/\/www.sportchaco.com.ar\/index.php?rest_route=%2Fwp%2Fv2%2Fcomments&post=10961"}],"version-history":[{"count":1,"href":"https:\/\/www.sportchaco.com.ar\/index.php?rest_route=\/wp\/v2\/posts\/10961\/revisions"}],"predecessor-version":[{"id":10963,"href":"https:\/\/www.sportchaco.com.ar\/index.php?rest_route=\/wp\/v2\/posts\/10961\/revisions\/10963"}],"wp:featuredmedia":[{"embeddable":true,"href":"https:\/\/www.sportchaco.com.ar\/index.php?rest_route=\/wp\/v2\/media\/10962"}],"wp:attachment":[{"href":"https:\/\/www.sportchaco.com.ar\/index.php?rest_route=%2Fwp%2Fv2%2Fmedia&parent=10961"}],"wp:term":[{"taxonomy":"category","embeddable":true,"href":"https:\/\/www.sportchaco.com.ar\/index.php?rest_route=%2Fwp%2Fv2%2Fcategories&post=10961"},{"taxonomy":"post_tag","embeddable":true,"href":"https:\/\/www.sportchaco.com.ar\/index.php?rest_route=%2Fwp%2Fv2%2Ftags&post=10961"}],"curies":[{"name":"wp","href":"https:\/\/api.w.org\/{rel}","templated":true}]}}