{"id":10964,"date":"2024-06-26T21:32:06","date_gmt":"2024-06-27T00:32:06","guid":{"rendered":"https:\/\/www.sportchaco.com.ar\/?p=10964"},"modified":"2024-06-26T21:32:06","modified_gmt":"2024-06-27T00:32:06","slug":"peligra-la-participacion-de-los-murcielagos-en-los-paralimpicos","status":"publish","type":"post","link":"https:\/\/www.sportchaco.com.ar\/?p=10964","title":{"rendered":"Peligra la participaci\u00f3n de Los Murci\u00e9lagos en los Paral\u00edmpicos"},"content":{"rendered":"<p><strong>26-06-2024<\/strong><\/p>\n<p><img loading=\"lazy\" decoding=\"async\" class=\" wp-image-9468 aligncenter\" src=\"https:\/\/www.sportchaco.com.ar\/wp-content\/uploads\/2024\/05\/Nachec-728x90-2-300x37.gif\" alt=\"\" width=\"316\" height=\"39\" \/><\/p>\n<p>La situaci\u00f3n pone en duda su participaci\u00f3n en los pr\u00f3ximos Juegos Paral\u00edmpicos de Par\u00eds. Los integrantes del plantel expresaron su malestar por el trato recibido y anticiparon que, si no se solucionan los problemas, podr\u00edan no participar en los Juegos.<\/p>\n<p>\u00abSe nos lleg\u00f3 a decir que no estamos a la altura de otros seleccionados de gran prestigio\u00bb, se\u00f1alaron los jugadores, quienes tambi\u00e9n denunciaron amenazas de la comisi\u00f3n directiva con quitarles las becas.<\/p>\n<p>La cr\u00edtica no solo se dirigi\u00f3 a la federaci\u00f3n, sino tambi\u00e9n al cuerpo t\u00e9cnico, que fue elegido hace apenas siete meses de manera repentina. \u00abHemos observado una falta de profesionalismo, disputas internas, desprolijidad y un escaso compromiso\u00bb, aseguraron los jugadores en el comunicado.<\/p>\n<p>Esta crisis llega en un momento delicado, con la preparaci\u00f3n para los Juegos Paral\u00edmpicos en curso. La falta de soluciones a corto plazo podr\u00eda significar la ausencia de Los Murci\u00e9lagos en una de las competencias m\u00e1s importantes a nivel mundial, afectando no solo al equipo sino tambi\u00e9n al prestigio del deporte argentino.<\/p>\n<p><img loading=\"lazy\" decoding=\"async\" class=\"size-medium wp-image-10821 aligncenter\" src=\"https:\/\/www.sportchaco.com.ar\/wp-content\/uploads\/2024\/06\/Gobierno-paisaje-1-300x116.png\" alt=\"\" width=\"300\" height=\"116\" srcset=\"https:\/\/www.sportchaco.com.ar\/wp-content\/uploads\/2024\/06\/Gobierno-paisaje-1-300x116.png 300w, https:\/\/www.sportchaco.com.ar\/wp-content\/uploads\/2024\/06\/Gobierno-paisaje-1-768x297.png 768w, https:\/\/www.sportchaco.com.ar\/wp-content\/uploads\/2024\/06\/Gobierno-paisaje-1.png 800w\" sizes=\"auto, (max-width: 300px) 100vw, 300px\" \/><\/p>\n","protected":false},"excerpt":{"rendered":"<p>26-06-2024 La situaci\u00f3n pone en duda su participaci\u00f3n en los pr\u00f3ximos Juegos Paral\u00edmpicos de Par\u00eds. Los integrantes del plantel expresaron su malestar por el trato recibido y anticiparon que, si no se solucionan los problemas, podr\u00edan no participar en los Juegos. \u00abSe nos lleg\u00f3 a decir que no estamos a la altura de otros seleccionados &hellip;<\/p>\n","protected":false},"author":3,"featured_media":3132,"comment_status":"open","ping_status":"open","sticky":false,"template":"","format":"standard","meta":{"footnotes":""},"categories":[5],"tags":[],"class_list":["post-10964","post","type-post","status-publish","format-standard","has-post-thumbnail","hentry","category-futbol"],"_links":{"self":[{"href":"https:\/\/www.sportchaco.com.ar\/index.php?rest_route=\/wp\/v2\/posts\/10964","targetHints":{"allow":["GET"]}}],"collection":[{"href":"https:\/\/www.sportchaco.com.ar\/index.php?rest_route=\/wp\/v2\/posts"}],"about":[{"href":"https:\/\/www.sportchaco.com.ar\/index.php?rest_route=\/wp\/v2\/types\/post"}],"author":[{"embeddable":true,"href":"https:\/\/www.sportchaco.com.ar\/index.php?rest_route=\/wp\/v2\/users\/3"}],"replies":[{"embeddable":true,"href":"https:\/\/www.sportchaco.com.ar\/index.php?rest_route=%2Fwp%2Fv2%2Fcomments&post=10964"}],"version-history":[{"count":1,"href":"https:\/\/www.sportchaco.com.ar\/index.php?rest_route=\/wp\/v2\/posts\/10964\/revisions"}],"predecessor-version":[{"id":10965,"href":"https:\/\/www.sportchaco.com.ar\/index.php?rest_route=\/wp\/v2\/posts\/10964\/revisions\/10965"}],"wp:featuredmedia":[{"embeddable":true,"href":"https:\/\/www.sportchaco.com.ar\/index.php?rest_route=\/wp\/v2\/media\/3132"}],"wp:attachment":[{"href":"https:\/\/www.sportchaco.com.ar\/index.php?rest_route=%2Fwp%2Fv2%2Fmedia&parent=10964"}],"wp:term":[{"taxonomy":"category","embeddable":true,"href":"https:\/\/www.sportchaco.com.ar\/index.php?rest_route=%2Fwp%2Fv2%2Fcategories&post=10964"},{"taxonomy":"post_tag","embeddable":true,"href":"https:\/\/www.sportchaco.com.ar\/index.php?rest_route=%2Fwp%2Fv2%2Ftags&post=10964"}],"curies":[{"name":"wp","href":"https:\/\/api.w.org\/{rel}","templated":true}]}}