{"id":11012,"date":"2024-06-28T23:17:23","date_gmt":"2024-06-29T02:17:23","guid":{"rendered":"https:\/\/www.sportchaco.com.ar\/?p=11012"},"modified":"2024-06-28T23:18:08","modified_gmt":"2024-06-29T02:18:08","slug":"efemerides-del-29-de-junio","status":"publish","type":"post","link":"https:\/\/www.sportchaco.com.ar\/?p=11012","title":{"rendered":"Efem\u00e9rides del 29 de junio"},"content":{"rendered":"<p><strong>Esta es la Efem\u00e9rides del Deporte en el Chaco de un 29 de junio del periodista Luis Dar\u00edo Molodezky.<\/strong><\/p>\n<p>&nbsp;<\/p>\n<p><img loading=\"lazy\" decoding=\"async\" class=\"alignnone size-medium wp-image-11013\" src=\"https:\/\/www.sportchaco.com.ar\/wp-content\/uploads\/2024\/06\/Molodezky-Luis-11-05-24-1-300x225.jpg\" alt=\"\" width=\"300\" height=\"225\" srcset=\"https:\/\/www.sportchaco.com.ar\/wp-content\/uploads\/2024\/06\/Molodezky-Luis-11-05-24-1-300x225.jpg 300w, https:\/\/www.sportchaco.com.ar\/wp-content\/uploads\/2024\/06\/Molodezky-Luis-11-05-24-1-1024x768.jpg 1024w, https:\/\/www.sportchaco.com.ar\/wp-content\/uploads\/2024\/06\/Molodezky-Luis-11-05-24-1-768x576.jpg 768w, https:\/\/www.sportchaco.com.ar\/wp-content\/uploads\/2024\/06\/Molodezky-Luis-11-05-24-1-1536x1153.jpg 1536w, https:\/\/www.sportchaco.com.ar\/wp-content\/uploads\/2024\/06\/Molodezky-Luis-11-05-24-1.jpg 1599w\" sizes=\"auto, (max-width: 300px) 100vw, 300px\" \/><\/p>\n<p>&nbsp;<\/p>\n<p><strong>1985 <\/strong>\/ Deportivo Libertad de Charata consigue su primer t\u00edtulo oficial de la Liga del Noroeste, al ganar el Selectivo y clasificarse para el Regional. En el cotejo final derrot\u00f3 a Juventud Agraria Cooperativista, y en ese partido el equipo forma con Carlos Graff; Pedro Loto, Daniel Billad\u00f3n, Daniel L\u00f3pez, Ernesto Flores, H\u00e9ctor G\u00f3mez y V\u00edctor Sandoval; Ra\u00fal Mart\u00ednez, Miguel C\u00e1ceres, Marcos Rodr\u00edguez y Rub\u00e9n G\u00f3mez.<\/p>\n<p>&nbsp;<\/p>\n<p><strong>2006 <\/strong>\/ Fallece N\u00e9stor Canella, arquero que brillara en Ministro Le Breton de R\u00edo Araz\u00e1, Independiente Tirol, Sarmiento y la Liga Chaque\u00f1a. En su puesto fue un adelantado, ya que era un atajador inigualable, pero ten\u00eda la virtud de salir con una velocidad asombrosa. Canella viv\u00eda en las cercan\u00edas del estadio de Fontana. En el plano pol\u00edtico presidi\u00f3 durante muchos a\u00f1os la Junta Electoral del Partido Justicialista.<\/p>\n<p><strong>Foto portada: N\u00e9stor C\u00edmbaro Canella acompa\u00f1ando a Amadeo Ra\u00fal Carrizo, en una visita de River Plate a Puerto Tirol en la d\u00e9cada del 50.<\/strong><\/p>\n<p>&nbsp;<\/p>\n<p style=\"text-align: center;\"><img loading=\"lazy\" decoding=\"async\" class=\"alignnone size-medium wp-image-11004\" src=\"https:\/\/www.sportchaco.com.ar\/wp-content\/uploads\/2024\/06\/Mosquitos-1-300x300.jpg\" alt=\"\" width=\"300\" height=\"300\" srcset=\"https:\/\/www.sportchaco.com.ar\/wp-content\/uploads\/2024\/06\/Mosquitos-1-300x300.jpg 300w, https:\/\/www.sportchaco.com.ar\/wp-content\/uploads\/2024\/06\/Mosquitos-1-1024x1024.jpg 1024w, https:\/\/www.sportchaco.com.ar\/wp-content\/uploads\/2024\/06\/Mosquitos-1-150x150.jpg 150w, https:\/\/www.sportchaco.com.ar\/wp-content\/uploads\/2024\/06\/Mosquitos-1-768x768.jpg 768w, https:\/\/www.sportchaco.com.ar\/wp-content\/uploads\/2024\/06\/Mosquitos-1.jpg 1440w\" sizes=\"auto, (max-width: 300px) 100vw, 300px\" \/><\/p>\n","protected":false},"excerpt":{"rendered":"<p>Esta es la Efem\u00e9rides del Deporte en el Chaco de un 29 de junio del periodista Luis Dar\u00edo Molodezky. &nbsp; &nbsp; 1985 \/ Deportivo Libertad de Charata consigue su primer t\u00edtulo oficial de la Liga del Noroeste, al ganar el Selectivo y clasificarse para el Regional. En el cotejo final derrot\u00f3 a Juventud Agraria Cooperativista, &hellip;<\/p>\n","protected":false},"author":2,"featured_media":11014,"comment_status":"open","ping_status":"open","sticky":false,"template":"","format":"standard","meta":{"footnotes":""},"categories":[45,36],"tags":[],"class_list":["post-11012","post","type-post","status-publish","format-standard","has-post-thumbnail","hentry","category-efemerides-dia-por-dia","category-junio"],"_links":{"self":[{"href":"https:\/\/www.sportchaco.com.ar\/index.php?rest_route=\/wp\/v2\/posts\/11012","targetHints":{"allow":["GET"]}}],"collection":[{"href":"https:\/\/www.sportchaco.com.ar\/index.php?rest_route=\/wp\/v2\/posts"}],"about":[{"href":"https:\/\/www.sportchaco.com.ar\/index.php?rest_route=\/wp\/v2\/types\/post"}],"author":[{"embeddable":true,"href":"https:\/\/www.sportchaco.com.ar\/index.php?rest_route=\/wp\/v2\/users\/2"}],"replies":[{"embeddable":true,"href":"https:\/\/www.sportchaco.com.ar\/index.php?rest_route=%2Fwp%2Fv2%2Fcomments&post=11012"}],"version-history":[{"count":2,"href":"https:\/\/www.sportchaco.com.ar\/index.php?rest_route=\/wp\/v2\/posts\/11012\/revisions"}],"predecessor-version":[{"id":11016,"href":"https:\/\/www.sportchaco.com.ar\/index.php?rest_route=\/wp\/v2\/posts\/11012\/revisions\/11016"}],"wp:featuredmedia":[{"embeddable":true,"href":"https:\/\/www.sportchaco.com.ar\/index.php?rest_route=\/wp\/v2\/media\/11014"}],"wp:attachment":[{"href":"https:\/\/www.sportchaco.com.ar\/index.php?rest_route=%2Fwp%2Fv2%2Fmedia&parent=11012"}],"wp:term":[{"taxonomy":"category","embeddable":true,"href":"https:\/\/www.sportchaco.com.ar\/index.php?rest_route=%2Fwp%2Fv2%2Fcategories&post=11012"},{"taxonomy":"post_tag","embeddable":true,"href":"https:\/\/www.sportchaco.com.ar\/index.php?rest_route=%2Fwp%2Fv2%2Ftags&post=11012"}],"curies":[{"name":"wp","href":"https:\/\/api.w.org\/{rel}","templated":true}]}}