{"id":11017,"date":"2024-06-28T23:26:52","date_gmt":"2024-06-29T02:26:52","guid":{"rendered":"https:\/\/www.sportchaco.com.ar\/?p=11017"},"modified":"2024-06-28T23:26:52","modified_gmt":"2024-06-29T02:26:52","slug":"garnacho-sera-titular-ante-peru","status":"publish","type":"post","link":"https:\/\/www.sportchaco.com.ar\/?p=11017","title":{"rendered":"Garnacho ser\u00e1 titular ante Per\u00fa"},"content":{"rendered":"<h1><\/h1>\n<p class=\"description\">28\/06\/2024<\/p>\n<p class=\"description\"><strong>Con Messi y Acu\u00f1a diferenciados, el combinado nacional realiz\u00f3 su \u00faltima pr\u00e1ctica antes del partido ante Per\u00fa y Scaloni parece tener una sola duda: el mediocampista por la izquierda.<\/strong><\/p>\n<p>&nbsp;<\/p>\n<figure class=\"rat16x9\"><img decoding=\"async\" title=\"La \u00faltima pr\u00e1ctica de Argentina antes del partido ante Per\u00fa\" src=\"https:\/\/media.tycsports.com\/files\/2024\/06\/28\/735663\/la-ultima-practica-de-argentina-antes-del-partido-ante-peru_416x234.webp?v=1\" srcset=\"https:\/\/media.tycsports.com\/files\/2024\/06\/28\/735663\/la-ultima-practica-de-argentina-antes-del-partido-ante-peru_416x234.webp?v=1 480w ,https:\/\/media.tycsports.com\/files\/2024\/06\/28\/735663\/la-ultima-practica-de-argentina-antes-del-partido-ante-peru_862x485.webp?v=1 1080w \" alt=\"La \u00faltima pr\u00e1ctica de Argentina antes del partido ante Per\u00fa\" \/><figcaption>La \u00faltima pr\u00e1ctica de Argentina antes del partido ante Per\u00fa (@Argentina)<\/figcaption><\/figure>\n<p class=\"capital\">La Selecci\u00f3n Argentina tuvo otra jornada de entrenamientos en el Predio de la Universidad Internacional de Florida y la imagen de la pr\u00e1ctica tuvo a<b>\u00a0Alejandro Garnacho como protagonistas<\/b>. Es que el entrenador, Lionel Scaloni,\u00a0<b>par\u00f3 al jugador de Manchester United entre los posibles titulares<\/b>. En tanto,<a href=\"https:\/\/www.tycsports.com\/seleccion-argentina\/con-la-mirada-en-messi-la-seleccion-argentina-tiene-su-ultima-practica-antes-de-peru-id592974.html\" target=\"_blank\" rel=\"noopener\">\u00a0<\/a><span style=\"color: #000000;\"><b><a style=\"color: #000000;\" href=\"https:\/\/www.tycsports.com\/seleccion-argentina\/con-la-mirada-en-messi-la-seleccion-argentina-tiene-su-ultima-practica-antes-de-peru-id592974.html\" target=\"_blank\" rel=\"noopener\">Lionel Messi y Marcos Acu\u00f1a entrenaron de manera diferenciada<\/a><\/b><a style=\"color: #000000;\" href=\"https:\/\/www.tycsports.com\/seleccion-argentina\/con-la-mirada-en-messi-la-seleccion-argentina-tiene-su-ultima-practica-antes-de-peru-id592974.html\" target=\"_blank\" rel=\"noopener\">.<\/a><\/span><\/p>\n<div class=\"watchto-wrap\">\n<div class=\"watchto\"><a class=\"imgwrap\" title=\"Messi se hizo estudios en la Selecci\u00f3n Argentina y descartaron un desgarro\" href=\"https:\/\/www.tycsports.com\/seleccion-argentina\/con-la-mirada-en-messi-la-seleccion-argentina-tiene-su-ultima-practica-antes-de-peru-id592974.html\"><picture><source srcset=\"https:\/\/media.tycsports.com\/files\/2024\/06\/17\/730892\/lionel-messi-seleccion-argentina-_267x150.webp?v=1\" media=\"(min-width: 721px)\" \/><source srcset=\"https:\/\/media.tycsports.com\/files\/2024\/06\/17\/730892\/lionel-messi-seleccion-argentina-_267x356.webp?v=1\" media=\"(max-width: 721px)\" \/><img decoding=\"async\" src=\"https:\/\/media.tycsports.com\/files\/2024\/06\/17\/730892\/lionel-messi-seleccion-argentina-_267x150.webp?v=1\" alt=\"Foto: Messi se hizo estudios en la Selecci\u00f3n Argentina y descartaron un desgarro\" data-src=\"https:\/\/media.tycsports.com\/files\/2024\/06\/17\/730892\/lionel-messi-seleccion-argentina-_267x150.webp?v=1\" \/><\/picture><\/a><\/p>\n<div class=\"watchto-text\"><\/div>\n<div class=\"watchto-btn-view\"><\/div>\n<\/div>\n<\/div>\n<p><span style=\"color: #000000;\">Si bien el entrenador no particip\u00f3 de la conferencia de prensa previa a la pr\u00e1ctica\u00a0por estar suspendido por Conmebol, lo cierto es que\u00a0<a style=\"color: #000000;\" href=\"https:\/\/www.tycsports.com\/seleccion-argentina\/walter-samuel-conferencia-de-prensa-argentina-peru-id593179.html\" target=\"_blank\" rel=\"noopener\">Walter Samuel, su ayudante, s\u00ed habl\u00f3 con los periodistas<\/a><a style=\"color: #000000;\" href=\"https:\/\/www.tycsports.com\/seleccion-argentina\/walter-samuel-conferencia-de-prensa-argentina-peru-id593179.html\" target=\"_blank\" rel=\"noopener\">\u00a0y asegur\u00f3 que seguir\u00e1n al capit\u00e1n de cerca y\u00a0<\/a><a style=\"color: #000000;\" href=\"https:\/\/www.tycsports.com\/seleccion-argentina\/walter-samuel-conferencia-de-prensa-argentina-peru-id593179.html\" target=\"_blank\" rel=\"noopener\">diariamente<\/a>\u00a0para saber si llega en condiciones al partido de cuartos de final, instancia a la que la Selecci\u00f3n ya est\u00e1 clasificada.<\/span><\/p>\n<section class=\"fluidMedia\">\n<div id=\"video-genoa-735615\" class=\"player-nota-wrapper genoa-async lazycontainer\" data-contentid=\"1640650\" data-share=\"https:\/\/www.tycsports.com\/seleccion-argentina\/seleccion-argentina-equipo-alternativo-scaloni-jugar-peru-copa-america-id592600.html\">\n<div class=\"player-nota-overlay\">\n<h3><\/h3>\n<\/div>\n<\/div>\n<\/section>\n<p>&nbsp;<\/p>\n<p>Al margen de las situaciones de Messi y Acu\u00f1a, lo cierto es que Scaloni\u00a0hab\u00eda anticipado que quer\u00eda ver a jugadores que no sumaron tantos minutos en los primeros compromisos. As\u00ed, no sorprendi\u00f3 demasiado ver como el entrenador\u00a0hablaba largo y tendido con Alejandro Garnacho, quien despu\u00e9s fue incluido entre los posibles titulares para el proximo partido.<\/p>\n<p>Lo cierto es que, a la hora de parar un once en la pr\u00e1ctica,\u00a0Garnacho se ubico en el ataque, mientras que Scaloni sorprendi\u00f3 tambi\u00e9n con\u00a0la presencia de Valent\u00edn Carboni como mediocampista, aunque su presencia no est\u00e1 asegurada.<\/p>\n<p>Es que el mediocampista por izquierda es en donde prob\u00f3 Scaloni y utiliz\u00f3 a mencionado\u00a0Carboni, Enzo Fern\u00e1ndez y Gio Lo Celso. Esta ser\u00eda la \u00fanica duda en el equipo.<\/p>\n<p>En la defensa,\u00a0la ausencia de Acu\u00f1a mantuvo a Nicol\u00e1s Tagliafico\u00a0en el equipo que Scaloni prob\u00f3 en el entrenamiento, mientras que\u00a0Germ\u00e1n Pezzella y Nicol\u00e1s Otamendi\u00a0se pararon como centrales, acompa\u00f1ados de\u00a0Gonzalo Montiel. En el mediocampo,\u00a0Exequiel Palacios y Leandro Paredes\u00a0tendr\u00edan sus lugares asegurados.<\/p>\n<p>Finalmente,\u00a0<b>adem\u00e1s de Garnacho, \u00c1ngel Di Mar\u00eda y Lautaro Mart\u00ednez<\/b>\u00a0integrar\u00edan el frente de ataque para el partido de este s\u00e1bado, en el Hard Rock Stadium de Miami.<\/p>\n<section class=\"fluidMedia\">\n<div id=\"video-genoa-735619\" class=\"player-nota-wrapper genoa-async lazycontainer\" data-contentid=\"1640657\" data-share=\"https:\/\/www.tycsports.com\/seleccion-argentina\/seleccion-argentina-equipo-alternativo-scaloni-jugar-peru-copa-america-id592600.html\">\n<div class=\"player-nota-overlay\"><\/div>\n<\/div>\n<\/section>\n<div class=\"watchto-wrap\">\n<div class=\"watchto\"><a class=\"imgwrap\" title=\"Germ\u00e1n Pezzella evit\u00f3 hablar de su posible vuelta a River en la Copa Am\u00e9rica 2024\" href=\"https:\/\/www.tycsports.com\/river-plate\/german-pezzella-evito-hablar-de-su-posible-vuelta-a-river-en-la-copa-america-2024-id593174.html\"><picture><source srcset=\"https:\/\/media.tycsports.com\/files\/2024\/06\/28\/735566\/german-pezzella-argentina_267x150.webp?v=1\" media=\"(min-width: 721px)\" \/><source srcset=\"https:\/\/media.tycsports.com\/files\/2024\/06\/28\/735566\/german-pezzella-argentina_267x356.webp?v=1\" media=\"(max-width: 721px)\" \/><img decoding=\"async\" src=\"https:\/\/media.tycsports.com\/files\/2024\/06\/28\/735566\/german-pezzella-argentina_267x150.webp?v=1\" alt=\"Foto: Germ\u00e1n Pezzella evit\u00f3 hablar de su posible vuelta a River en la Copa Am\u00e9rica 2024\" data-src=\"https:\/\/media.tycsports.com\/files\/2024\/06\/28\/735566\/german-pezzella-argentina_267x150.webp?v=1\" \/><\/picture><\/a><\/p>\n<div class=\"watchto-text\">\n<h2><\/h2>\n<\/div>\n<\/div>\n<\/div>\n<p>&nbsp;<\/p>\n<h2>La probable formaci\u00f3n de la Selecci\u00f3n Argentina ante Chile<\/h2>\n<p>Emiliano Mart\u00ednez; Gonzalo Montiel, Germ\u00e1n Pezzella, Nicol\u00e1s Otamendi, Nicol\u00e1s Tagliafico; Exequiel Palacios, Leandro Paredes, Valent\u00edn Carboni o Enzo Fern\u00e1ndez o Gio Lo Celso; \u00c1ngel Di Mar\u00eda, Lautaro Mart\u00ednez y Alejandro Garnacho .<b>\u00a0DT:<\/b> Lionel Scaloni. Fuente Tyc Sports<\/p>\n<p>&nbsp;<\/p>\n<p style=\"text-align: center;\"><img loading=\"lazy\" decoding=\"async\" class=\"alignnone size-medium wp-image-11004\" src=\"https:\/\/www.sportchaco.com.ar\/wp-content\/uploads\/2024\/06\/Mosquitos-1-300x300.jpg\" alt=\"\" width=\"300\" height=\"300\" srcset=\"https:\/\/www.sportchaco.com.ar\/wp-content\/uploads\/2024\/06\/Mosquitos-1-300x300.jpg 300w, https:\/\/www.sportchaco.com.ar\/wp-content\/uploads\/2024\/06\/Mosquitos-1-1024x1024.jpg 1024w, https:\/\/www.sportchaco.com.ar\/wp-content\/uploads\/2024\/06\/Mosquitos-1-150x150.jpg 150w, https:\/\/www.sportchaco.com.ar\/wp-content\/uploads\/2024\/06\/Mosquitos-1-768x768.jpg 768w, https:\/\/www.sportchaco.com.ar\/wp-content\/uploads\/2024\/06\/Mosquitos-1.jpg 1440w\" sizes=\"auto, (max-width: 300px) 100vw, 300px\" \/><\/p>\n","protected":false},"excerpt":{"rendered":"<p>28\/06\/2024 Con Messi y Acu\u00f1a diferenciados, el combinado nacional realiz\u00f3 su \u00faltima pr\u00e1ctica antes del partido ante Per\u00fa y Scaloni parece tener una sola duda: el mediocampista por la izquierda. &nbsp; La \u00faltima pr\u00e1ctica de Argentina antes del partido ante Per\u00fa (@Argentina) La Selecci\u00f3n Argentina tuvo otra jornada de entrenamientos en el Predio de la &hellip;<\/p>\n","protected":false},"author":2,"featured_media":11018,"comment_status":"open","ping_status":"open","sticky":false,"template":"","format":"standard","meta":{"footnotes":""},"categories":[6],"tags":[],"class_list":["post-11017","post","type-post","status-publish","format-standard","has-post-thumbnail","hentry","category-internacionales"],"_links":{"self":[{"href":"https:\/\/www.sportchaco.com.ar\/index.php?rest_route=\/wp\/v2\/posts\/11017","targetHints":{"allow":["GET"]}}],"collection":[{"href":"https:\/\/www.sportchaco.com.ar\/index.php?rest_route=\/wp\/v2\/posts"}],"about":[{"href":"https:\/\/www.sportchaco.com.ar\/index.php?rest_route=\/wp\/v2\/types\/post"}],"author":[{"embeddable":true,"href":"https:\/\/www.sportchaco.com.ar\/index.php?rest_route=\/wp\/v2\/users\/2"}],"replies":[{"embeddable":true,"href":"https:\/\/www.sportchaco.com.ar\/index.php?rest_route=%2Fwp%2Fv2%2Fcomments&post=11017"}],"version-history":[{"count":1,"href":"https:\/\/www.sportchaco.com.ar\/index.php?rest_route=\/wp\/v2\/posts\/11017\/revisions"}],"predecessor-version":[{"id":11019,"href":"https:\/\/www.sportchaco.com.ar\/index.php?rest_route=\/wp\/v2\/posts\/11017\/revisions\/11019"}],"wp:featuredmedia":[{"embeddable":true,"href":"https:\/\/www.sportchaco.com.ar\/index.php?rest_route=\/wp\/v2\/media\/11018"}],"wp:attachment":[{"href":"https:\/\/www.sportchaco.com.ar\/index.php?rest_route=%2Fwp%2Fv2%2Fmedia&parent=11017"}],"wp:term":[{"taxonomy":"category","embeddable":true,"href":"https:\/\/www.sportchaco.com.ar\/index.php?rest_route=%2Fwp%2Fv2%2Fcategories&post=11017"},{"taxonomy":"post_tag","embeddable":true,"href":"https:\/\/www.sportchaco.com.ar\/index.php?rest_route=%2Fwp%2Fv2%2Ftags&post=11017"}],"curies":[{"name":"wp","href":"https:\/\/api.w.org\/{rel}","templated":true}]}}