{"id":11117,"date":"2024-07-01T23:08:24","date_gmt":"2024-07-02T02:08:24","guid":{"rendered":"https:\/\/www.sportchaco.com.ar\/?p=11117"},"modified":"2024-07-01T23:09:14","modified_gmt":"2024-07-02T02:09:14","slug":"11117","status":"publish","type":"post","link":"https:\/\/www.sportchaco.com.ar\/?p=11117","title":{"rendered":"Efem\u00e9rides del 2 de julio"},"content":{"rendered":"<p><strong>Esta es la Efem\u00e9rides del Deporte en el Chaco de un 2 de julio del periodista Luis Dar\u00edo Molodezky.<\/strong><\/p>\n<p>&nbsp;<\/p>\n<p><img loading=\"lazy\" decoding=\"async\" class=\"alignnone size-medium wp-image-11013\" src=\"https:\/\/www.sportchaco.com.ar\/wp-content\/uploads\/2024\/06\/Molodezky-Luis-11-05-24-1-300x225.jpg\" alt=\"\" width=\"300\" height=\"225\" srcset=\"https:\/\/www.sportchaco.com.ar\/wp-content\/uploads\/2024\/06\/Molodezky-Luis-11-05-24-1-300x225.jpg 300w, https:\/\/www.sportchaco.com.ar\/wp-content\/uploads\/2024\/06\/Molodezky-Luis-11-05-24-1-1024x768.jpg 1024w, https:\/\/www.sportchaco.com.ar\/wp-content\/uploads\/2024\/06\/Molodezky-Luis-11-05-24-1-768x576.jpg 768w, https:\/\/www.sportchaco.com.ar\/wp-content\/uploads\/2024\/06\/Molodezky-Luis-11-05-24-1-1536x1153.jpg 1536w, https:\/\/www.sportchaco.com.ar\/wp-content\/uploads\/2024\/06\/Molodezky-Luis-11-05-24-1.jpg 1599w\" sizes=\"auto, (max-width: 300px) 100vw, 300px\" \/><\/p>\n<p>&nbsp;<\/p>\n<p><strong>1923 <\/strong>\/ Nace Rodolfo Moreno. Debut\u00f3 en la primera divisi\u00f3n del Club Regional a los 17 a\u00f1os, integr\u00f3 el seleccionado chaque\u00f1o por diez a\u00f1os consecutivos, y su logro m\u00e1s importante fue el triunfo sobre San Juan, en cancha de River Plate. Jug\u00f3 siempre con la casaca N\u00ba 6 en la espalda y fue por largo tiempo el Gran Capit\u00e1n de Regional. Abandon\u00f3 la actividad a los 31 a\u00f1os, dedic\u00e1ndose por corto tiempo a la direcci\u00f3n t\u00e9cnica, donde s\u00f3lo dirigi\u00f3 a su club y a la Liga Chaque\u00f1a de F\u00fatbol.<\/p>\n<p><strong>1946 \/ <\/strong>Nace el periodista Jorge Alberto Vi\u00f1uela. Fue secretario general del Sindicato de Prensa del Chaco durante dos per\u00edodos, al recuperarse el gremio tras la dictadura militar 1976-1983. Fue jefe de deportes del diario El Territorio y luego del diario Crisol y su \u00faltimo trabajo en diarios locales fue en Norte. \u00a0Falleci\u00f3 el 21 de agosto de 2011<strong>, <\/strong>mientras se desempe\u00f1aba en la<strong> A<\/strong>gencia T\u00e9lam donde lleg\u00f3 a \u00a0jefe editor de Resistencia, cargo que ten\u00eda al momento de fallecer y mientras iniciaba los tr\u00e1mites de jubilaci\u00f3n, al cumplir los 65 a\u00f1os. Fue deportista e integr\u00f3 por varias temporadas el equipo de B\u00e1squet de V\u00e9lez Sarsfield &#8211; Libertad.<\/p>\n<p><strong>1979 <\/strong>\/ Segunda presentaci\u00f3n de Partiz\u00e1n de Yugoeslavia en tierras chaque\u00f1as. En Villa \u00c1ngela derrota ajustadamente a Uni\u00f3n Progresista por 87 a 85. En el equipo chaque\u00f1o jugaron Jorge y Carlos Lobera, Mancebo, Salinas, Bonfanti; Guti\u00e9rrez, J. Fern\u00e1ndez, Milovich, Martin y Lipsich. DT: Eduardo Flores.<\/p>\n<p><strong>2009 <\/strong>\/ Fallece Od\u00f3n P\u00e9rez a los 83 a\u00f1os, quien tuviera una dilatada trayectoria como \u00e1rbitro primero y director de la Escuela de \u00c1rbitros despu\u00e9s, de donde salieron destacadas figuras del referato que trascendieron las fronteras del Chaco.<\/p>\n<p style=\"text-align: center;\"><img loading=\"lazy\" decoding=\"async\" class=\"alignnone size-medium wp-image-11094\" src=\"https:\/\/www.sportchaco.com.ar\/wp-content\/uploads\/2024\/07\/Mosquitos-1-300x300.jpg\" alt=\"\" width=\"300\" height=\"300\" srcset=\"https:\/\/www.sportchaco.com.ar\/wp-content\/uploads\/2024\/07\/Mosquitos-1-300x300.jpg 300w, https:\/\/www.sportchaco.com.ar\/wp-content\/uploads\/2024\/07\/Mosquitos-1-1024x1024.jpg 1024w, https:\/\/www.sportchaco.com.ar\/wp-content\/uploads\/2024\/07\/Mosquitos-1-150x150.jpg 150w, https:\/\/www.sportchaco.com.ar\/wp-content\/uploads\/2024\/07\/Mosquitos-1-768x768.jpg 768w, https:\/\/www.sportchaco.com.ar\/wp-content\/uploads\/2024\/07\/Mosquitos-1.jpg 1440w\" sizes=\"auto, (max-width: 300px) 100vw, 300px\" \/><\/p>\n<p><strong>Foto portada de Od\u00f3n P\u00e9rez, director de la Escuela de \u00c1rbitros entregando un premio a Eugenio Ram\u00edrez<\/strong><\/p>\n","protected":false},"excerpt":{"rendered":"<p>Esta es la Efem\u00e9rides del Deporte en el Chaco de un 2 de julio del periodista Luis Dar\u00edo Molodezky. &nbsp; &nbsp; 1923 \/ Nace Rodolfo Moreno. Debut\u00f3 en la primera divisi\u00f3n del Club Regional a los 17 a\u00f1os, integr\u00f3 el seleccionado chaque\u00f1o por diez a\u00f1os consecutivos, y su logro m\u00e1s importante fue el triunfo sobre &hellip;<\/p>\n","protected":false},"author":2,"featured_media":11119,"comment_status":"open","ping_status":"open","sticky":false,"template":"","format":"standard","meta":{"footnotes":""},"categories":[45,36],"tags":[],"class_list":["post-11117","post","type-post","status-publish","format-standard","has-post-thumbnail","hentry","category-efemerides-dia-por-dia","category-junio"],"_links":{"self":[{"href":"https:\/\/www.sportchaco.com.ar\/index.php?rest_route=\/wp\/v2\/posts\/11117","targetHints":{"allow":["GET"]}}],"collection":[{"href":"https:\/\/www.sportchaco.com.ar\/index.php?rest_route=\/wp\/v2\/posts"}],"about":[{"href":"https:\/\/www.sportchaco.com.ar\/index.php?rest_route=\/wp\/v2\/types\/post"}],"author":[{"embeddable":true,"href":"https:\/\/www.sportchaco.com.ar\/index.php?rest_route=\/wp\/v2\/users\/2"}],"replies":[{"embeddable":true,"href":"https:\/\/www.sportchaco.com.ar\/index.php?rest_route=%2Fwp%2Fv2%2Fcomments&post=11117"}],"version-history":[{"count":3,"href":"https:\/\/www.sportchaco.com.ar\/index.php?rest_route=\/wp\/v2\/posts\/11117\/revisions"}],"predecessor-version":[{"id":11122,"href":"https:\/\/www.sportchaco.com.ar\/index.php?rest_route=\/wp\/v2\/posts\/11117\/revisions\/11122"}],"wp:featuredmedia":[{"embeddable":true,"href":"https:\/\/www.sportchaco.com.ar\/index.php?rest_route=\/wp\/v2\/media\/11119"}],"wp:attachment":[{"href":"https:\/\/www.sportchaco.com.ar\/index.php?rest_route=%2Fwp%2Fv2%2Fmedia&parent=11117"}],"wp:term":[{"taxonomy":"category","embeddable":true,"href":"https:\/\/www.sportchaco.com.ar\/index.php?rest_route=%2Fwp%2Fv2%2Fcategories&post=11117"},{"taxonomy":"post_tag","embeddable":true,"href":"https:\/\/www.sportchaco.com.ar\/index.php?rest_route=%2Fwp%2Fv2%2Ftags&post=11117"}],"curies":[{"name":"wp","href":"https:\/\/api.w.org\/{rel}","templated":true}]}}