{"id":11127,"date":"2024-07-01T23:22:25","date_gmt":"2024-07-02T02:22:25","guid":{"rendered":"https:\/\/www.sportchaco.com.ar\/?p=11127"},"modified":"2024-07-01T23:22:25","modified_gmt":"2024-07-02T02:22:25","slug":"san-lorenzo-rechazo-la-oferta-de-river-por-bareiro","status":"publish","type":"post","link":"https:\/\/www.sportchaco.com.ar\/?p=11127","title":{"rendered":"San Lorenzo rechaz\u00f3 la oferta de River por Bareiro"},"content":{"rendered":"<div class=\"nota__heading\">\n<h1 class=\"nota__heading__title\"><\/h1>\n<p class=\"nota__heading__subtitle\">El Millonario deber\u00e1 elevar el n\u00famero si quiere contar con los servicios del delantero paraguayo.<\/p>\n<div class=\"nota__heading__author\">\n<p>&nbsp;<\/p>\n<\/div>\n<\/div>\n<div class=\"nota__main-media\">\n<div class=\"nota__image\"><img decoding=\"async\" src=\"https:\/\/www.elgrafico.com.ar\/media\/cache\/pub_news_details_large\/media\/i\/de\/65\/de658bdf0cda7b936dec194cef936a2916b3b284.jpg\" \/><\/div>\n<div class=\"nota__main-media__legend\"><\/div>\n<\/div>\n<div class=\"nota__body\">\n<div class=\"container\">\n<div class=\"row\">\n<div class=\"eg-grid eg-grid--content\">\n<div class=\"eg-cell__1-1\">\n<div class=\"col-xs-24 col-sm-4 eg-social eg-social--vert\">\n<div class=\"addthis_sharing_toolbox nota_body_social\"><\/div>\n<\/div>\n<\/div>\n<div class=\"eg-cell__2-1\">\n<p><span style=\"color: #000000;\"><a style=\"color: #000000;\" href=\"https:\/\/www.elgrafico.com.ar\/etiqueta\/river\" target=\"_blank\" rel=\"noopener\">RIVER<\/a>\u00a0busca cerrar la llegada de\u00a0<a style=\"color: #000000;\" href=\"https:\/\/www.elgrafico.com.ar\/etiqueta\/Adam%20Bareiro\" target=\"_blank\" rel=\"noopener\">Adam Bareiro<\/a>pero la primera oferta que present\u00f3 el club de N\u00fa\u00f1ez fue rechazada por\u00a0<a style=\"color: #000000;\" href=\"https:\/\/www.elgrafico.com.ar\/etiqueta\/san%20lorenzo\" target=\"_blank\" rel=\"noopener\">San Lorenzo<\/a>.<\/span><\/p>\n<div id=\"embi_elgrafico_30\"><\/div>\n<p>El Cicl\u00f3n\u00a0pretende seis millones de d\u00f3lares\u00a0brutos y en un \u00fanico pago por el delantero paraguayo, capit\u00e1n del equipo que comanda Leandro Romagnoli.<\/p>\n<p>&nbsp;<\/p>\n<p>El Pipi sabe que igualmente Bareiro es una figurita que seduce en el mercado y ya piensa en su reemplazante para el segundo semestre, en el que tendr\u00e1 la Liga Profesional, la Copa Argentina y el choque ante Atl\u00e9tico Mineiro por los octavos de final de la Conmebol Libertadores.<\/p>\n<p>Romagnoli solicit\u00f3 el regreso de Andr\u00e9s Vombergar, debido a que lo de Milton Gim\u00e9nez se enfri\u00f3 con el correr de los d\u00edas. El otro regreso con el que sue\u00f1an en San Lorenzo es el de Adolfo Gaich.<\/p>\n<p>Adam Bareiro est\u00e1 disputando la Copa Am\u00e9rica con Paraguay, aunque la Albirroja ya qued\u00f3 eliminada y solo le resta el choque ante Costa Rica para cumplir con el calendario.<\/p>\n<p>River comenz\u00f3 su pretemporada este lunes y afrontar\u00e1 una serie de amistosos en el Monumenta lantes del reinicio de la temporada.<\/p>\n<p>San Lorenzo, por su parte, viaj\u00f3 a Uruguay y disputar\u00e1 una serie de encuentros de prepaci\u00f3n en el marco de la Serie R\u00edo de La Plata.<\/p>\n<\/div>\n<p><img loading=\"lazy\" decoding=\"async\" class=\"alignnone size-medium wp-image-11128\" src=\"https:\/\/www.sportchaco.com.ar\/wp-content\/uploads\/2024\/07\/Barerio-paragol-300x300.jpg\" alt=\"\" width=\"300\" height=\"300\" srcset=\"https:\/\/www.sportchaco.com.ar\/wp-content\/uploads\/2024\/07\/Barerio-paragol-300x300.jpg 300w, https:\/\/www.sportchaco.com.ar\/wp-content\/uploads\/2024\/07\/Barerio-paragol-150x150.jpg 150w, https:\/\/www.sportchaco.com.ar\/wp-content\/uploads\/2024\/07\/Barerio-paragol.jpg 526w\" sizes=\"auto, (max-width: 300px) 100vw, 300px\" \/><\/p>\n<\/div>\n<\/div>\n<\/div>\n<\/div>\n","protected":false},"excerpt":{"rendered":"<p>El Millonario deber\u00e1 elevar el n\u00famero si quiere contar con los servicios del delantero paraguayo. &nbsp; RIVER\u00a0busca cerrar la llegada de\u00a0Adam Bareiropero la primera oferta que present\u00f3 el club de N\u00fa\u00f1ez fue rechazada por\u00a0San Lorenzo. El Cicl\u00f3n\u00a0pretende seis millones de d\u00f3lares\u00a0brutos y en un \u00fanico pago por el delantero paraguayo, capit\u00e1n del equipo que comanda &hellip;<\/p>\n","protected":false},"author":2,"featured_media":11128,"comment_status":"open","ping_status":"open","sticky":false,"template":"","format":"standard","meta":{"footnotes":""},"categories":[47],"tags":[],"class_list":["post-11127","post","type-post","status-publish","format-standard","has-post-thumbnail","hentry","category-nacionales"],"_links":{"self":[{"href":"https:\/\/www.sportchaco.com.ar\/index.php?rest_route=\/wp\/v2\/posts\/11127","targetHints":{"allow":["GET"]}}],"collection":[{"href":"https:\/\/www.sportchaco.com.ar\/index.php?rest_route=\/wp\/v2\/posts"}],"about":[{"href":"https:\/\/www.sportchaco.com.ar\/index.php?rest_route=\/wp\/v2\/types\/post"}],"author":[{"embeddable":true,"href":"https:\/\/www.sportchaco.com.ar\/index.php?rest_route=\/wp\/v2\/users\/2"}],"replies":[{"embeddable":true,"href":"https:\/\/www.sportchaco.com.ar\/index.php?rest_route=%2Fwp%2Fv2%2Fcomments&post=11127"}],"version-history":[{"count":1,"href":"https:\/\/www.sportchaco.com.ar\/index.php?rest_route=\/wp\/v2\/posts\/11127\/revisions"}],"predecessor-version":[{"id":11129,"href":"https:\/\/www.sportchaco.com.ar\/index.php?rest_route=\/wp\/v2\/posts\/11127\/revisions\/11129"}],"wp:featuredmedia":[{"embeddable":true,"href":"https:\/\/www.sportchaco.com.ar\/index.php?rest_route=\/wp\/v2\/media\/11128"}],"wp:attachment":[{"href":"https:\/\/www.sportchaco.com.ar\/index.php?rest_route=%2Fwp%2Fv2%2Fmedia&parent=11127"}],"wp:term":[{"taxonomy":"category","embeddable":true,"href":"https:\/\/www.sportchaco.com.ar\/index.php?rest_route=%2Fwp%2Fv2%2Fcategories&post=11127"},{"taxonomy":"post_tag","embeddable":true,"href":"https:\/\/www.sportchaco.com.ar\/index.php?rest_route=%2Fwp%2Fv2%2Ftags&post=11127"}],"curies":[{"name":"wp","href":"https:\/\/api.w.org\/{rel}","templated":true}]}}