{"id":11142,"date":"2024-07-02T19:55:20","date_gmt":"2024-07-02T22:55:20","guid":{"rendered":"https:\/\/www.sportchaco.com.ar\/?p=11142"},"modified":"2024-07-02T19:55:20","modified_gmt":"2024-07-02T22:55:20","slug":"echeverri-sera-el-primer-chaqueno-en-el-futbol-olimpico","status":"publish","type":"post","link":"https:\/\/www.sportchaco.com.ar\/?p=11142","title":{"rendered":"Echeverri, ser\u00e1 el primer chaque\u00f1o en el f\u00fatbol ol\u00edmpico"},"content":{"rendered":"<p><strong>02-07-2024<\/strong><\/p>\n<p><img loading=\"lazy\" decoding=\"async\" class=\" wp-image-9468 aligncenter\" src=\"https:\/\/www.sportchaco.com.ar\/wp-content\/uploads\/2024\/05\/Nachec-728x90-2-300x37.gif\" alt=\"\" width=\"332\" height=\"41\" \/><\/p>\n<p>El chaque\u00f1o Claudio Echeverri fue convocado para la Selecci\u00f3n Argentina de f\u00fatbol que competir\u00e1 en los Juegos Ol\u00edmpicos de Par\u00eds, Francia ahora del 26 de julio hasta el pr\u00f3ximo 11 de agosto.<\/p>\n<p>El oriundo de Resistencia fue uno de los confirmados por Javier Mascherano. El jugador de River Plate se convertir\u00e1 en el primer chaque\u00f1o en la historia en integrar un plantel ol\u00edmpico de f\u00fatbol.<\/p>\n<p>Argentina es uno de los candidatos a conseguir la medalla de Oro tal como lo ha conseguido tanto enAtenas 2004\u00a0y\u00a0Pek\u00edn 2008.<\/p>\n<p>Si bien el deporte chaque\u00f1o ya ha tenido atletas en otras disciplinas ol\u00edmpicas, en f\u00fatbol el primero ser\u00e1 el \u00abdiablito\u00bb que integra el plantel de 18 jugadores citados.<\/p>\n<p>Cabe recordar que el joven de tan solo 18 a\u00f1os ya disput\u00f3 el Mundial sub17 y el Sudamericano sub23 con la Selecci\u00f3n Argentina.<\/p>\n<p>Echeverri, estuvo el \u00faltimo fin de semana en su ciudad natal donde asisti\u00f3 a la inauguraci\u00f3n del estadio de Deportivo Luj\u00e1n, club que lo vio nacer y que lleva su nombre. Luego emprendi\u00f3 el regreso a Buenos Aires donde se sum\u00f3 a los entrenamientos de River Plate.<\/p>\n<p><img loading=\"lazy\" decoding=\"async\" class=\"size-medium wp-image-11094 aligncenter\" src=\"https:\/\/www.sportchaco.com.ar\/wp-content\/uploads\/2024\/07\/Mosquitos-1-300x300.jpg\" alt=\"\" width=\"300\" height=\"300\" srcset=\"https:\/\/www.sportchaco.com.ar\/wp-content\/uploads\/2024\/07\/Mosquitos-1-300x300.jpg 300w, https:\/\/www.sportchaco.com.ar\/wp-content\/uploads\/2024\/07\/Mosquitos-1-1024x1024.jpg 1024w, https:\/\/www.sportchaco.com.ar\/wp-content\/uploads\/2024\/07\/Mosquitos-1-150x150.jpg 150w, https:\/\/www.sportchaco.com.ar\/wp-content\/uploads\/2024\/07\/Mosquitos-1-768x768.jpg 768w, https:\/\/www.sportchaco.com.ar\/wp-content\/uploads\/2024\/07\/Mosquitos-1.jpg 1440w\" sizes=\"auto, (max-width: 300px) 100vw, 300px\" \/><\/p>\n","protected":false},"excerpt":{"rendered":"<p>02-07-2024 El chaque\u00f1o Claudio Echeverri fue convocado para la Selecci\u00f3n Argentina de f\u00fatbol que competir\u00e1 en los Juegos Ol\u00edmpicos de Par\u00eds, Francia ahora del 26 de julio hasta el pr\u00f3ximo 11 de agosto. El oriundo de Resistencia fue uno de los confirmados por Javier Mascherano. El jugador de River Plate se convertir\u00e1 en el primer &hellip;<\/p>\n","protected":false},"author":3,"featured_media":11143,"comment_status":"open","ping_status":"open","sticky":false,"template":"","format":"standard","meta":{"footnotes":""},"categories":[5],"tags":[],"class_list":["post-11142","post","type-post","status-publish","format-standard","has-post-thumbnail","hentry","category-futbol"],"_links":{"self":[{"href":"https:\/\/www.sportchaco.com.ar\/index.php?rest_route=\/wp\/v2\/posts\/11142","targetHints":{"allow":["GET"]}}],"collection":[{"href":"https:\/\/www.sportchaco.com.ar\/index.php?rest_route=\/wp\/v2\/posts"}],"about":[{"href":"https:\/\/www.sportchaco.com.ar\/index.php?rest_route=\/wp\/v2\/types\/post"}],"author":[{"embeddable":true,"href":"https:\/\/www.sportchaco.com.ar\/index.php?rest_route=\/wp\/v2\/users\/3"}],"replies":[{"embeddable":true,"href":"https:\/\/www.sportchaco.com.ar\/index.php?rest_route=%2Fwp%2Fv2%2Fcomments&post=11142"}],"version-history":[{"count":1,"href":"https:\/\/www.sportchaco.com.ar\/index.php?rest_route=\/wp\/v2\/posts\/11142\/revisions"}],"predecessor-version":[{"id":11144,"href":"https:\/\/www.sportchaco.com.ar\/index.php?rest_route=\/wp\/v2\/posts\/11142\/revisions\/11144"}],"wp:featuredmedia":[{"embeddable":true,"href":"https:\/\/www.sportchaco.com.ar\/index.php?rest_route=\/wp\/v2\/media\/11143"}],"wp:attachment":[{"href":"https:\/\/www.sportchaco.com.ar\/index.php?rest_route=%2Fwp%2Fv2%2Fmedia&parent=11142"}],"wp:term":[{"taxonomy":"category","embeddable":true,"href":"https:\/\/www.sportchaco.com.ar\/index.php?rest_route=%2Fwp%2Fv2%2Fcategories&post=11142"},{"taxonomy":"post_tag","embeddable":true,"href":"https:\/\/www.sportchaco.com.ar\/index.php?rest_route=%2Fwp%2Fv2%2Ftags&post=11142"}],"curies":[{"name":"wp","href":"https:\/\/api.w.org\/{rel}","templated":true}]}}