{"id":11157,"date":"2024-07-03T12:40:46","date_gmt":"2024-07-03T15:40:46","guid":{"rendered":"https:\/\/www.sportchaco.com.ar\/?p=11157"},"modified":"2024-07-03T12:40:46","modified_gmt":"2024-07-03T15:40:46","slug":"genaro-rossi-se-fue-de-for-ever","status":"publish","type":"post","link":"https:\/\/www.sportchaco.com.ar\/?p=11157","title":{"rendered":"Genaro Rossi se fue de For Ever"},"content":{"rendered":"<p><strong>03-07-2024<\/strong><\/p>\n<p><img loading=\"lazy\" decoding=\"async\" class=\" wp-image-9468 aligncenter\" src=\"https:\/\/www.sportchaco.com.ar\/wp-content\/uploads\/2024\/05\/Nachec-728x90-2-300x37.gif\" alt=\"\" width=\"365\" height=\"45\" \/><\/p>\n<p>El delantero rosarino Genaro Rossi se desvincul\u00f3 en las \u00faltimas horas de For Ever y se sumar\u00e1 a Col\u00f3n de Santa Fe para continuar jugando en la Primera Nacional.<\/p>\n<p>A trav\u00e9s de su representante y el club due\u00f1o de su pase, Newell&#8217;s Old Boy de Rosario, Rossi gestion\u00f3 la salida de la instituci\u00f3n chaque\u00f1a en la apertura del libro de pases de mediado de a\u00f1o.<\/p>\n<p>El delantero estuvo desde principio de temporada y fue titular en 14 encuentros donde marc\u00f3 dos goles con la camiseta \u00abalbinegra\u00bb.<\/p>\n<p>Adem\u00e1s, Col\u00f3n tambi\u00e9n pregunt\u00f3 por las condiciones de los jugadores Gast\u00f3n Novero y Brian Nievas. Tambi\u00e9n Atl\u00e9tico de Rafaela sonde\u00f3 a David Valdez.<\/p>\n<p>El libro de pases cerrar\u00e1 este jueves a las 20 horas y el club chaque\u00f1o estar\u00e1 atento a que ocurra con estos jugadores. Cabe recordar que For Ever ya utiliz\u00f3 los cuatro cupos de incorporaci\u00f3n tras haber sumado a Luciano Lapetina, Luciano Paz, Alan Ortiz y M\u00e1ximo Pereira.<\/p>\n<p><img loading=\"lazy\" decoding=\"async\" class=\"size-medium wp-image-10833 aligncenter\" src=\"https:\/\/www.sportchaco.com.ar\/wp-content\/uploads\/2024\/06\/gobierno-del-Chaco-300x297.jpg\" alt=\"\" width=\"300\" height=\"297\" srcset=\"https:\/\/www.sportchaco.com.ar\/wp-content\/uploads\/2024\/06\/gobierno-del-Chaco-300x297.jpg 300w, https:\/\/www.sportchaco.com.ar\/wp-content\/uploads\/2024\/06\/gobierno-del-Chaco-150x150.jpg 150w, https:\/\/www.sportchaco.com.ar\/wp-content\/uploads\/2024\/06\/gobierno-del-Chaco.jpg 442w\" sizes=\"auto, (max-width: 300px) 100vw, 300px\" \/><\/p>\n","protected":false},"excerpt":{"rendered":"<p>03-07-2024 El delantero rosarino Genaro Rossi se desvincul\u00f3 en las \u00faltimas horas de For Ever y se sumar\u00e1 a Col\u00f3n de Santa Fe para continuar jugando en la Primera Nacional. A trav\u00e9s de su representante y el club due\u00f1o de su pase, Newell&#8217;s Old Boy de Rosario, Rossi gestion\u00f3 la salida de la instituci\u00f3n chaque\u00f1a &hellip;<\/p>\n","protected":false},"author":3,"featured_media":11158,"comment_status":"open","ping_status":"open","sticky":false,"template":"","format":"standard","meta":{"footnotes":""},"categories":[5],"tags":[],"class_list":["post-11157","post","type-post","status-publish","format-standard","has-post-thumbnail","hentry","category-futbol"],"_links":{"self":[{"href":"https:\/\/www.sportchaco.com.ar\/index.php?rest_route=\/wp\/v2\/posts\/11157","targetHints":{"allow":["GET"]}}],"collection":[{"href":"https:\/\/www.sportchaco.com.ar\/index.php?rest_route=\/wp\/v2\/posts"}],"about":[{"href":"https:\/\/www.sportchaco.com.ar\/index.php?rest_route=\/wp\/v2\/types\/post"}],"author":[{"embeddable":true,"href":"https:\/\/www.sportchaco.com.ar\/index.php?rest_route=\/wp\/v2\/users\/3"}],"replies":[{"embeddable":true,"href":"https:\/\/www.sportchaco.com.ar\/index.php?rest_route=%2Fwp%2Fv2%2Fcomments&post=11157"}],"version-history":[{"count":1,"href":"https:\/\/www.sportchaco.com.ar\/index.php?rest_route=\/wp\/v2\/posts\/11157\/revisions"}],"predecessor-version":[{"id":11159,"href":"https:\/\/www.sportchaco.com.ar\/index.php?rest_route=\/wp\/v2\/posts\/11157\/revisions\/11159"}],"wp:featuredmedia":[{"embeddable":true,"href":"https:\/\/www.sportchaco.com.ar\/index.php?rest_route=\/wp\/v2\/media\/11158"}],"wp:attachment":[{"href":"https:\/\/www.sportchaco.com.ar\/index.php?rest_route=%2Fwp%2Fv2%2Fmedia&parent=11157"}],"wp:term":[{"taxonomy":"category","embeddable":true,"href":"https:\/\/www.sportchaco.com.ar\/index.php?rest_route=%2Fwp%2Fv2%2Fcategories&post=11157"},{"taxonomy":"post_tag","embeddable":true,"href":"https:\/\/www.sportchaco.com.ar\/index.php?rest_route=%2Fwp%2Fv2%2Ftags&post=11157"}],"curies":[{"name":"wp","href":"https:\/\/api.w.org\/{rel}","templated":true}]}}