{"id":11160,"date":"2024-07-03T13:16:12","date_gmt":"2024-07-03T16:16:12","guid":{"rendered":"https:\/\/www.sportchaco.com.ar\/?p=11160"},"modified":"2024-08-13T18:48:05","modified_gmt":"2024-08-13T21:48:05","slug":"el-reclamo-de-matias-renz-fue-rechazado-por-el-consejo-federal","status":"publish","type":"post","link":"https:\/\/www.sportchaco.com.ar\/?p=11160","title":{"rendered":"El reclamo de Mat\u00edas Renz fue rechazado por el Consejo Federal"},"content":{"rendered":"<p><strong>03-07-2024<\/strong><\/p>\n<p><img loading=\"lazy\" decoding=\"async\" class=\" wp-image-7248 aligncenter\" src=\"https:\/\/www.sportchaco.com.ar\/wp-content\/uploads\/2024\/03\/aVISO-2-2-300x50.jpeg\" alt=\"\" width=\"348\" height=\"58\" srcset=\"https:\/\/www.sportchaco.com.ar\/wp-content\/uploads\/2024\/03\/aVISO-2-2-300x50.jpeg 300w, https:\/\/www.sportchaco.com.ar\/wp-content\/uploads\/2024\/03\/aVISO-2-2-1024x171.jpeg 1024w, https:\/\/www.sportchaco.com.ar\/wp-content\/uploads\/2024\/03\/aVISO-2-2-768x128.jpeg 768w, https:\/\/www.sportchaco.com.ar\/wp-content\/uploads\/2024\/03\/aVISO-2-2.jpeg 1200w\" sizes=\"auto, (max-width: 348px) 100vw, 348px\" \/><\/p>\n<p>El Consejo Federal de f\u00fatbol se expidi\u00f3 en las \u00faltimas horas con respecto al reclamo por mala inclusi\u00f3n de un jugador por parte del club Mat\u00edas Renz de Du Graty en un partido v\u00e1lido por el torneo Federativo que organiza la Federaci\u00f3n Chaque\u00f1a de F\u00fatbol.<\/p>\n<p>Luego de que la organizaci\u00f3n haya parado su torneo por la elevaci\u00f3n de este reclamo al Consejo Federal, el mismo decret\u00f3 el mismo fallo que hab\u00eda resuelto la Federaci\u00f3n en primera instancia.<\/p>\n<p><em>Por ello el Tribunal de Disciplina Deportiva del Interior,<\/em><br \/>\n<em>RESUELVE:<\/em><br \/>\n<em>1\u00b0) Rechazar el Recurso de Reconsideraci\u00f3n interpuesto por el Club<\/em><br \/>\n<em>Centro de Formaci\u00f3n Deportiva Claudio Mat\u00edas Renz, afiliado a la<\/em><br \/>\n<em>Asociaci\u00f3n de Futbol del Oeste Chaque\u00f1o, referente al fallo dictado por<\/em><br \/>\n<em>el Tribunal de Disciplina de la Federaci\u00f3n Chaque\u00f1a de F\u00fatbol, de fecha<\/em><br \/>\n<em>22 de Junio del corriente a\u00f1o, por no estar contemplada dicha v\u00eda<\/em><br \/>\n<em>recursiva en el Reglamento General del Consejo Federal del F\u00fatbol<\/em><br \/>\n<em>(Arts. 32, 33 R.T.P. y Art. 73 R.G.C.F.).<\/em><br \/>\n<em>2\u00b0) Destinar a la cuenta de gastos administrativos el importe depositado<\/em><br \/>\n<em>por el recurrente (Art. 73 del R.C.F.).-<\/em><br \/>\n<em>3\u00b0) Comun\u00edquese, publ\u00edquese y arch\u00edvese (Arts. 41, 42 y 43 del R.T.P.).-<\/em><\/p>\n<p>Con el fallo resulto, ahora la Federaci\u00f3n Chaque\u00f1a deber\u00e1 programar el partido de ida y de vuelta de la segunda fase entre los equipos de Potrero de Quitilipi y Avenida FC de Villa \u00c1ngela para reanudar la actividad de su campeonato.<\/p>\n<p><img loading=\"lazy\" decoding=\"async\" class=\"size-medium wp-image-9746 aligncenter\" src=\"https:\/\/www.sportchaco.com.ar\/wp-content\/uploads\/2024\/05\/Mosquitos-aviso-240x300.jpeg\" alt=\"\" width=\"240\" height=\"300\" srcset=\"https:\/\/www.sportchaco.com.ar\/wp-content\/uploads\/2024\/05\/Mosquitos-aviso-240x300.jpeg 240w, https:\/\/www.sportchaco.com.ar\/wp-content\/uploads\/2024\/05\/Mosquitos-aviso-819x1024.jpeg 819w, https:\/\/www.sportchaco.com.ar\/wp-content\/uploads\/2024\/05\/Mosquitos-aviso-768x960.jpeg 768w, https:\/\/www.sportchaco.com.ar\/wp-content\/uploads\/2024\/05\/Mosquitos-aviso.jpeg 1080w\" sizes=\"auto, (max-width: 240px) 100vw, 240px\" \/><\/p>\n","protected":false},"excerpt":{"rendered":"<p>03-07-2024 El Consejo Federal de f\u00fatbol se expidi\u00f3 en las \u00faltimas horas con respecto al reclamo por mala inclusi\u00f3n de un jugador por parte del club Mat\u00edas Renz de Du Graty en un partido v\u00e1lido por el torneo Federativo que organiza la Federaci\u00f3n Chaque\u00f1a de F\u00fatbol. Luego de que la organizaci\u00f3n haya parado su torneo &hellip;<\/p>\n","protected":false},"author":3,"featured_media":1386,"comment_status":"open","ping_status":"open","sticky":false,"template":"","format":"standard","meta":{"footnotes":""},"categories":[5],"tags":[],"class_list":["post-11160","post","type-post","status-publish","format-standard","has-post-thumbnail","hentry","category-futbol"],"_links":{"self":[{"href":"https:\/\/www.sportchaco.com.ar\/index.php?rest_route=\/wp\/v2\/posts\/11160","targetHints":{"allow":["GET"]}}],"collection":[{"href":"https:\/\/www.sportchaco.com.ar\/index.php?rest_route=\/wp\/v2\/posts"}],"about":[{"href":"https:\/\/www.sportchaco.com.ar\/index.php?rest_route=\/wp\/v2\/types\/post"}],"author":[{"embeddable":true,"href":"https:\/\/www.sportchaco.com.ar\/index.php?rest_route=\/wp\/v2\/users\/3"}],"replies":[{"embeddable":true,"href":"https:\/\/www.sportchaco.com.ar\/index.php?rest_route=%2Fwp%2Fv2%2Fcomments&post=11160"}],"version-history":[{"count":2,"href":"https:\/\/www.sportchaco.com.ar\/index.php?rest_route=\/wp\/v2\/posts\/11160\/revisions"}],"predecessor-version":[{"id":12378,"href":"https:\/\/www.sportchaco.com.ar\/index.php?rest_route=\/wp\/v2\/posts\/11160\/revisions\/12378"}],"wp:featuredmedia":[{"embeddable":true,"href":"https:\/\/www.sportchaco.com.ar\/index.php?rest_route=\/wp\/v2\/media\/1386"}],"wp:attachment":[{"href":"https:\/\/www.sportchaco.com.ar\/index.php?rest_route=%2Fwp%2Fv2%2Fmedia&parent=11160"}],"wp:term":[{"taxonomy":"category","embeddable":true,"href":"https:\/\/www.sportchaco.com.ar\/index.php?rest_route=%2Fwp%2Fv2%2Fcategories&post=11160"},{"taxonomy":"post_tag","embeddable":true,"href":"https:\/\/www.sportchaco.com.ar\/index.php?rest_route=%2Fwp%2Fv2%2Ftags&post=11160"}],"curies":[{"name":"wp","href":"https:\/\/api.w.org\/{rel}","templated":true}]}}