{"id":11203,"date":"2024-07-04T18:25:07","date_gmt":"2024-07-04T21:25:07","guid":{"rendered":"https:\/\/www.sportchaco.com.ar\/?p=11203"},"modified":"2024-07-04T18:25:07","modified_gmt":"2024-07-04T21:25:07","slug":"for-ever-con-cambios-para-recibir-a-nueva-chicago","status":"publish","type":"post","link":"https:\/\/www.sportchaco.com.ar\/?p=11203","title":{"rendered":"For Ever con cambios para recibir a Nueva Chicago"},"content":{"rendered":"<p><strong>04-07-2024<\/strong><\/p>\n<p><img loading=\"lazy\" decoding=\"async\" class=\"size-medium wp-image-7249 aligncenter\" src=\"https:\/\/www.sportchaco.com.ar\/wp-content\/uploads\/2024\/03\/aviso-Impulsamos-turismo-1-300x31.jpg\" alt=\"\" width=\"300\" height=\"31\" srcset=\"https:\/\/www.sportchaco.com.ar\/wp-content\/uploads\/2024\/03\/aviso-Impulsamos-turismo-1-300x31.jpg 300w, https:\/\/www.sportchaco.com.ar\/wp-content\/uploads\/2024\/03\/aviso-Impulsamos-turismo-1-1024x106.jpg 1024w, https:\/\/www.sportchaco.com.ar\/wp-content\/uploads\/2024\/03\/aviso-Impulsamos-turismo-1-768x79.jpg 768w, https:\/\/www.sportchaco.com.ar\/wp-content\/uploads\/2024\/03\/aviso-Impulsamos-turismo-1.jpg 1366w\" sizes=\"auto, (max-width: 300px) 100vw, 300px\" \/><\/p>\n<p>For Ever entren\u00f3 este jueves por la tarde en la cancha principal del \u00abJuan Alberto Garc\u00eda\u00bb.<\/p>\n<p>El DT, Ra\u00fal Valdez, ensay\u00f3 la pr\u00e1ctica de f\u00fatbol con variantes en el equipo que perdi\u00f3 ante Gimnasia de Mendoza la semana pasada.<\/p>\n<p>Cabe recordar que Gonzalo Ca\u00f1ete fue expulsado ante el \u00ablobo\u00bb mendocino y ya es baja para enfrentar al \u00abtorito\u00bb de Mataderos; su lugar ser\u00e1 ocupado por Gast\u00f3n Novero. Otro cambio que se practic\u00f3 fue el ingreso de Javier Iritier por Daniel Gonz\u00e1lez.<\/p>\n<p>El que el mi\u00e9rcoles prob\u00f3 con el equipo titular fue Milton Leyendeker luego de cumplir con su fecha de suspensi\u00f3n por tarjetas amarillas, pero a minutos de finalizar la misma el defensor sinti\u00f3 un pinchazo y es casi baja para el encuentro del domingo. Con lo cual Mathias Silvera continuar\u00eda en la zaga central.<\/p>\n<p>El \u00abalbinegro\u00bb volver\u00e1 a entrenar este viernes por la ma\u00f1ana en San Diego donde Valdez trabajar\u00e1 un t\u00e1ctico con el equipo que saldr\u00e1 ante Nueva Chicago.<\/p>\n<p><em><strong>Foto: Programa Offside<\/strong><\/em><\/p>\n<p><img loading=\"lazy\" decoding=\"async\" class=\"size-medium wp-image-9746 aligncenter\" src=\"https:\/\/www.sportchaco.com.ar\/wp-content\/uploads\/2024\/05\/Mosquitos-aviso-240x300.jpeg\" alt=\"\" width=\"240\" height=\"300\" srcset=\"https:\/\/www.sportchaco.com.ar\/wp-content\/uploads\/2024\/05\/Mosquitos-aviso-240x300.jpeg 240w, https:\/\/www.sportchaco.com.ar\/wp-content\/uploads\/2024\/05\/Mosquitos-aviso-819x1024.jpeg 819w, https:\/\/www.sportchaco.com.ar\/wp-content\/uploads\/2024\/05\/Mosquitos-aviso-768x960.jpeg 768w, https:\/\/www.sportchaco.com.ar\/wp-content\/uploads\/2024\/05\/Mosquitos-aviso.jpeg 1080w\" sizes=\"auto, (max-width: 240px) 100vw, 240px\" \/><\/p>\n","protected":false},"excerpt":{"rendered":"<p>04-07-2024 For Ever entren\u00f3 este jueves por la tarde en la cancha principal del \u00abJuan Alberto Garc\u00eda\u00bb. El DT, Ra\u00fal Valdez, ensay\u00f3 la pr\u00e1ctica de f\u00fatbol con variantes en el equipo que perdi\u00f3 ante Gimnasia de Mendoza la semana pasada. Cabe recordar que Gonzalo Ca\u00f1ete fue expulsado ante el \u00ablobo\u00bb mendocino y ya es baja &hellip;<\/p>\n","protected":false},"author":3,"featured_media":11205,"comment_status":"open","ping_status":"open","sticky":false,"template":"","format":"standard","meta":{"footnotes":""},"categories":[5],"tags":[],"class_list":["post-11203","post","type-post","status-publish","format-standard","has-post-thumbnail","hentry","category-futbol"],"_links":{"self":[{"href":"https:\/\/www.sportchaco.com.ar\/index.php?rest_route=\/wp\/v2\/posts\/11203","targetHints":{"allow":["GET"]}}],"collection":[{"href":"https:\/\/www.sportchaco.com.ar\/index.php?rest_route=\/wp\/v2\/posts"}],"about":[{"href":"https:\/\/www.sportchaco.com.ar\/index.php?rest_route=\/wp\/v2\/types\/post"}],"author":[{"embeddable":true,"href":"https:\/\/www.sportchaco.com.ar\/index.php?rest_route=\/wp\/v2\/users\/3"}],"replies":[{"embeddable":true,"href":"https:\/\/www.sportchaco.com.ar\/index.php?rest_route=%2Fwp%2Fv2%2Fcomments&post=11203"}],"version-history":[{"count":2,"href":"https:\/\/www.sportchaco.com.ar\/index.php?rest_route=\/wp\/v2\/posts\/11203\/revisions"}],"predecessor-version":[{"id":11206,"href":"https:\/\/www.sportchaco.com.ar\/index.php?rest_route=\/wp\/v2\/posts\/11203\/revisions\/11206"}],"wp:featuredmedia":[{"embeddable":true,"href":"https:\/\/www.sportchaco.com.ar\/index.php?rest_route=\/wp\/v2\/media\/11205"}],"wp:attachment":[{"href":"https:\/\/www.sportchaco.com.ar\/index.php?rest_route=%2Fwp%2Fv2%2Fmedia&parent=11203"}],"wp:term":[{"taxonomy":"category","embeddable":true,"href":"https:\/\/www.sportchaco.com.ar\/index.php?rest_route=%2Fwp%2Fv2%2Fcategories&post=11203"},{"taxonomy":"post_tag","embeddable":true,"href":"https:\/\/www.sportchaco.com.ar\/index.php?rest_route=%2Fwp%2Fv2%2Ftags&post=11203"}],"curies":[{"name":"wp","href":"https:\/\/api.w.org\/{rel}","templated":true}]}}